{"id":28342,"date":"2021-12-13T16:38:34","date_gmt":"2021-12-13T16:38:34","guid":{"rendered":"https:\/\/fram.is\/?p=28342"},"modified":"2021-12-14T09:32:44","modified_gmt":"2021-12-14T09:32:44","slug":"knattspyrnufelagid-fram-leita-ad-oflugum-starfsmanni-i-ithrottaskola-barna-2","status":"publish","type":"post","link":"https:\/\/fram.is\/is\/2021\/12\/13\/knattspyrnufelagid-fram-leita-ad-oflugum-starfsmanni-i-ithrottaskola-barna-2\/","title":{"rendered":"Knattspyrnuf\u00e9lagi\u00f0 Fram leita a\u00f0 \u00f6flugum starfsmanni \u00ed \u00ed\u00fer\u00f3ttask\u00f3la barna."},"content":{"rendered":"<div data-elementor-type=\"wp-post\" data-elementor-id=\"28342\" class=\"elementor elementor-28342\" data-elementor-post-type=\"post\">\n\t\t\t\t<section class=\"elementor-section elementor-top-section elementor-element elementor-element-c4ec087 elementor-section-boxed elementor-section-height-default elementor-section-height-default\" data-id=\"c4ec087\" data-element_type=\"section\">\n\t\t\t\t\t\t<div class=\"elementor-container elementor-column-gap-default\">\n\t\t\t\t\t<div class=\"elementor-column elementor-col-100 elementor-top-column elementor-element elementor-element-75b20b56\" data-id=\"75b20b56\" data-element_type=\"column\">\n\t\t\t<div class=\"elementor-widget-wrap elementor-element-populated\">\n\t\t\t\t\t\t<div class=\"elementor-element elementor-element-522343f elementor-widget elementor-widget-text-editor\" data-id=\"522343f\" data-element_type=\"widget\" data-widget_type=\"text-editor.default\">\n\t\t\t\t<div class=\"elementor-widget-container\"><p><img fetchpriority=\"high\" decoding=\"async\" class=\"size-medium wp-image-5381 alignright\" src=\"https:\/\/fram.is\/wp-content\/uploads\/2014\/01\/r\u00f3ttask\u00f3li-3-6-\u00e1ra-jan-2013.-300x200.jpg\" alt=\"\" width=\"300\" height=\"200\" srcset=\"https:\/\/fram.is\/wp-content\/uploads\/2014\/01\/r\u00f3ttask\u00f3li-3-6-\u00e1ra-jan-2013.-300x200.jpg 300w, https:\/\/fram.is\/wp-content\/uploads\/2014\/01\/r\u00f3ttask\u00f3li-3-6-\u00e1ra-jan-2013.-800x534.jpg 800w, https:\/\/fram.is\/wp-content\/uploads\/2014\/01\/r\u00f3ttask\u00f3li-3-6-\u00e1ra-jan-2013.-768x512.jpg 768w, https:\/\/fram.is\/wp-content\/uploads\/2014\/01\/r\u00f3ttask\u00f3li-3-6-\u00e1ra-jan-2013..jpg 1024w\" sizes=\"(max-width: 300px) 100vw, 300px\" \/>Knattspyrnuf\u00e9lagi\u00f0 FRAM leitar n\u00fa a\u00f0 \u00f6flugu f\u00f3lki til a\u00f0 taka a\u00f0 s\u00e9r umsj\u00f3n \u00ed\u00fer\u00f3ttask\u00f3la FRAM fr\u00e1 og me\u00f0 15. jan\u00faar. 2022.<\/p><p>\u00dea\u00f0 er mikill kostur a\u00f0 vi\u00f0komandi hafi reynslu af \u00ed\u00fer\u00f3ttastarfi og starfi me\u00f0 b\u00f6rnum. Einnig a\u00f0 vi\u00f0komandi hafi loki\u00f0 n\u00e1mi \u00ed \u00ed\u00fer\u00f3ttafr\u00e6\u00f0um e\u00f0a leggi stund \u00e1 sl\u00edkt n\u00e1m.<\/p><p>\u00c1hugasamir eru hvattir til a\u00f0 hafa samband vi\u00f0 \u00de\u00f3r \u00ed\u00fer\u00f3ttastj\u00f3ra (<a href=\"mailto:toti@fram.is\">toti@fram.is<\/a>) e\u00f0a Da\u00f0a \u00ed\u00fer\u00f3ttafulltr\u00faa (<a href=\"mailto:dadi@fram.is\">dadi@fram.is<\/a>).<\/p><p>N\u00e1nar um \u00ed\u00fer\u00f3ttask\u00f3la FRAM<br \/><br \/>\u00cd\u00fer\u00f3ttask\u00f3li FRAM fyrir b\u00f6rn \u00e1 aldrinum 18 m\u00e1na\u00f0a \u2013 5 \u00e1ra hefur veri\u00f0 starfr\u00e6ktur \u00ed \u00a0Grafarholti um langt \u00e1rabil.<\/p><p><img decoding=\"async\" class=\"size-medium wp-image-14586 alignright\" src=\"https:\/\/fram.is\/wp-content\/uploads\/2016\/12\/Mynd-\u00cd\u00fer\u00f3ttask\u00f3li-FRAM-haust-2016-vefur-300x130.jpg\" alt=\"\" width=\"300\" height=\"130\" srcset=\"https:\/\/fram.is\/wp-content\/uploads\/2016\/12\/Mynd-\u00cd\u00fer\u00f3ttask\u00f3li-FRAM-haust-2016-vefur-300x130.jpg 300w, https:\/\/fram.is\/wp-content\/uploads\/2016\/12\/Mynd-\u00cd\u00fer\u00f3ttask\u00f3li-FRAM-haust-2016-vefur-800x348.jpg 800w, https:\/\/fram.is\/wp-content\/uploads\/2016\/12\/Mynd-\u00cd\u00fer\u00f3ttask\u00f3li-FRAM-haust-2016-vefur-768x334.jpg 768w, https:\/\/fram.is\/wp-content\/uploads\/2016\/12\/Mynd-\u00cd\u00fer\u00f3ttask\u00f3li-FRAM-haust-2016-vefur.jpg 888w\" sizes=\"(max-width: 300px) 100vw, 300px\" \/>\u00cd \u00ed\u00fer\u00f3ttask\u00f3lanum kynnast b\u00f6rnin \u00ed\u00fer\u00f3ttum \u00e1 skemmtilegan<br \/>og fj\u00f6lbreyttan h\u00e1tt. B\u00f6rnin \u00e6fa gr\u00f3fhreyfingar, jafnv\u00e6gi, styrk, \u00fathald og<br \/>l\u00edkamsvitund. \u00deau l\u00e6ra h\u00f3pleiki og reglur \u00ed \u00feeim og styrkja me\u00f0 \u00fev\u00ed f\u00e9lagsf\u00e6rni<br \/>s\u00edna. Auk alls \u00feessa er \u00ed\u00fer\u00f3ttask\u00f3linn skemmtileg samverustund foreldra og<br \/>barns.<\/p><p>Haldin eru tv\u00f6 12 vikna n\u00e1mskei\u00f0 \u00e1 \u00e1ri hverju. Anna\u00f0 a\u00f0<br \/>hausti (september-n\u00f3vember) og hitt a\u00f0 vori (jan\u00faar-apr\u00edl). N\u00e1mskei\u00f0i\u00f0 fer fram<br \/>\u00e1 laugardagsmorgnum \u00ed \u00ed\u00fer\u00f3ttah\u00fasi Ingunnarsk\u00f3la.<\/p><p>Knattspyrnuf\u00e9lagi\u00f0 \u00a0FRAM<\/p><\/div>\n\t\t\t\t<\/div>\n\t\t\t\t\t<\/div>\n\t\t<\/div>\n\t\t\t\t\t<\/div>\n\t\t<\/section>\t\t<\/div>","protected":false},"excerpt":{"rendered":"<p>Knattspyrnuf\u00e9lagi\u00f0 FRAM leitar n\u00fa a\u00f0 \u00f6flugu f\u00f3lki til a\u00f0 taka a\u00f0 s\u00e9r umsj\u00f3n \u00ed\u00fer\u00f3ttask\u00f3la FRAM fr\u00e1 og me\u00f0 15. jan\u00faar. 2022. \u00dea\u00f0 er mikill kostur a\u00f0 vi\u00f0komandi hafi reynslu af [&hellip;]<\/p>","protected":false},"author":5,"featured_media":11115,"comment_status":"closed","ping_status":"closed","sticky":false,"template":"","format":"standard","meta":{"_monsterinsights_skip_tracking":false,"_monsterinsights_sitenote_active":false,"_monsterinsights_sitenote_note":"","_monsterinsights_sitenote_category":0,"_jetpack_memberships_contains_paid_content":false,"footnotes":""},"categories":[58,8],"tags":[],"class_list":["post-28342","post","type-post","status-publish","format-standard","has-post-thumbnail","hentry","category-felagid","category-adalstjorn"],"jetpack_sharing_enabled":true,"jetpack_featured_media_url":"https:\/\/fram.is\/wp-content\/uploads\/2015\/09\/r\u00f3ttask\u00f3li.jpg","_links":{"self":[{"href":"https:\/\/fram.is\/is\/wp-json\/wp\/v2\/posts\/28342","targetHints":{"allow":["GET"]}}],"collection":[{"href":"https:\/\/fram.is\/is\/wp-json\/wp\/v2\/posts"}],"about":[{"href":"https:\/\/fram.is\/is\/wp-json\/wp\/v2\/types\/post"}],"author":[{"embeddable":true,"href":"https:\/\/fram.is\/is\/wp-json\/wp\/v2\/users\/5"}],"replies":[{"embeddable":true,"href":"https:\/\/fram.is\/is\/wp-json\/wp\/v2\/comments?post=28342"}],"version-history":[{"count":7,"href":"https:\/\/fram.is\/is\/wp-json\/wp\/v2\/posts\/28342\/revisions"}],"predecessor-version":[{"id":28355,"href":"https:\/\/fram.is\/is\/wp-json\/wp\/v2\/posts\/28342\/revisions\/28355"}],"wp:featuredmedia":[{"embeddable":true,"href":"https:\/\/fram.is\/is\/wp-json\/wp\/v2\/media\/11115"}],"wp:attachment":[{"href":"https:\/\/fram.is\/is\/wp-json\/wp\/v2\/media?parent=28342"}],"wp:term":[{"taxonomy":"category","embeddable":true,"href":"https:\/\/fram.is\/is\/wp-json\/wp\/v2\/categories?post=28342"},{"taxonomy":"post_tag","embeddable":true,"href":"https:\/\/fram.is\/is\/wp-json\/wp\/v2\/tags?post=28342"}],"curies":[{"name":"wp","href":"https:\/\/api.w.org\/{rel}","templated":true}]}}