{"id":28403,"date":"2021-12-20T10:03:02","date_gmt":"2021-12-20T10:03:02","guid":{"rendered":"https:\/\/fram.is\/?p=28403"},"modified":"2021-12-20T10:06:15","modified_gmt":"2021-12-20T10:06:15","slug":"fjorir-fra-fram-i-aefingahopum-islands-u15-og-u16-karla","status":"publish","type":"post","link":"https:\/\/fram.is\/is\/2021\/12\/20\/fjorir-fra-fram-i-aefingahopum-islands-u15-og-u16-karla\/","title":{"rendered":"Fj\u00f3rir fr\u00e1 Fram \u00ed \u00e6fingah\u00f3pum \u00cdslands U15 og U16 karla"},"content":{"rendered":"<div data-elementor-type=\"wp-post\" data-elementor-id=\"28403\" class=\"elementor elementor-28403\" data-elementor-post-type=\"post\">\n\t\t\t\t<section class=\"elementor-section elementor-top-section elementor-element elementor-element-790f0725 elementor-section-boxed elementor-section-height-default elementor-section-height-default\" data-id=\"790f0725\" data-element_type=\"section\">\n\t\t\t\t\t\t<div class=\"elementor-container elementor-column-gap-default\">\n\t\t\t\t\t<div class=\"elementor-column elementor-col-100 elementor-top-column elementor-element elementor-element-12fd7366\" data-id=\"12fd7366\" data-element_type=\"column\">\n\t\t\t<div class=\"elementor-widget-wrap elementor-element-populated\">\n\t\t\t\t\t\t<div class=\"elementor-element elementor-element-314650e elementor-widget elementor-widget-text-editor\" data-id=\"314650e\" data-element_type=\"widget\" data-widget_type=\"text-editor.default\">\n\t\t\t\t<div class=\"elementor-widget-container\"><p><img fetchpriority=\"high\" decoding=\"async\" class=\"wp-image-28406 alignright\" src=\"https:\/\/fram.is\/wp-content\/uploads\/2021\/12\/U15-og-U16-jan.-2022..jpg\" alt=\"\" width=\"348\" height=\"302\" \/>Haraldur \u00deorvar\u00f0arson og Halld\u00f3r J\u00f3hann Sigf\u00fasson landsli\u00f0s\u00fej\u00e1lfarar \u00cdslands U15 karla og Heimir \u00d6rn \u00c1rnason og Hrannar Gu\u00f0mundsson landsli\u00f0s\u00fej\u00e1lfarar \u00cdslands U16 karla hafa vali\u00f0 \u00e6fingah\u00f3pa sem koma saman til \u00e6finga helgina 7.-9. jan\u00faar 2022.<br \/>Allar \u00e6fingar li\u00f0anna fara fram \u00e1 h\u00f6fu\u00f0borgarsv\u00e6\u00f0inu, en auk \u00e6finga ver\u00f0ur haldi\u00f0 \u00e1fram me\u00f0 fyrirlestrar\u00f6\u00f0ina \u201cAfreksma\u00f0ur framt\u00ed\u00f0ar\u201d \u00fear sem yngri landsli\u00f0 \u00cdslands f\u00e1 fr\u00e6\u00f0slu sem n\u00fdtist \u00feeim innan vallar sem utan.<br \/><br \/>Vi\u00f0 Framarar erum stoltir af \u00fev\u00ed a\u00f0 eiga fj\u00f3ra \u00a0leikmenn \u00ed \u00feessum \u00e6fingah\u00f3pum \u00a0\u00cdslands U15 og U16 en \u00feeir sem voru valdar fr\u00e1 Fram a\u00f0 \u00feessu sinni eru:<br \/><br \/><strong>\u00cdsland U15<\/strong><br \/>Max Emil Stenlund\u00a0\u00a0\u00a0\u00a0\u00a0\u00a0\u00a0\u00a0\u00a0\u00a0\u00a0\u00a0\u00a0\u00a0\u00a0\u00a0\u00a0\u00a0\u00a0\u00a0\u00a0\u00a0\u00a0\u00a0\u00a0 Fram<br \/>Starka\u00f0ur Arnalds\u00a0\u00a0\u00a0\u00a0\u00a0\u00a0\u00a0\u00a0\u00a0\u00a0\u00a0\u00a0\u00a0\u00a0\u00a0\u00a0\u00a0\u00a0\u00a0\u00a0\u00a0\u00a0\u00a0\u00a0\u00a0\u00a0\u00a0 Fram<\/p><p>\u00cd<strong>sland U16<\/strong><br \/>Marel Baldvinsson\u00a0\u00a0\u00a0\u00a0\u00a0\u00a0\u00a0\u00a0\u00a0\u00a0 \u00a0\u00a0\u00a0\u00a0\u00a0\u00a0\u00a0\u00a0\u00a0\u00a0\u00a0\u00a0\u00a0\u00a0\u00a0 Fram<br \/>Mark\u00fas P\u00e1ll Ellertsson\u00a0\u00a0\u00a0 \u00a0\u00a0\u00a0\u00a0\u00a0\u00a0\u00a0\u00a0\u00a0\u00a0\u00a0\u00a0\u00a0\u00a0\u00a0 Fram<\/p><p>Gangi ykkur vel.<\/p><p>\u00c1FRAM FRAM<\/p><\/div>\n\t\t\t\t<\/div>\n\t\t\t\t\t<\/div>\n\t\t<\/div>\n\t\t\t\t\t<\/div>\n\t\t<\/section>\t\t<\/div>","protected":false},"excerpt":{"rendered":"<p>Haraldur \u00deorvar\u00f0arson og Halld\u00f3r J\u00f3hann Sigf\u00fasson landsli\u00f0s\u00fej\u00e1lfarar \u00cdslands U15 karla og Heimir \u00d6rn \u00c1rnason og Hrannar Gu\u00f0mundsson landsli\u00f0s\u00fej\u00e1lfarar \u00cdslands U16 karla hafa vali\u00f0 \u00e6fingah\u00f3pa sem koma saman til \u00e6finga helgina [&hellip;]<\/p>","protected":false},"author":5,"featured_media":28404,"comment_status":"closed","ping_status":"closed","sticky":false,"template":"","format":"standard","meta":{"_monsterinsights_skip_tracking":false,"_monsterinsights_sitenote_active":false,"_monsterinsights_sitenote_note":"","_monsterinsights_sitenote_category":0,"_jetpack_memberships_contains_paid_content":false,"footnotes":""},"categories":[6,7],"tags":[],"class_list":["post-28403","post","type-post","status-publish","format-standard","has-post-thumbnail","hentry","category-handbolti","category-yngri-flokkar"],"jetpack_sharing_enabled":true,"jetpack_featured_media_url":"https:\/\/fram.is\/wp-content\/uploads\/2021\/12\/Reykjavikururvalid-okt.jpg","_links":{"self":[{"href":"https:\/\/fram.is\/is\/wp-json\/wp\/v2\/posts\/28403","targetHints":{"allow":["GET"]}}],"collection":[{"href":"https:\/\/fram.is\/is\/wp-json\/wp\/v2\/posts"}],"about":[{"href":"https:\/\/fram.is\/is\/wp-json\/wp\/v2\/types\/post"}],"author":[{"embeddable":true,"href":"https:\/\/fram.is\/is\/wp-json\/wp\/v2\/users\/5"}],"replies":[{"embeddable":true,"href":"https:\/\/fram.is\/is\/wp-json\/wp\/v2\/comments?post=28403"}],"version-history":[{"count":7,"href":"https:\/\/fram.is\/is\/wp-json\/wp\/v2\/posts\/28403\/revisions"}],"predecessor-version":[{"id":28413,"href":"https:\/\/fram.is\/is\/wp-json\/wp\/v2\/posts\/28403\/revisions\/28413"}],"wp:featuredmedia":[{"embeddable":true,"href":"https:\/\/fram.is\/is\/wp-json\/wp\/v2\/media\/28404"}],"wp:attachment":[{"href":"https:\/\/fram.is\/is\/wp-json\/wp\/v2\/media?parent=28403"}],"wp:term":[{"taxonomy":"category","embeddable":true,"href":"https:\/\/fram.is\/is\/wp-json\/wp\/v2\/categories?post=28403"},{"taxonomy":"post_tag","embeddable":true,"href":"https:\/\/fram.is\/is\/wp-json\/wp\/v2\/tags?post=28403"}],"curies":[{"name":"wp","href":"https:\/\/api.w.org\/{rel}","templated":true}]}}