{"id":28506,"date":"2021-12-30T16:32:00","date_gmt":"2021-12-30T16:32:00","guid":{"rendered":"https:\/\/fram.is\/?p=28506"},"modified":"2021-12-30T16:56:09","modified_gmt":"2021-12-30T16:56:09","slug":"ithrottamadur-fram-2021-olafur-isholm-olafsson","status":"publish","type":"post","link":"https:\/\/fram.is\/is\/2021\/12\/30\/ithrottamadur-fram-2021-olafur-isholm-olafsson\/","title":{"rendered":"\u00cd\u00fer\u00f3ttama\u00f0ur Fram 2021 \u2013 \u00d3lafur \u00cdsh\u00f3lm \u00d3lafsson"},"content":{"rendered":"<div data-elementor-type=\"wp-post\" data-elementor-id=\"28506\" class=\"elementor elementor-28506\" data-elementor-post-type=\"post\">\n\t\t\t\t<section class=\"elementor-section elementor-top-section elementor-element elementor-element-67cabed5 elementor-section-boxed elementor-section-height-default elementor-section-height-default\" data-id=\"67cabed5\" data-element_type=\"section\">\n\t\t\t\t\t\t<div class=\"elementor-container elementor-column-gap-default\">\n\t\t\t\t\t<div class=\"elementor-column elementor-col-100 elementor-top-column elementor-element elementor-element-47c50870\" data-id=\"47c50870\" data-element_type=\"column\">\n\t\t\t<div class=\"elementor-widget-wrap elementor-element-populated\">\n\t\t\t\t\t\t<div class=\"elementor-element elementor-element-7a893a52 elementor-widget elementor-widget-text-editor\" data-id=\"7a893a52\" data-element_type=\"widget\" data-widget_type=\"text-editor.default\">\n\t\t\t\t<div class=\"elementor-widget-container\">\n\t\t\t\t\t\t\t\t\t<p><img fetchpriority=\"high\" decoding=\"async\" class=\"size-medium wp-image-28503 alignright\" src=\"https:\/\/fram.is\/wp-content\/uploads\/2021\/12\/FramA2021_Alm_002-1-300x300.jpg\" alt=\"\" width=\"300\" height=\"300\" srcset=\"https:\/\/fram.is\/wp-content\/uploads\/2021\/12\/FramA2021_Alm_002-1-300x300.jpg 300w, https:\/\/fram.is\/wp-content\/uploads\/2021\/12\/FramA2021_Alm_002-1-scaled-800x800.jpg 800w, https:\/\/fram.is\/wp-content\/uploads\/2021\/12\/FramA2021_Alm_002-1-scaled-100x100.jpg 100w, https:\/\/fram.is\/wp-content\/uploads\/2021\/12\/FramA2021_Alm_002-1-1024x1024.jpg 1024w, https:\/\/fram.is\/wp-content\/uploads\/2021\/12\/FramA2021_Alm_002-1-150x150.jpg 150w, https:\/\/fram.is\/wp-content\/uploads\/2021\/12\/FramA2021_Alm_002-1-768x768.jpg 768w, https:\/\/fram.is\/wp-content\/uploads\/2021\/12\/FramA2021_Alm_002-1-1536x1536.jpg 1536w, https:\/\/fram.is\/wp-content\/uploads\/2021\/12\/FramA2021_Alm_002-1-2048x2048.jpg 2048w\" sizes=\"(max-width: 300px) 100vw, 300px\" \/><\/p>\n<p>\u00d3lafur \u00cdsh\u00f3lm \u00d3lafsson markv\u00f6r\u00f0ur Fram er f\u00e6ddur \u00e1ri\u00f0 1995.\u00a0 \u00d3lafur er uppalinn Fylkisma\u00f0ur og l\u00e9k me\u00f0 \u00f6llum yngri flokkum Fylkis og upp \u00ed meistaraflokk \u00e1\u00f0ur en hann skipti yfir \u00ed Brei\u00f0ablik \u00e1ri\u00f0 2017. <br \/>Hann kom \u00e1 l\u00e1ni til okkar Framara \u00ed febr\u00faar 2019 og l\u00e9k me\u00f0 okkur \u00fear til hann var kalla\u00f0ur aftur til Brei\u00f0abliks um mitt sumar 2019.\u00a0 Hausti\u00f0 2019 samdi \u00d3lafur svo vi\u00f0 Fram og \u00ed lok s\u00ed\u00f0asta t\u00edmabils framlengdi hann samning sinn vi\u00f0 f\u00e9lagi\u00f0 \u00fat keppnist\u00edmabili\u00f0 2023.<\/p>\n<p><!-- \/wp:paragraph --><!-- wp:paragraph --><\/p>\n<p>\u00d3lafur \u00e1tti virkilega gott t\u00edmabil \u00ed hinu fr\u00e1b\u00e6ra Framli\u00f0i sem setti stigamet og f\u00f3r taplaust \u00ed gegnum Lengjudeildina \u00ed sumar.\u00a0\u00a0 \u00d3lafur l\u00e9k 23 leiki \u00ed deild og bikar \u00e1 t\u00edmabilinu. \u00a0Me\u00f0 a\u00f0sto\u00f0 li\u00f0sf\u00e9laga sinna h\u00e9lt hann markinu hreinu \u00e1 \u00fativelli \u00ed deildinni fr\u00e1 \u00fev\u00ed \u00ed ma\u00ed og fram \u00ed lok \u00e1g\u00fast. Fyrsta marki\u00f0 sem \u00d3lafur f\u00e9kk \u00e1 sig \u00e1 \u00fativelli skoru\u00f0u \u00der\u00f3ttarar framhj\u00e1 honum \u00ed 18. umfer\u00f0.\u00a0<\/p>\n<p><img decoding=\"async\" class=\"size-medium wp-image-28504 alignright\" src=\"https:\/\/fram.is\/wp-content\/uploads\/2021\/12\/FramA2021_Alm_005-1-300x300.jpg\" alt=\"\" width=\"300\" height=\"300\" srcset=\"https:\/\/fram.is\/wp-content\/uploads\/2021\/12\/FramA2021_Alm_005-1-300x300.jpg 300w, https:\/\/fram.is\/wp-content\/uploads\/2021\/12\/FramA2021_Alm_005-1-scaled-800x800.jpg 800w, https:\/\/fram.is\/wp-content\/uploads\/2021\/12\/FramA2021_Alm_005-1-scaled-100x100.jpg 100w, https:\/\/fram.is\/wp-content\/uploads\/2021\/12\/FramA2021_Alm_005-1-1024x1024.jpg 1024w, https:\/\/fram.is\/wp-content\/uploads\/2021\/12\/FramA2021_Alm_005-1-150x150.jpg 150w, https:\/\/fram.is\/wp-content\/uploads\/2021\/12\/FramA2021_Alm_005-1-768x768.jpg 768w, https:\/\/fram.is\/wp-content\/uploads\/2021\/12\/FramA2021_Alm_005-1-1536x1536.jpg 1536w, https:\/\/fram.is\/wp-content\/uploads\/2021\/12\/FramA2021_Alm_005-1-2048x2048.jpg 2048w\" sizes=\"(max-width: 300px) 100vw, 300px\" \/><\/p>\n<p>Hann var einn af bur\u00f0ar\u00e1sum li\u00f0sins og einn af lei\u00f0togum h\u00f3psins.\u00a0 G\u00f3\u00f0 frammista\u00f0a \u00d3lafs f\u00f3r ekki framhj\u00e1 sparkspekingum og var hann valinn \u00ed li\u00f0 \u00e1rsins \u00e1 fotbolti.net og \u00e1 sj\u00f3nvarpsst\u00f6\u00f0inni Hringbraut.<\/p>\n<p>\u00d3lafur hefur gegnt st\u00f6\u00f0u varafyrirli\u00f0a og bori\u00f0 fyrirli\u00f0abandi\u00f0 \u00ed fjarveru Hlyns Atla Magn\u00fassonar. \u00d3lafur er mikill li\u00f0sma\u00f0ur sem fer fyrir me\u00f0 g\u00f3\u00f0u ford\u00e6mi og l\u00e6tur vel \u00ed s\u00e9r heyra inni \u00e1 vellinum.\u00a0 <br \/>\u00de\u00e1 er hann g\u00f3\u00f0ur f\u00e9lagi innan sem utan vallar og g\u00f3\u00f0 fyrirmynd fyrir yngri i\u00f0kendur \u00ed f\u00e9laginu.<\/p>\n<p><!-- \/wp:paragraph --><!-- wp:paragraph --><\/p>\n<p>Alls hefur \u00d3lafur spila\u00f0 95 leiki \u00ed tveimur efstu deildum \u00cdslandsm\u00f3tsins og bikarkeppninni.\u00a0 \u00dear af hefur \u00d3lafur leiki\u00f0 60 deildar- og bikarleiki fyrir Fram og vonandi munum vi\u00f0 Framarar nj\u00f3ta krafta hans sem lengst.<\/p>\n<p><!-- \/wp:paragraph --><!-- wp:paragraph --><\/p>\n<p>Til hamingju \u00d3lafur \u00cdsh\u00f3lm.<\/p>\n<p><!-- \/wp:paragraph --><!-- wp:paragraph --><\/p>\n<p>Myndir af \u00d3lafi er h\u00e6gt a\u00f0 finna h\u00e9r\u00a0<a href=\"http:\/\/frammyndir.123.is\/pictures\/\" target=\"_blank\" rel=\"noopener\">http:\/\/frammyndir.123.is\/pictures\/<\/a><\/p>\n<p>Vi\u00f0 \u00f3skum \u00feeim sem voru tilnefndir til hamingju, sannarlega gl\u00e6silegur h\u00f3pur.\u00a0<\/p>\n<p>Nj\u00f3ti\u00f0 \u00e1ram\u00f3tanna en f\u00f6rum varlega.\u00a0<\/p>\n<p>Knattspyrnuf\u00e9lagi\u00f0 Fram<\/p>\n<p><img decoding=\"async\" class=\"size-large wp-image-28505\" src=\"https:\/\/fram.is\/wp-content\/uploads\/2021\/12\/FramA2021_Alm_007-1024x1024.jpg\" alt=\"\" width=\"800\" height=\"800\" srcset=\"https:\/\/fram.is\/wp-content\/uploads\/2021\/12\/FramA2021_Alm_007-1024x1024.jpg 1024w, https:\/\/fram.is\/wp-content\/uploads\/2021\/12\/FramA2021_Alm_007-scaled-800x800.jpg 800w, https:\/\/fram.is\/wp-content\/uploads\/2021\/12\/FramA2021_Alm_007-scaled-100x100.jpg 100w, https:\/\/fram.is\/wp-content\/uploads\/2021\/12\/FramA2021_Alm_007-300x300.jpg 300w, https:\/\/fram.is\/wp-content\/uploads\/2021\/12\/FramA2021_Alm_007-150x150.jpg 150w, https:\/\/fram.is\/wp-content\/uploads\/2021\/12\/FramA2021_Alm_007-768x768.jpg 768w, https:\/\/fram.is\/wp-content\/uploads\/2021\/12\/FramA2021_Alm_007-1536x1536.jpg 1536w, https:\/\/fram.is\/wp-content\/uploads\/2021\/12\/FramA2021_Alm_007-2048x2048.jpg 2048w\" sizes=\"(max-width: 800px) 100vw, 800px\" \/>\u00a0<\/p>\t\t\t\t\t\t\t\t<\/div>\n\t\t\t\t<\/div>\n\t\t\t\t\t<\/div>\n\t\t<\/div>\n\t\t\t\t\t<\/div>\n\t\t<\/section>\t\t<\/div>","protected":false},"excerpt":{"rendered":"<p>\u00d3lafur \u00cdsh\u00f3lm \u00d3lafsson markv\u00f6r\u00f0ur Fram er f\u00e6ddur \u00e1ri\u00f0 1995.\u00a0 \u00d3lafur er uppalinn Fylkisma\u00f0ur og l\u00e9k me\u00f0 \u00f6llum yngri flokkum Fylkis og upp \u00ed meistaraflokk \u00e1\u00f0ur en hann skipti yfir \u00ed [&hellip;]<\/p>","protected":false},"author":5,"featured_media":28493,"comment_status":"closed","ping_status":"closed","sticky":false,"template":"","format":"standard","meta":{"_monsterinsights_skip_tracking":false,"_monsterinsights_sitenote_active":false,"_monsterinsights_sitenote_note":"","_monsterinsights_sitenote_category":0,"_jetpack_memberships_contains_paid_content":false,"footnotes":""},"categories":[58,8],"tags":[],"class_list":["post-28506","post","type-post","status-publish","format-standard","has-post-thumbnail","hentry","category-felagid","category-adalstjorn"],"jetpack_sharing_enabled":true,"jetpack_featured_media_url":"https:\/\/fram.is\/wp-content\/uploads\/2021\/12\/FramA2021_vefur-scaled.jpg","_links":{"self":[{"href":"https:\/\/fram.is\/is\/wp-json\/wp\/v2\/posts\/28506","targetHints":{"allow":["GET"]}}],"collection":[{"href":"https:\/\/fram.is\/is\/wp-json\/wp\/v2\/posts"}],"about":[{"href":"https:\/\/fram.is\/is\/wp-json\/wp\/v2\/types\/post"}],"author":[{"embeddable":true,"href":"https:\/\/fram.is\/is\/wp-json\/wp\/v2\/users\/5"}],"replies":[{"embeddable":true,"href":"https:\/\/fram.is\/is\/wp-json\/wp\/v2\/comments?post=28506"}],"version-history":[{"count":10,"href":"https:\/\/fram.is\/is\/wp-json\/wp\/v2\/posts\/28506\/revisions"}],"predecessor-version":[{"id":28528,"href":"https:\/\/fram.is\/is\/wp-json\/wp\/v2\/posts\/28506\/revisions\/28528"}],"wp:featuredmedia":[{"embeddable":true,"href":"https:\/\/fram.is\/is\/wp-json\/wp\/v2\/media\/28493"}],"wp:attachment":[{"href":"https:\/\/fram.is\/is\/wp-json\/wp\/v2\/media?parent=28506"}],"wp:term":[{"taxonomy":"category","embeddable":true,"href":"https:\/\/fram.is\/is\/wp-json\/wp\/v2\/categories?post=28506"},{"taxonomy":"post_tag","embeddable":true,"href":"https:\/\/fram.is\/is\/wp-json\/wp\/v2\/tags?post=28506"}],"curies":[{"name":"wp","href":"https:\/\/api.w.org\/{rel}","templated":true}]}}