{"id":28568,"date":"2022-01-07T13:03:34","date_gmt":"2022-01-07T13:03:34","guid":{"rendered":"https:\/\/fram.is\/?p=28568"},"modified":"2022-01-07T13:04:59","modified_gmt":"2022-01-07T13:04:59","slug":"tveir-fra-fram-i-aefingahopi-islands-u16-karla-2","status":"publish","type":"post","link":"https:\/\/fram.is\/is\/2022\/01\/07\/tveir-fra-fram-i-aefingahopi-islands-u16-karla-2\/","title":{"rendered":"Tveir fr\u00e1 Fram \u00ed \u00e6fingah\u00f3pi \u00cdslands U16 karla"},"content":{"rendered":"<div data-elementor-type=\"wp-post\" data-elementor-id=\"28568\" class=\"elementor elementor-28568\" data-elementor-post-type=\"post\">\n\t\t\t\t<section class=\"elementor-section elementor-top-section elementor-element elementor-element-57c0c1fa elementor-section-boxed elementor-section-height-default elementor-section-height-default\" data-id=\"57c0c1fa\" data-element_type=\"section\">\n\t\t\t\t\t\t<div class=\"elementor-container elementor-column-gap-default\">\n\t\t\t\t\t<div class=\"elementor-column elementor-col-100 elementor-top-column elementor-element elementor-element-247e0b58\" data-id=\"247e0b58\" data-element_type=\"column\">\n\t\t\t<div class=\"elementor-widget-wrap elementor-element-populated\">\n\t\t\t\t\t\t<div class=\"elementor-element elementor-element-23345e4d elementor-widget elementor-widget-text-editor\" data-id=\"23345e4d\" data-element_type=\"widget\" data-widget_type=\"text-editor.default\">\n\t\t\t\t<div class=\"elementor-widget-container\"><p><img fetchpriority=\"high\" decoding=\"async\" class=\"size-full wp-image-28571 alignright\" src=\"https:\/\/fram.is\/wp-content\/uploads\/2022\/01\/Breki-Baldursson-225x300-1.jpg\" alt=\"\" width=\"225\" height=\"300\" \/>J\u00f6rundur \u00c1ki Sveinsson, landsli\u00f0s\u00fej\u00e1lfari \u00cdslands \u00a0U16 karla, hefur vali\u00f0 leikmannah\u00f3p sem kemur saman \u00a0til \u00e6finga 17.-19. jan\u00faar n.k.<br \/><br \/>Vi\u00f0 Framarar erum stoltir af \u00fev\u00ed a\u00f0 eiga tvo fulltr\u00faa \u00ed \u00feessum \u00e6fingah\u00f3pi \u00cdslands en \u00feeir sem voru valdir fr\u00e1 Fram a\u00f0 \u00feessu sinni eru:<\/p><p>Breki Baldursson \u00a0\u00a0\u00a0\u00a0\u00a0\u00a0\u00a0\u00a0\u00a0\u00a0\u00a0\u00a0\u00a0\u00a0\u00a0\u00a0\u00a0\u00a0\u00a0\u00a0\u00a0\u00a0\u00a0\u00a0\u00a0\u00a0\u00a0\u00a0\u00a0 Fram<br \/>\u00deorri Stef\u00e1n \u00deorbj\u00f6rnsson\u00a0 \u00a0 \u00a0 \u00a0 \u00a0 \u00a0 \u00a0 \u00a0Fram<\/p><p>Gangi ykkur vel.<\/p><p><img decoding=\"async\" class=\"size-full wp-image-28038 alignright\" src=\"https:\/\/fram.is\/wp-content\/uploads\/2021\/11\/U17-THorri-god.jpg\" alt=\"\" width=\"224\" height=\"516\" srcset=\"https:\/\/fram.is\/wp-content\/uploads\/2021\/11\/U17-THorri-god.jpg 224w, https:\/\/fram.is\/wp-content\/uploads\/2021\/11\/U17-THorri-god-130x300.jpg 130w\" sizes=\"(max-width: 224px) 100vw, 224px\" \/>\u00c1FRAM FRAM<\/p><\/div>\n\t\t\t\t<\/div>\n\t\t\t\t\t<\/div>\n\t\t<\/div>\n\t\t\t\t\t<\/div>\n\t\t<\/section>\t\t<\/div>","protected":false},"excerpt":{"rendered":"<p>J\u00f6rundur \u00c1ki Sveinsson, landsli\u00f0s\u00fej\u00e1lfari \u00cdslands \u00a0U16 karla, hefur vali\u00f0 leikmannah\u00f3p sem kemur saman \u00a0til \u00e6finga 17.-19. jan\u00faar n.k. Vi\u00f0 Framarar erum stoltir af \u00fev\u00ed a\u00f0 eiga tvo fulltr\u00faa \u00ed \u00feessum [&hellip;]<\/p>","protected":false},"author":5,"featured_media":28575,"comment_status":"closed","ping_status":"closed","sticky":false,"template":"","format":"standard","meta":{"_monsterinsights_skip_tracking":false,"_monsterinsights_sitenote_active":false,"_monsterinsights_sitenote_note":"","_monsterinsights_sitenote_category":0,"_jetpack_memberships_contains_paid_content":false,"footnotes":""},"categories":[9,13],"tags":[],"class_list":["post-28568","post","type-post","status-publish","format-standard","has-post-thumbnail","hentry","category-fotbolti","category-yngriflokkar"],"jetpack_sharing_enabled":true,"jetpack_featured_media_url":"https:\/\/fram.is\/wp-content\/uploads\/2022\/01\/Breki-Bald-vefur-scaled.jpg","_links":{"self":[{"href":"https:\/\/fram.is\/is\/wp-json\/wp\/v2\/posts\/28568","targetHints":{"allow":["GET"]}}],"collection":[{"href":"https:\/\/fram.is\/is\/wp-json\/wp\/v2\/posts"}],"about":[{"href":"https:\/\/fram.is\/is\/wp-json\/wp\/v2\/types\/post"}],"author":[{"embeddable":true,"href":"https:\/\/fram.is\/is\/wp-json\/wp\/v2\/users\/5"}],"replies":[{"embeddable":true,"href":"https:\/\/fram.is\/is\/wp-json\/wp\/v2\/comments?post=28568"}],"version-history":[{"count":8,"href":"https:\/\/fram.is\/is\/wp-json\/wp\/v2\/posts\/28568\/revisions"}],"predecessor-version":[{"id":28579,"href":"https:\/\/fram.is\/is\/wp-json\/wp\/v2\/posts\/28568\/revisions\/28579"}],"wp:featuredmedia":[{"embeddable":true,"href":"https:\/\/fram.is\/is\/wp-json\/wp\/v2\/media\/28575"}],"wp:attachment":[{"href":"https:\/\/fram.is\/is\/wp-json\/wp\/v2\/media?parent=28568"}],"wp:term":[{"taxonomy":"category","embeddable":true,"href":"https:\/\/fram.is\/is\/wp-json\/wp\/v2\/categories?post=28568"},{"taxonomy":"post_tag","embeddable":true,"href":"https:\/\/fram.is\/is\/wp-json\/wp\/v2\/tags?post=28568"}],"curies":[{"name":"wp","href":"https:\/\/api.w.org\/{rel}","templated":true}]}}