{"id":28608,"date":"2022-01-10T14:32:21","date_gmt":"2022-01-10T14:32:21","guid":{"rendered":"https:\/\/fram.is\/?p=28608"},"modified":"2022-01-10T14:34:01","modified_gmt":"2022-01-10T14:34:01","slug":"tveir-fra-fram-i-aefingahopi-islands-u17-karla-2","status":"publish","type":"post","link":"https:\/\/fram.is\/is\/2022\/01\/10\/tveir-fra-fram-i-aefingahopi-islands-u17-karla-2\/","title":{"rendered":"Tveir fr\u00e1 Fram \u00ed \u00e6fingah\u00f3pi \u00cdslands U17 karla"},"content":{"rendered":"<div data-elementor-type=\"wp-post\" data-elementor-id=\"28608\" class=\"elementor elementor-28608\" data-elementor-post-type=\"post\">\n\t\t\t\t<section class=\"elementor-section elementor-top-section elementor-element elementor-element-7f72546f elementor-section-boxed elementor-section-height-default elementor-section-height-default\" data-id=\"7f72546f\" data-element_type=\"section\">\n\t\t\t\t\t\t<div class=\"elementor-container elementor-column-gap-default\">\n\t\t\t\t\t<div class=\"elementor-column elementor-col-100 elementor-top-column elementor-element elementor-element-6f70bc75\" data-id=\"6f70bc75\" data-element_type=\"column\">\n\t\t\t<div class=\"elementor-widget-wrap elementor-element-populated\">\n\t\t\t\t\t\t<div class=\"elementor-element elementor-element-39a6f544 elementor-widget elementor-widget-text-editor\" data-id=\"39a6f544\" data-element_type=\"widget\" data-widget_type=\"text-editor.default\">\n\t\t\t\t<div class=\"elementor-widget-container\"><p><img fetchpriority=\"high\" decoding=\"async\" class=\"size-medium wp-image-27838 alignright\" src=\"https:\/\/fram.is\/wp-content\/uploads\/2021\/10\/Mikael-Trausti-U17-300x300.jpg\" alt=\"\" width=\"300\" height=\"300\" srcset=\"https:\/\/fram.is\/wp-content\/uploads\/2021\/10\/Mikael-Trausti-U17-300x300.jpg 300w, https:\/\/fram.is\/wp-content\/uploads\/2021\/10\/Mikael-Trausti-U17-800x800.jpg 800w, https:\/\/fram.is\/wp-content\/uploads\/2021\/10\/Mikael-Trausti-U17-100x100.jpg 100w, https:\/\/fram.is\/wp-content\/uploads\/2021\/10\/Mikael-Trausti-U17-1024x1024.jpg 1024w, https:\/\/fram.is\/wp-content\/uploads\/2021\/10\/Mikael-Trausti-U17-150x150.jpg 150w, https:\/\/fram.is\/wp-content\/uploads\/2021\/10\/Mikael-Trausti-U17-768x768.jpg 768w, https:\/\/fram.is\/wp-content\/uploads\/2021\/10\/Mikael-Trausti-U17.jpg 1080w\" sizes=\"(max-width: 300px) 100vw, 300px\" \/>J\u00f6rundur \u00c1ki Sveinsson, landsli\u00f0s\u00fej\u00e1lfari U17 \u00e1ra landsli\u00f0s \u00cdslands, hefur vali\u00f0 h\u00f3p, sem kemur saman til \u00e6finga dagana 19.-21.jan\u00faar, 2022.<br \/><br \/>Vi\u00f0 Framarar erum stoltir af \u00fev\u00ed a\u00f0 eiga tvo fulltr\u00faa \u00ed \u00feessu \u00e6fingah\u00f3pi \u00cdslands en \u00feeir sem voru valdir fr\u00e1 Fram a\u00f0 \u00feessu sinni eru:<\/p><p>Mikael Trausti Vi\u00f0arsson \u00a0\u00a0\u00a0\u00a0\u00a0\u00a0\u00a0\u00a0\u00a0\u00a0\u00a0\u00a0\u00a0 Fram<br \/>Stef\u00e1n Orri H\u00e1konarson \u00a0\u00a0\u00a0\u00a0\u00a0\u00a0\u00a0\u00a0\u00a0\u00a0\u00a0\u00a0\u00a0\u00a0\u00a0 Fram<\/p><p><img decoding=\"async\" class=\"size-medium wp-image-27846 alignright\" src=\"https:\/\/fram.is\/wp-content\/uploads\/2021\/10\/Stefan-Orri-U17-300x300.jpg\" alt=\"\" width=\"300\" height=\"300\" srcset=\"https:\/\/fram.is\/wp-content\/uploads\/2021\/10\/Stefan-Orri-U17-300x300.jpg 300w, https:\/\/fram.is\/wp-content\/uploads\/2021\/10\/Stefan-Orri-U17-800x800.jpg 800w, https:\/\/fram.is\/wp-content\/uploads\/2021\/10\/Stefan-Orri-U17-100x100.jpg 100w, https:\/\/fram.is\/wp-content\/uploads\/2021\/10\/Stefan-Orri-U17-1024x1024.jpg 1024w, https:\/\/fram.is\/wp-content\/uploads\/2021\/10\/Stefan-Orri-U17-150x150.jpg 150w, https:\/\/fram.is\/wp-content\/uploads\/2021\/10\/Stefan-Orri-U17-768x768.jpg 768w, https:\/\/fram.is\/wp-content\/uploads\/2021\/10\/Stefan-Orri-U17.jpg 1080w\" sizes=\"(max-width: 300px) 100vw, 300px\" \/>Gangi ykkur vel.<\/p><p>\u00c1FRAM FRAM<\/p><\/div>\n\t\t\t\t<\/div>\n\t\t\t\t\t<\/div>\n\t\t<\/div>\n\t\t\t\t\t<\/div>\n\t\t<\/section>\t\t<\/div>","protected":false},"excerpt":{"rendered":"<p>J\u00f6rundur \u00c1ki Sveinsson, landsli\u00f0s\u00fej\u00e1lfari U17 \u00e1ra landsli\u00f0s \u00cdslands, hefur vali\u00f0 h\u00f3p, sem kemur saman til \u00e6finga dagana 19.-21.jan\u00faar, 2022. Vi\u00f0 Framarar erum stoltir af \u00fev\u00ed a\u00f0 eiga tvo fulltr\u00faa \u00ed [&hellip;]<\/p>","protected":false},"author":5,"featured_media":24695,"comment_status":"closed","ping_status":"closed","sticky":false,"template":"","format":"standard","meta":{"_monsterinsights_skip_tracking":false,"_monsterinsights_sitenote_active":false,"_monsterinsights_sitenote_note":"","_monsterinsights_sitenote_category":0,"_jetpack_memberships_contains_paid_content":false,"footnotes":""},"categories":[13,9],"tags":[],"class_list":["post-28608","post","type-post","status-publish","format-standard","has-post-thumbnail","hentry","category-yngriflokkar","category-fotbolti"],"jetpack_sharing_enabled":true,"jetpack_featured_media_url":"https:\/\/fram.is\/wp-content\/uploads\/2021\/01\/U16-Mikki-og-Stefan-vefur-scaled.jpg","_links":{"self":[{"href":"https:\/\/fram.is\/is\/wp-json\/wp\/v2\/posts\/28608","targetHints":{"allow":["GET"]}}],"collection":[{"href":"https:\/\/fram.is\/is\/wp-json\/wp\/v2\/posts"}],"about":[{"href":"https:\/\/fram.is\/is\/wp-json\/wp\/v2\/types\/post"}],"author":[{"embeddable":true,"href":"https:\/\/fram.is\/is\/wp-json\/wp\/v2\/users\/5"}],"replies":[{"embeddable":true,"href":"https:\/\/fram.is\/is\/wp-json\/wp\/v2\/comments?post=28608"}],"version-history":[{"count":4,"href":"https:\/\/fram.is\/is\/wp-json\/wp\/v2\/posts\/28608\/revisions"}],"predecessor-version":[{"id":28612,"href":"https:\/\/fram.is\/is\/wp-json\/wp\/v2\/posts\/28608\/revisions\/28612"}],"wp:featuredmedia":[{"embeddable":true,"href":"https:\/\/fram.is\/is\/wp-json\/wp\/v2\/media\/24695"}],"wp:attachment":[{"href":"https:\/\/fram.is\/is\/wp-json\/wp\/v2\/media?parent=28608"}],"wp:term":[{"taxonomy":"category","embeddable":true,"href":"https:\/\/fram.is\/is\/wp-json\/wp\/v2\/categories?post=28608"},{"taxonomy":"post_tag","embeddable":true,"href":"https:\/\/fram.is\/is\/wp-json\/wp\/v2\/tags?post=28608"}],"curies":[{"name":"wp","href":"https:\/\/api.w.org\/{rel}","templated":true}]}}