{"id":29492,"date":"2022-03-15T12:23:05","date_gmt":"2022-03-15T12:23:05","guid":{"rendered":"https:\/\/fram.is\/?p=29492"},"modified":"2022-03-15T12:30:20","modified_gmt":"2022-03-15T12:30:20","slug":"u-15-u-16-og-u-18-ara-landslid-karla-valid","status":"publish","type":"post","link":"https:\/\/fram.is\/is\/2022\/03\/15\/u-15-u-16-og-u-18-ara-landslid-karla-valid\/","title":{"rendered":"u-15, u-16, og u-18 \u00e1ra landsli\u00f0 karla vali\u00f0!"},"content":{"rendered":"<div data-elementor-type=\"wp-post\" data-elementor-id=\"29492\" class=\"elementor elementor-29492\" data-elementor-post-type=\"post\">\n\t\t\t\t\t\t<section class=\"elementor-section elementor-top-section elementor-element elementor-element-6843d24 elementor-section-boxed elementor-section-height-default elementor-section-height-default\" data-id=\"6843d24\" data-element_type=\"section\">\n\t\t\t\t\t\t<div class=\"elementor-container elementor-column-gap-default\">\n\t\t\t\t\t<div class=\"elementor-column elementor-col-100 elementor-top-column elementor-element elementor-element-6242ce2\" data-id=\"6242ce2\" data-element_type=\"column\">\n\t\t\t<div class=\"elementor-widget-wrap elementor-element-populated\">\n\t\t\t\t\t\t<div class=\"elementor-element elementor-element-6d3c256 elementor-widget elementor-widget-text-editor\" data-id=\"6d3c256\" data-element_type=\"widget\" data-widget_type=\"text-editor.default\">\n\t\t\t\t<div class=\"elementor-widget-container\">\n\t\t\t\t\t\t\t\t\t<p>U-15<strong> \u00e1ra landsli\u00f0 karla<\/strong><br \/><strong>\u00c6fingar 18. \u2013 20. mars 2022<\/strong><br \/><strong>Haraldur \u00deorvar\u00f0arson og Halld\u00f3r J\u00f3hann Sigf\u00fasson hafa vali\u00f0 eftirtalda leikmenn til \u00e6finga<\/strong><br \/><strong>18. &#8211; 20. mars 2022.<\/strong><br \/><strong>Allar \u00e6fingar li\u00f0sins fara fram \u00e1 h\u00f6fu\u00f0borgarsv\u00e6\u00f0inu, \u00e6fingat\u00edmar koma inn \u00e1 Sportabler \u00e1<\/strong><br \/><strong>n\u00e6stu d\u00f6gum.<\/strong><\/p><p>Framarar \u00ed h\u00f3pnum eru:\u00a0<br \/>Max Emil Stenlund, Fram<br \/>Starka\u00f0ur Arnalds, Fram<\/p><p>\u00a0<\/p><p><strong>u-16 \u00e1ra landsli\u00f0 karla<br \/>Heimir \u00d6rn \u00c1rnason og Hrannar Gu\u00f0mundsson hafa vali\u00f0 eftirtalda leikmenn til \u00e6finga 18. \u2013 20. mars 2022. Allar \u00e6fingar li\u00f0sins fara fram \u00e1 h\u00f6fu\u00f0borgarsv\u00e6\u00f0inu, \u00e6fingat\u00edmar koma inn \u00e1 Sportabler \u00e1 n\u00e6stu d\u00f6gum.\u00a0<\/strong><\/p><p>Framarar \u00ed h\u00f3pnum eru:<br \/>Marel Baldvinsson, Fram<br \/>Mark\u00fas P\u00e1ll Ellertsson, Fram<\/p><p>\u00a0<\/p><p><strong>u-18 \u00e1ra landsli\u00f0 karla<\/strong><br \/><strong>Heimir R\u00edkar\u00f0sson og Gunnar Andr\u00e9sson hafa vali\u00f0 eftirtalda leikmenn til \u00e6finga 17. \u2013 20. mars. \u00c6fingar fram a\u00f0 fer\u00f0 fara fram \u00e1 h\u00f6fu\u00f0borgarsv\u00e6\u00f0inu en \u00e6fingat\u00edmar koma inn \u00e1 Sportabler \u00e1 n\u00e6stu d\u00f6gum.\u00a0<\/strong><\/p><p><strong>\u00a0<\/strong><\/p><p><b>Framarar \u00ed h\u00f3pnum eru:<br \/><\/b><span style=\"color: var( --e-global-color-text ); font-family: var( --e-global-typography-text-font-family ), Sans-serif; font-size: 1rem; font-weight: var( --e-global-typography-text-font-weight );\">Breki Hrafn \u00c1rnason, Fram<br \/><\/span>Ei\u00f0ur Rafn Valsson, Fram\u00a0<br \/>Kjartan \u00de\u00f3r J\u00fal\u00edusson, Fram<br \/>Reynir \u00de\u00f3r Stef\u00e1nsson, Fram<br \/><span style=\"color: var( --e-global-color-text ); font-family: var( --e-global-typography-text-font-family ), Sans-serif; font-size: 1rem; font-weight: var( --e-global-typography-text-font-weight );\"><br \/><br \/>Til hamingju str\u00e1kar!<\/span><\/p><p>\u00a0<\/p>\t\t\t\t\t\t\t\t<\/div>\n\t\t\t\t<\/div>\n\t\t\t\t\t<\/div>\n\t\t<\/div>\n\t\t\t\t\t<\/div>\n\t\t<\/section>\n\t\t\t\t<\/div>","protected":false},"excerpt":{"rendered":"<p>U-15 \u00e1ra landsli\u00f0 karla\u00c6fingar 18. \u2013 20. mars 2022Haraldur \u00deorvar\u00f0arson og Halld\u00f3r J\u00f3hann Sigf\u00fasson hafa vali\u00f0 eftirtalda leikmenn til \u00e6finga18. &#8211; 20. mars 2022.Allar \u00e6fingar li\u00f0sins fara fram \u00e1 h\u00f6fu\u00f0borgarsv\u00e6\u00f0inu, [&hellip;]<\/p>","protected":false},"author":7,"featured_media":28182,"comment_status":"closed","ping_status":"closed","sticky":false,"template":"","format":"standard","meta":{"_monsterinsights_skip_tracking":false,"_monsterinsights_sitenote_active":false,"_monsterinsights_sitenote_note":"","_monsterinsights_sitenote_category":0,"_jetpack_memberships_contains_paid_content":false,"footnotes":""},"categories":[6],"tags":[],"class_list":["post-29492","post","type-post","status-publish","format-standard","has-post-thumbnail","hentry","category-handbolti"],"jetpack_sharing_enabled":true,"jetpack_featured_media_url":"https:\/\/fram.is\/wp-content\/uploads\/2021\/11\/9.png","_links":{"self":[{"href":"https:\/\/fram.is\/is\/wp-json\/wp\/v2\/posts\/29492","targetHints":{"allow":["GET"]}}],"collection":[{"href":"https:\/\/fram.is\/is\/wp-json\/wp\/v2\/posts"}],"about":[{"href":"https:\/\/fram.is\/is\/wp-json\/wp\/v2\/types\/post"}],"author":[{"embeddable":true,"href":"https:\/\/fram.is\/is\/wp-json\/wp\/v2\/users\/7"}],"replies":[{"embeddable":true,"href":"https:\/\/fram.is\/is\/wp-json\/wp\/v2\/comments?post=29492"}],"version-history":[{"count":4,"href":"https:\/\/fram.is\/is\/wp-json\/wp\/v2\/posts\/29492\/revisions"}],"predecessor-version":[{"id":29496,"href":"https:\/\/fram.is\/is\/wp-json\/wp\/v2\/posts\/29492\/revisions\/29496"}],"wp:featuredmedia":[{"embeddable":true,"href":"https:\/\/fram.is\/is\/wp-json\/wp\/v2\/media\/28182"}],"wp:attachment":[{"href":"https:\/\/fram.is\/is\/wp-json\/wp\/v2\/media?parent=29492"}],"wp:term":[{"taxonomy":"category","embeddable":true,"href":"https:\/\/fram.is\/is\/wp-json\/wp\/v2\/categories?post=29492"},{"taxonomy":"post_tag","embeddable":true,"href":"https:\/\/fram.is\/is\/wp-json\/wp\/v2\/tags?post=29492"}],"curies":[{"name":"wp","href":"https:\/\/api.w.org\/{rel}","templated":true}]}}