{"id":296,"date":"2012-09-27T15:03:39","date_gmt":"2012-09-27T15:03:39","guid":{"rendered":"http:\/\/fram.is\/?p=296"},"modified":"2012-09-27T15:03:39","modified_gmt":"2012-09-27T15:03:39","slug":"getraunastarfid-ad-fara-af-stad","status":"publish","type":"post","link":"https:\/\/fram.is\/is\/2012\/09\/27\/getraunastarfid-ad-fara-af-stad\/","title":{"rendered":"Getraunastarfi\u00f0 a\u00f0 fara af sta\u00f0"},"content":{"rendered":"<p>Getraunaverkt\u00ed\u00f0in hefst formlega n\u00e6sta laugardagsmorgun kl 10 \u00ed Safam\u00fdrinni.<\/p>\n<p>Allir FRAMarar eru hvattir til \u00feess a\u00f0 byrja helgina snemma \u00e1 laugardagsmorgnum. Koma vi\u00f0 \u00ed Safam\u00fdrinni f\u00e1 s\u00e9r kaffi og me\u00f0 \u00fev\u00ed, hitta a\u00f0ra FRAMara og l\u00e1ta svo reyna \u00e1 keppnisskapi\u00f0 og g\u00e1furna \u00ed tippinu.<\/p>\n<p>\u00c1\u00e6tla\u00f0 er a\u00f0 hinn r\u00f3ma\u00f0i Getraunaleikur fari af sta\u00f0 n\u00fana \u00ed okt\u00f3ber og eru allir FRAmarar hvattir til a\u00f0 fylgjast me\u00f0 \u00e1 heimas\u00ed\u00f0unni e\u00f0a FRAM \u00e1 facebook, en \u00fear ver\u00f0ur ma\u00f0al annars utanlandsfer\u00f0 \u00ed ver\u00f0laun fyrir \u00fe\u00e1 getsp\u00f6kustu.<\/p>\n<p>Se\u00f0ill helgarinnar<\/p>\n<p>\u00c1FRAM FRAM!<\/p>","protected":false},"excerpt":{"rendered":"<p>Getraunaverkt\u00ed\u00f0in hefst formlega n\u00e6sta laugardagsmorgun kl 10 \u00ed Safam\u00fdrinni. Allir FRAMarar eru hvattir til \u00feess a\u00f0 byrja helgina snemma \u00e1 laugardagsmorgnum. Koma vi\u00f0 \u00ed Safam\u00fdrinni f\u00e1 s\u00e9r kaffi og me\u00f0 [&hellip;]<\/p>","protected":false},"author":3,"featured_media":298,"comment_status":"open","ping_status":"open","sticky":false,"template":"","format":"standard","meta":{"_monsterinsights_skip_tracking":false,"_monsterinsights_sitenote_active":false,"_monsterinsights_sitenote_note":"","_monsterinsights_sitenote_category":0,"_jetpack_memberships_contains_paid_content":false,"footnotes":""},"categories":[9],"tags":[],"class_list":["post-296","post","type-post","status-publish","format-standard","has-post-thumbnail","hentry","category-fotbolti"],"jetpack_sharing_enabled":true,"jetpack_featured_media_url":"","_links":{"self":[{"href":"https:\/\/fram.is\/is\/wp-json\/wp\/v2\/posts\/296","targetHints":{"allow":["GET"]}}],"collection":[{"href":"https:\/\/fram.is\/is\/wp-json\/wp\/v2\/posts"}],"about":[{"href":"https:\/\/fram.is\/is\/wp-json\/wp\/v2\/types\/post"}],"author":[{"embeddable":true,"href":"https:\/\/fram.is\/is\/wp-json\/wp\/v2\/users\/3"}],"replies":[{"embeddable":true,"href":"https:\/\/fram.is\/is\/wp-json\/wp\/v2\/comments?post=296"}],"version-history":[{"count":0,"href":"https:\/\/fram.is\/is\/wp-json\/wp\/v2\/posts\/296\/revisions"}],"wp:featuredmedia":[{"embeddable":true,"href":"https:\/\/fram.is\/is\/wp-json\/"}],"wp:attachment":[{"href":"https:\/\/fram.is\/is\/wp-json\/wp\/v2\/media?parent=296"}],"wp:term":[{"taxonomy":"category","embeddable":true,"href":"https:\/\/fram.is\/is\/wp-json\/wp\/v2\/categories?post=296"},{"taxonomy":"post_tag","embeddable":true,"href":"https:\/\/fram.is\/is\/wp-json\/wp\/v2\/tags?post=296"}],"curies":[{"name":"wp","href":"https:\/\/api.w.org\/{rel}","templated":true}]}}