{"id":29620,"date":"2022-03-30T20:34:19","date_gmt":"2022-03-30T20:34:19","guid":{"rendered":"https:\/\/fram.is\/?p=29620"},"modified":"2022-03-30T20:37:09","modified_gmt":"2022-03-30T20:37:09","slug":"adalfundur-skidadeildar-fram-verdur-haldinn-midvikudaginn-6-april-kl-1700","status":"publish","type":"post","link":"https:\/\/fram.is\/is\/2022\/03\/30\/adalfundur-skidadeildar-fram-verdur-haldinn-midvikudaginn-6-april-kl-1700\/","title":{"rendered":"A\u00f0alfundur Sk\u00ed\u00f0adeildar FRAM ver\u00f0ur haldinn mi\u00f0vikudaginn 6. apr\u00edl kl. 17:00"},"content":{"rendered":"<div data-elementor-type=\"wp-post\" data-elementor-id=\"29620\" class=\"elementor elementor-29620\" data-elementor-post-type=\"post\">\n\t\t\t\t<section class=\"elementor-section elementor-top-section elementor-element elementor-element-2aa45e73 elementor-section-boxed elementor-section-height-default elementor-section-height-default\" data-id=\"2aa45e73\" data-element_type=\"section\">\n\t\t\t\t\t\t<div class=\"elementor-container elementor-column-gap-default\">\n\t\t\t\t\t<div class=\"elementor-column elementor-col-100 elementor-top-column elementor-element elementor-element-14f6215e\" data-id=\"14f6215e\" data-element_type=\"column\">\n\t\t\t<div class=\"elementor-widget-wrap elementor-element-populated\">\n\t\t\t\t\t\t<div class=\"elementor-element elementor-element-5e23400d elementor-widget elementor-widget-text-editor\" data-id=\"5e23400d\" data-element_type=\"widget\" data-widget_type=\"text-editor.default\">\n\t\t\t\t<div class=\"elementor-widget-container\">\n\t\t\t\t\t\t\t\t\t<p><\/p>\n<figure class=\"wp-block-table\">\n<table>\n<tbody>\n<tr>\n<td>\u00a0<\/td>\n<td><strong>Sk\u00ed\u00f0adeild Fram<\/strong><\/td>\n<\/tr>\n<\/tbody>\n<\/table>\n<\/figure>\n<p><\/p>\n<p><strong><img fetchpriority=\"high\" decoding=\"async\" class=\"size-medium wp-image-29621 alignright\" src=\"https:\/\/fram.is\/wp-content\/uploads\/2022\/03\/Jon-Gunnar-i-braut-minni.-300x200.jpg\" alt=\"\" width=\"300\" height=\"200\" srcset=\"https:\/\/fram.is\/wp-content\/uploads\/2022\/03\/Jon-Gunnar-i-braut-minni.-300x200.jpg 300w, https:\/\/fram.is\/wp-content\/uploads\/2022\/03\/Jon-Gunnar-i-braut-minni..jpg 640w\" sizes=\"(max-width: 300px) 100vw, 300px\" \/>A\u00f0alfundur Sk\u00ed\u00f0adeildar Fram<\/strong><\/p>\n<p><\/p>\n<p>A\u00f0alfundur Sk\u00ed\u00f0adeildar Fram ver\u00f0ur haldinn\u00a0mi\u00f0vikudaginn 6. apr\u00edl \u00a0\u00a0klukkan 17:00 \u00ed \u00cd\u00fer\u00f3ttah\u00fasi FRAM\u00a0vi\u00f0 Safam\u00fdri.<\/p>\n<p><\/p>\n<p>Dagskr\u00e1<\/p>\n<p><\/p>\n<p>1.\u00a0 Venjuleg a\u00f0alfundarst\u00f6rf.<\/p>\n<p><\/p>\n<p>2. \u00a0\u00d6nnur m\u00e1l, sem fram kunna a\u00f0 koma.<\/p>\n<p><\/p>\n<p>Stj\u00f3rn Sk\u00ed\u00f0adeildar FRAM.<\/p>\n<p><\/p>\t\t\t\t\t\t\t\t<\/div>\n\t\t\t\t<\/div>\n\t\t\t\t\t<\/div>\n\t\t<\/div>\n\t\t\t\t\t<\/div>\n\t\t<\/section>\t\t<\/div>","protected":false},"excerpt":{"rendered":"<p>\u00a0 Sk\u00ed\u00f0adeild Fram A\u00f0alfundur Sk\u00ed\u00f0adeildar Fram A\u00f0alfundur Sk\u00ed\u00f0adeildar Fram ver\u00f0ur haldinn\u00a0mi\u00f0vikudaginn 6. apr\u00edl \u00a0\u00a0klukkan 17:00 \u00ed \u00cd\u00fer\u00f3ttah\u00fasi FRAM\u00a0vi\u00f0 Safam\u00fdri. Dagskr\u00e1 1.\u00a0 Venjuleg a\u00f0alfundarst\u00f6rf. 2. \u00a0\u00d6nnur m\u00e1l, sem fram kunna a\u00f0 [&hellip;]<\/p>","protected":false},"author":5,"featured_media":29622,"comment_status":"closed","ping_status":"closed","sticky":false,"template":"","format":"standard","meta":{"_monsterinsights_skip_tracking":false,"_monsterinsights_sitenote_active":false,"_monsterinsights_sitenote_note":"","_monsterinsights_sitenote_category":0,"_jetpack_memberships_contains_paid_content":false,"footnotes":""},"categories":[17],"tags":[],"class_list":["post-29620","post","type-post","status-publish","format-standard","has-post-thumbnail","hentry","category-skidadeild"],"jetpack_sharing_enabled":true,"jetpack_featured_media_url":"https:\/\/fram.is\/wp-content\/uploads\/2022\/03\/Jon-Gunnar-a-fullu--scaled.jpg","_links":{"self":[{"href":"https:\/\/fram.is\/is\/wp-json\/wp\/v2\/posts\/29620","targetHints":{"allow":["GET"]}}],"collection":[{"href":"https:\/\/fram.is\/is\/wp-json\/wp\/v2\/posts"}],"about":[{"href":"https:\/\/fram.is\/is\/wp-json\/wp\/v2\/types\/post"}],"author":[{"embeddable":true,"href":"https:\/\/fram.is\/is\/wp-json\/wp\/v2\/users\/5"}],"replies":[{"embeddable":true,"href":"https:\/\/fram.is\/is\/wp-json\/wp\/v2\/comments?post=29620"}],"version-history":[{"count":4,"href":"https:\/\/fram.is\/is\/wp-json\/wp\/v2\/posts\/29620\/revisions"}],"predecessor-version":[{"id":29626,"href":"https:\/\/fram.is\/is\/wp-json\/wp\/v2\/posts\/29620\/revisions\/29626"}],"wp:featuredmedia":[{"embeddable":true,"href":"https:\/\/fram.is\/is\/wp-json\/wp\/v2\/media\/29622"}],"wp:attachment":[{"href":"https:\/\/fram.is\/is\/wp-json\/wp\/v2\/media?parent=29620"}],"wp:term":[{"taxonomy":"category","embeddable":true,"href":"https:\/\/fram.is\/is\/wp-json\/wp\/v2\/categories?post=29620"},{"taxonomy":"post_tag","embeddable":true,"href":"https:\/\/fram.is\/is\/wp-json\/wp\/v2\/tags?post=29620"}],"curies":[{"name":"wp","href":"https:\/\/api.w.org\/{rel}","templated":true}]}}