{"id":29691,"date":"2022-04-07T09:27:32","date_gmt":"2022-04-07T09:27:32","guid":{"rendered":"https:\/\/fram.is\/?p=29691"},"modified":"2022-04-07T09:27:32","modified_gmt":"2022-04-07T09:27:32","slug":"fotboltaskoli-fram-i-paskafriinu","status":"publish","type":"post","link":"https:\/\/fram.is\/is\/2022\/04\/07\/fotboltaskoli-fram-i-paskafriinu\/","title":{"rendered":"F\u00f3tboltask\u00f3li Fram \u00ed p\u00e1skafr\u00edinu"},"content":{"rendered":"<p>F\u00f3tboltask\u00f3li Fram dagana 11.-13. apr\u00edl er skemmtilegt n\u00e1mskei\u00f0 undir styrkri stj\u00f3rn hins \u00ferautreynda \u00fej\u00e1lfara yngri flokka Fram Vilhj\u00e1lms \u00de\u00f3rs Vilhj\u00e1lmssonar e\u00f0a Villa eins og vi\u00f0 \u00feekkjum hann \u00f6ll. Honum til halds og trausts ver\u00f0a a\u00f0rir \u00fej\u00e1lfarar \u00far yngri flokkum Fram og leikmenn meistaraflokka karla og kvenna m\u00e6ta \u00e1 sv\u00e6\u00f0i\u00f0 og heilsa upp \u00e1 \u00fe\u00e1tttakendur.<\/p><p>L\u00f6g\u00f0 ver\u00f0ur \u00e1hersla \u00e1 grunnt\u00e6kni \u00ed knattspyrnu og a\u00f0 allir f\u00e1i verkefni vi\u00f0 sitt h\u00e6fi. Skipt ver\u00f0ur \u00ed h\u00f3pa eftir aldri og unni\u00f0 \u00ed litlum h\u00f3pum til a\u00f0 h\u00e1marka fj\u00f6lda snertinga vi\u00f0 boltann hj\u00e1 hverjum i\u00f0kanda. Unni\u00f0 ver\u00f0ur eftir \u00fev\u00ed a\u00f0 \u00e6fingar barna \u00e1 \u00feessum aldri s\u00e9u fj\u00f6lbreyttar og stu\u00f0li a\u00f0 b\u00e6ttum skyn- og hreyfi\u00feroska.<\/p><p>N\u00e1mskei\u00f0i\u00f0 fer fram \u00e1 Framvelli \u00ed \u00dalfars\u00e1rdal kl. 13:00-14:30 m\u00e1nudag til mi\u00f0vikudags.<\/p><p>Ver\u00f0 er kr. 6.000- og skr\u00e1ning fer fram \u00e1 <a href=\"https:\/\/www.sportabler.com\/shop\/fram\" data-type=\"URL\" data-id=\"https:\/\/www.sportabler.com\/shop\/fram\" target=\"_blank\" rel=\"noopener\">Sportabler<\/a>.<\/p>","protected":false},"excerpt":{"rendered":"<p>F\u00f3tboltask\u00f3li Fram dagana 11.-13. apr\u00edl er skemmtilegt n\u00e1mskei\u00f0 undir styrkri stj\u00f3rn hins \u00ferautreynda \u00fej\u00e1lfara yngri flokka Fram Vilhj\u00e1lms \u00de\u00f3rs Vilhj\u00e1lmssonar e\u00f0a Villa eins og vi\u00f0 \u00feekkjum hann \u00f6ll. Honum til [&hellip;]<\/p>","protected":false},"author":5,"featured_media":29692,"comment_status":"closed","ping_status":"closed","sticky":false,"template":"","format":"standard","meta":{"_monsterinsights_skip_tracking":false,"_monsterinsights_sitenote_active":false,"_monsterinsights_sitenote_note":"","_monsterinsights_sitenote_category":0,"_jetpack_memberships_contains_paid_content":false,"footnotes":""},"categories":[9,13],"tags":[],"class_list":["post-29691","post","type-post","status-publish","format-standard","has-post-thumbnail","hentry","category-fotbolti","category-yngriflokkar"],"jetpack_sharing_enabled":true,"jetpack_featured_media_url":"https:\/\/fram.is\/wp-content\/uploads\/2022\/04\/CC_Express_20220406_1242320.30661025686020793.png","_links":{"self":[{"href":"https:\/\/fram.is\/is\/wp-json\/wp\/v2\/posts\/29691","targetHints":{"allow":["GET"]}}],"collection":[{"href":"https:\/\/fram.is\/is\/wp-json\/wp\/v2\/posts"}],"about":[{"href":"https:\/\/fram.is\/is\/wp-json\/wp\/v2\/types\/post"}],"author":[{"embeddable":true,"href":"https:\/\/fram.is\/is\/wp-json\/wp\/v2\/users\/5"}],"replies":[{"embeddable":true,"href":"https:\/\/fram.is\/is\/wp-json\/wp\/v2\/comments?post=29691"}],"version-history":[{"count":1,"href":"https:\/\/fram.is\/is\/wp-json\/wp\/v2\/posts\/29691\/revisions"}],"predecessor-version":[{"id":29693,"href":"https:\/\/fram.is\/is\/wp-json\/wp\/v2\/posts\/29691\/revisions\/29693"}],"wp:featuredmedia":[{"embeddable":true,"href":"https:\/\/fram.is\/is\/wp-json\/wp\/v2\/media\/29692"}],"wp:attachment":[{"href":"https:\/\/fram.is\/is\/wp-json\/wp\/v2\/media?parent=29691"}],"wp:term":[{"taxonomy":"category","embeddable":true,"href":"https:\/\/fram.is\/is\/wp-json\/wp\/v2\/categories?post=29691"},{"taxonomy":"post_tag","embeddable":true,"href":"https:\/\/fram.is\/is\/wp-json\/wp\/v2\/tags?post=29691"}],"curies":[{"name":"wp","href":"https:\/\/api.w.org\/{rel}","templated":true}]}}