{"id":2973,"date":"2013-05-07T14:01:47","date_gmt":"2013-05-07T14:01:47","guid":{"rendered":"http:\/\/fram.is\/?p=2973"},"modified":"2013-05-07T14:01:47","modified_gmt":"2013-05-07T14:01:47","slug":"6-ungmenni-fra-fram-i-urvalslidi-reykjavikur","status":"publish","type":"post","link":"https:\/\/fram.is\/is\/2013\/05\/07\/6-ungmenni-fra-fram-i-urvalslidi-reykjavikur\/","title":{"rendered":"6 ungmenni fr\u00e1 FRAM \u00ed \u00darvalsli\u00f0i Reykjav\u00edkur."},"content":{"rendered":"<p>\u00darvalsli\u00f0 \u00a0Reykjav\u00edkur tekur \u00fe\u00e1tt \u00ed\u00a0 grunnsk\u00f3lam\u00f3ti \u00a0h\u00f6fu\u00f0borg Nor\u00f0urlanda sem fram fer \u00ed Kaupmannah\u00f6fn dagana<br \/>\n27 &#8211; 31. ma\u00ed. \u00cd\u00fer\u00f3ttabandalag Reykjav\u00edkur \u00a0s\u00e9r um undirb\u00faning fyrir \u00feetta m\u00f3t\u00a0 og sendir me\u00f0 li\u00f0inu b\u00e6\u00f0i \u00fej\u00e1lfara og fararstj\u00f3ra. \u00a0L\u00f6ng hef\u00f0 er fyrir m\u00f3tinu og er Reykjav\u00edk a\u00f0 m\u00e6ta me\u00f0 li\u00f0 \u00ed \u00e1ttunda sinn en saga m\u00f3tsins spannar 65 \u00e1ra t\u00edmabil.<\/p>\n<p>Fulltr\u00faar \u00farvalsli\u00f0s Reykjav\u00edkur eru nemendur \u00ed grunnsk\u00f3lum Reykjav\u00edkur, f\u00e6dd \u00e1ri\u00f0 1999. Undirb\u00faningur fyrir m\u00f3ti\u00f0 h\u00f3fst me\u00f0 \u00e6fingum \u00ed byrjun \u00e1rs og einnig sko\u00f0u\u00f0u \u00fej\u00e1lfarar leikmenn \u00ed keppni. N\u00fa liggur fyrir endanlegt val \u00e1 h\u00f3pnum og koma keppendur fr\u00e1 18 grunnsk\u00f3lum og \u00e1tta \u00ed\u00fer\u00f3ttaf\u00e9l\u00f6gum \u00ed Reykjav\u00edk. \u00a0Fyrir hverja h\u00f6fu\u00f0borg keppa 41 nemandi, 14 \u00e1ra og yngri: 15 \u00ed knattspyrnu drengja, 10 \u00ed handknattleik st\u00falkna, 8 \u00ed frj\u00e1lsum \u00ed\u00fer\u00f3ttum st\u00falkna og 8 \u00ed frj\u00e1lsum \u00ed\u00fer\u00f3ttum drengja.<\/p>\n<p>Vi\u00f0 FRAMarar eru stoltir af \u00fev\u00ed a\u00f0 eiga\u00a0 6 ungmenni\u00a0 \u00ed\u00a0 h\u00f3pi \u00feeirra bestu \u00ed Reykjav\u00edk a\u00f0 \u00feessu sinni.<br \/>\nEn \u00feau eru:<\/p>\n<table border=\"0\" cellspacing=\"0\" cellpadding=\"0\">\n<tbody>\n<tr>\n<td valign=\"top\" width=\"257\">\u00d3li Anton Bieltvedt<\/td>\n<td valign=\"top\" width=\"180\">Knattspyrna drengja<\/td>\n<td valign=\"top\" width=\"113\"><b>Fram<\/b><\/td>\n<\/tr>\n<tr>\n<td valign=\"top\" width=\"257\">Magn\u00fas Sn\u00e6r Dagbjartsson<\/td>\n<td valign=\"top\" width=\"180\">Knattspyrna drengja<\/td>\n<td valign=\"top\" width=\"113\"><b>Fram<\/b><\/td>\n<\/tr>\n<tr>\n<td valign=\"top\" width=\"257\">Ingunn Lilja Bergsd\u00f3ttir<\/td>\n<td valign=\"top\" width=\"180\">Handknattleikur st\u00falkna<\/td>\n<td valign=\"top\" width=\"113\"><b>Fram<\/b><\/td>\n<\/tr>\n<tr>\n<td valign=\"top\" width=\"257\">Svala J\u00fal\u00eda Gunnarsd\u00f3ttir<\/td>\n<td valign=\"top\" width=\"180\">Handknattleikur st\u00falkna<\/td>\n<td valign=\"top\" width=\"113\"><b>Fram<\/b><\/td>\n<\/tr>\n<tr>\n<td valign=\"top\" width=\"257\">Ragnhei\u00f0ur \u00d3sk Ingvarsd\u00f3ttir<\/td>\n<td valign=\"top\" width=\"180\">Handknattleikur st\u00falkna<\/td>\n<td valign=\"top\" width=\"113\"><b>Fram<\/b><\/td>\n<\/tr>\n<tr>\n<td valign=\"top\" width=\"257\">Hei\u00f0r\u00fan D\u00eds Magn\u00fasd\u00f3ttir<\/td>\n<td valign=\"top\" width=\"180\">Handknattleikur st\u00falkna<\/td>\n<td valign=\"top\" width=\"113\"><b>Fram<\/b><\/td>\n<\/tr>\n<\/tbody>\n<\/table>\n<p><a href=\"http:\/\/fram.is\/wp-content\/uploads\/2013\/05\/Reykjav\u00edkur\u00farvali\u00f0-stelpur-2013-vefur.jpg\"><img decoding=\"async\" class=\"alignright size-medium wp-image-2978\" alt=\"Reykjav\u00edkur\u00farvali\u00f0  stelpur 2013 vefur\" src=\"http:\/\/fram.is\/wp-content\/uploads\/2013\/05\/Reykjav\u00edkur\u00farvali\u00f0-stelpur-2013-vefur-300x150.jpg\" width=\"300\" height=\"150\" srcset=\"https:\/\/fram.is\/wp-content\/uploads\/2013\/05\/Reykjav\u00edkur\u00farvali\u00f0-stelpur-2013-vefur-300x150.jpg 300w, https:\/\/fram.is\/wp-content\/uploads\/2013\/05\/Reykjav\u00edkur\u00farvali\u00f0-stelpur-2013-vefur.jpg 666w\" sizes=\"(max-width: 300px) 100vw, 300px\" \/><\/a><a href=\"http:\/\/fram.is\/wp-content\/uploads\/2013\/05\/Reykjav\u00edkur-\u00farvali\u00f0-2013-f\u00f3tbolti-Vefmynd.jpg\"><img decoding=\"async\" class=\"alignright size-medium wp-image-2977\" alt=\"Reykjav\u00edkur \u00farvali\u00f0 2013 f\u00f3tbolti Vefmynd\" src=\"http:\/\/fram.is\/wp-content\/uploads\/2013\/05\/Reykjav\u00edkur-\u00farvali\u00f0-2013-f\u00f3tbolti-Vefmynd-300x149.jpg\" width=\"300\" height=\"149\" \/><\/a><\/p>\n<p>Allar n\u00e1nari uppl\u00fdsingar um m\u00f3ti\u00f0 er a\u00f0 finna \u00e1 heimas\u00ed\u00f0u ibr, <a href=\"http:\/\/ibr.is\/grunnskolamot-hofudborga-nordurlanda\" target=\"_blank\" rel=\"noopener\">http:\/\/ibr.is\/grunnskolamot-hofudborga-nordurlanda<\/a>.<\/p>\n<p>Til hamingju FRAMarar og gangi ykkur vel.<\/p>\n<p>Knattspyrnuf\u00e9lagi\u00f0 FRAM<\/p>","protected":false},"excerpt":{"rendered":"<p>\u00darvalsli\u00f0 \u00a0Reykjav\u00edkur tekur \u00fe\u00e1tt \u00ed\u00a0 grunnsk\u00f3lam\u00f3ti \u00a0h\u00f6fu\u00f0borg Nor\u00f0urlanda sem fram fer \u00ed Kaupmannah\u00f6fn dagana 27 &#8211; 31. ma\u00ed. \u00cd\u00fer\u00f3ttabandalag Reykjav\u00edkur \u00a0s\u00e9r um undirb\u00faning fyrir \u00feetta m\u00f3t\u00a0 og sendir me\u00f0 li\u00f0inu [&hellip;]<\/p>","protected":false},"author":4,"featured_media":2977,"comment_status":"open","ping_status":"open","sticky":false,"template":"","format":"standard","meta":{"_monsterinsights_skip_tracking":false,"_monsterinsights_sitenote_active":false,"_monsterinsights_sitenote_note":"","_monsterinsights_sitenote_category":0,"_jetpack_memberships_contains_paid_content":false,"footnotes":""},"categories":[7,13],"tags":[],"class_list":["post-2973","post","type-post","status-publish","format-standard","has-post-thumbnail","hentry","category-yngri-flokkar","category-yngriflokkar"],"jetpack_sharing_enabled":true,"jetpack_featured_media_url":"https:\/\/fram.is\/wp-content\/uploads\/2013\/05\/Reykjav\u00edkur-\u00farvali\u00f0-2013-f\u00f3tbolti-Vefmynd.jpg","_links":{"self":[{"href":"https:\/\/fram.is\/is\/wp-json\/wp\/v2\/posts\/2973","targetHints":{"allow":["GET"]}}],"collection":[{"href":"https:\/\/fram.is\/is\/wp-json\/wp\/v2\/posts"}],"about":[{"href":"https:\/\/fram.is\/is\/wp-json\/wp\/v2\/types\/post"}],"author":[{"embeddable":true,"href":"https:\/\/fram.is\/is\/wp-json\/wp\/v2\/users\/4"}],"replies":[{"embeddable":true,"href":"https:\/\/fram.is\/is\/wp-json\/wp\/v2\/comments?post=2973"}],"version-history":[{"count":0,"href":"https:\/\/fram.is\/is\/wp-json\/wp\/v2\/posts\/2973\/revisions"}],"wp:featuredmedia":[{"embeddable":true,"href":"https:\/\/fram.is\/is\/wp-json\/wp\/v2\/media\/2977"}],"wp:attachment":[{"href":"https:\/\/fram.is\/is\/wp-json\/wp\/v2\/media?parent=2973"}],"wp:term":[{"taxonomy":"category","embeddable":true,"href":"https:\/\/fram.is\/is\/wp-json\/wp\/v2\/categories?post=2973"},{"taxonomy":"post_tag","embeddable":true,"href":"https:\/\/fram.is\/is\/wp-json\/wp\/v2\/tags?post=2973"}],"curies":[{"name":"wp","href":"https:\/\/api.w.org\/{rel}","templated":true}]}}