{"id":29797,"date":"2022-04-14T21:55:36","date_gmt":"2022-04-14T21:55:36","guid":{"rendered":"https:\/\/fram.is\/?p=29797"},"modified":"2022-04-14T21:57:24","modified_gmt":"2022-04-14T21:57:24","slug":"marissa-dora-kanadiskur-markvordur-til-lids-vid-fram","status":"publish","type":"post","link":"https:\/\/fram.is\/is\/2022\/04\/14\/marissa-dora-kanadiskur-markvordur-til-lids-vid-fram\/","title":{"rendered":"Marissa Dora, Kanad\u00edskur markv\u00f6r\u00f0ur til li\u00f0s vi\u00f0 Fram."},"content":{"rendered":"<div data-elementor-type=\"wp-post\" data-elementor-id=\"29797\" class=\"elementor elementor-29797\" data-elementor-post-type=\"post\">\n\t\t\t\t<section class=\"elementor-section elementor-top-section elementor-element elementor-element-6ad56458 elementor-section-boxed elementor-section-height-default elementor-section-height-default\" data-id=\"6ad56458\" data-element_type=\"section\">\n\t\t\t\t\t\t<div class=\"elementor-container elementor-column-gap-default\">\n\t\t\t\t\t<div class=\"elementor-column elementor-col-100 elementor-top-column elementor-element elementor-element-59f0de85\" data-id=\"59f0de85\" data-element_type=\"column\">\n\t\t\t<div class=\"elementor-widget-wrap elementor-element-populated\">\n\t\t\t\t\t\t<div class=\"elementor-element elementor-element-2e870336 elementor-widget elementor-widget-text-editor\" data-id=\"2e870336\" data-element_type=\"widget\" data-widget_type=\"text-editor.default\">\n\t\t\t\t<div class=\"elementor-widget-container\"><p><img fetchpriority=\"high\" decoding=\"async\" class=\"size-medium wp-image-29800 alignright\" src=\"https:\/\/fram.is\/wp-content\/uploads\/2022\/04\/Marissa-Dora--240x300.png\" alt=\"\" width=\"240\" height=\"300\" srcset=\"https:\/\/fram.is\/wp-content\/uploads\/2022\/04\/Marissa-Dora--240x300.png 240w, https:\/\/fram.is\/wp-content\/uploads\/2022\/04\/Marissa-Dora--800x1000.png 800w, https:\/\/fram.is\/wp-content\/uploads\/2022\/04\/Marissa-Dora--819x1024.png 819w, https:\/\/fram.is\/wp-content\/uploads\/2022\/04\/Marissa-Dora--768x960.png 768w, https:\/\/fram.is\/wp-content\/uploads\/2022\/04\/Marissa-Dora-.png 1080w\" sizes=\"(max-width: 240px) 100vw, 240px\" \/>Meistaraflokkur kvenna hefur sami\u00f0 vi\u00f0 hina Kanad\u00edsku Marissa Dora Zuchetto fyrir \u00e1t\u00f6kin \u00ed 2.deild kvenna \u00ed sumar.<\/p><p>Marissa er 23 \u00e1ra g\u00f6mul, f\u00e6dd 1999, og spilar sem markv\u00f6r\u00f0ur. H\u00fan kemur \u00far bandar\u00edska h\u00e1sk\u00f3laboltanum \u00fear sem h\u00fan spila\u00f0i me\u00f0 Washington State h\u00e1sk\u00f3lanum og \u00fear \u00e1\u00f0ur me\u00f0 Texas Tech vi\u00f0 mj\u00f6g g\u00f3\u00f0an or\u00f0st\u00edr. <br \/>H\u00fan hefur einnig spila\u00f0 me\u00f0 U15 og U17 landsli\u00f0um Kanada.<\/p><p>Vi\u00f0 hl\u00f6kkum miki\u00f0 til a\u00f0 f\u00e1 Marissu til li\u00f0s vi\u00f0 h\u00f3pinn og getum ekki be\u00f0i\u00f0 eftir a\u00f0 sj\u00e1 hana l\u00e6sa b\u00farinu \u00ed sumar.<\/p><p>Knattspyrnudeild Fram<\/p><\/div>\n\t\t\t\t<\/div>\n\t\t\t\t\t<\/div>\n\t\t<\/div>\n\t\t\t\t\t<\/div>\n\t\t<\/section>\t\t<\/div>","protected":false},"excerpt":{"rendered":"<p>Meistaraflokkur kvenna hefur sami\u00f0 vi\u00f0 hina Kanad\u00edsku Marissa Dora Zuchetto fyrir \u00e1t\u00f6kin \u00ed 2.deild kvenna \u00ed sumar. Marissa er 23 \u00e1ra g\u00f6mul, f\u00e6dd 1999, og spilar sem markv\u00f6r\u00f0ur. H\u00fan kemur [&hellip;]<\/p>","protected":false},"author":5,"featured_media":29798,"comment_status":"closed","ping_status":"closed","sticky":false,"template":"","format":"standard","meta":{"_monsterinsights_skip_tracking":false,"_monsterinsights_sitenote_active":false,"_monsterinsights_sitenote_note":"","_monsterinsights_sitenote_category":0,"_jetpack_memberships_contains_paid_content":false,"footnotes":""},"categories":[12],"tags":[],"class_list":["post-29797","post","type-post","status-publish","format-standard","has-post-thumbnail","hentry","category-mflkvenna"],"jetpack_sharing_enabled":true,"jetpack_featured_media_url":"https:\/\/fram.is\/wp-content\/uploads\/2022\/04\/Marissa-Dora-markmadur-vefur-.png","_links":{"self":[{"href":"https:\/\/fram.is\/is\/wp-json\/wp\/v2\/posts\/29797","targetHints":{"allow":["GET"]}}],"collection":[{"href":"https:\/\/fram.is\/is\/wp-json\/wp\/v2\/posts"}],"about":[{"href":"https:\/\/fram.is\/is\/wp-json\/wp\/v2\/types\/post"}],"author":[{"embeddable":true,"href":"https:\/\/fram.is\/is\/wp-json\/wp\/v2\/users\/5"}],"replies":[{"embeddable":true,"href":"https:\/\/fram.is\/is\/wp-json\/wp\/v2\/comments?post=29797"}],"version-history":[{"count":4,"href":"https:\/\/fram.is\/is\/wp-json\/wp\/v2\/posts\/29797\/revisions"}],"predecessor-version":[{"id":29803,"href":"https:\/\/fram.is\/is\/wp-json\/wp\/v2\/posts\/29797\/revisions\/29803"}],"wp:featuredmedia":[{"embeddable":true,"href":"https:\/\/fram.is\/is\/wp-json\/wp\/v2\/media\/29798"}],"wp:attachment":[{"href":"https:\/\/fram.is\/is\/wp-json\/wp\/v2\/media?parent=29797"}],"wp:term":[{"taxonomy":"category","embeddable":true,"href":"https:\/\/fram.is\/is\/wp-json\/wp\/v2\/categories?post=29797"},{"taxonomy":"post_tag","embeddable":true,"href":"https:\/\/fram.is\/is\/wp-json\/wp\/v2\/tags?post=29797"}],"curies":[{"name":"wp","href":"https:\/\/api.w.org\/{rel}","templated":true}]}}