{"id":29838,"date":"2022-04-21T00:44:48","date_gmt":"2022-04-21T00:44:48","guid":{"rendered":"https:\/\/fram.is\/?p=29838"},"modified":"2022-04-21T00:44:48","modified_gmt":"2022-04-21T00:44:48","slug":"besta-skyrslan","status":"publish","type":"post","link":"https:\/\/fram.is\/is\/2022\/04\/21\/besta-skyrslan\/","title":{"rendered":"Besta sk\u00fdrslan"},"content":{"rendered":"<p>\u00dea\u00f0 er yndislegt \u00feegar vori\u00f0 kemur til \u00cdslands, grasi\u00f0 tekur a\u00f0 gr\u00e6nka og fuglarnir a\u00f0 syngja. Best er \u00fe\u00f3 \u00feegar f\u00f3tboltinn byrjar a\u00f0 r\u00falla og flauta\u00f0 er til leiks \u00e1 \u00cdslandsm\u00f3tinu. Er \u00ed raun h\u00e6gt a\u00f0 hugsa s\u00e9r nokku\u00f0 skemmtilegra en a\u00f0 leika fyrsta heimaleikinn \u00e1 m\u00f3ti s\u00f6gufr\u00e6gasta f\u00f3tboltali\u00f0i landsins. F\u00e9lagi sem er \u00feekkt fyrir kr\u00f6fuhar\u00f0a og \u00e1str\u00ed\u00f0ufulla stu\u00f0ningsmenn, en leggur \u00fe\u00f3 alltaf \u00e1herslu \u00e1 l\u00e9tt og skemmtilegt spil? J\u00e1, Hafnfir\u00f0ingar eru svo sannarlega lukkunnar pamf\u00edlar. En n\u00f3g um leikinn \u00ed Kaplakrika \u00e1 m\u00e1nudag, dembum okkur \u00ed a\u00f0 fjalla um leik kv\u00f6ldsins.<\/p><p>\u00dea\u00f0 var s\u00e9rkennilegur fi\u00f0ringur \u00ed maga fr\u00e9ttaritara Frams\u00ed\u00f0unnar \u00e1 lei\u00f0inni \u00e1 v\u00f6llinn. Fr\u00e9ttaritarinn er oft harlag\u00f3\u00f0ur, stundum \u00e1g\u00e6tur en sjaldan bestur. Sj\u00f6 \u00e1ra kynningar- og \u00fatbrei\u00f0slustarfi Fram \u00e1 st\u00f6\u00f0um eins og Greniv\u00edk og F\u00e1skr\u00fa\u00f0sfir\u00f0i er loki\u00f0 og f\u00e9lagi\u00f0 komi\u00f0 \u00e1 n\u00fd \u00ed efstu deild \u2013 sem hefur a\u00f0 \u00fev\u00ed tilefni veri\u00f0 endursk\u00edr\u00f0 sem \u201eBesta deildin\u201c. \u00dear er allt best. Besta umfj\u00f6llunin. Bestu sj\u00f3nvarpsaugl\u00fdsingarnar. Besta kaffi\u00f0 og bestu rigningarsk\u00fararnir. Meira a\u00f0 segja sk\u00fdrslurnar eftir tapleiki eru bestar.<\/p><p>F\u00ednumannasamkv\u00e6mi\u00f0 var \u00ed Framsalnum \u00fear sem bo\u00f0i\u00f0 var upp \u00e1 besta kaffi\u00f0 og bestu nautahakksk\u00e1ssuna. Me\u00f0 \u00fev\u00ed var framreitt brau\u00f0, sem fr\u00e9ttaritarinn er ekki fjarri \u00fev\u00ed a\u00f0 hafi veri\u00f0 best. \u00dea\u00f0 var stemningin \u00ed h\u00f3pnum, en flestir \u00fe\u00f3 varf\u00e6rnir. Fr\u00e9ttir af vi\u00f0b\u00f3tum vi\u00f0 h\u00f3pinn hafa veri\u00f0 a\u00f0 berast fram \u00e1 s\u00ed\u00f0ustu stundu og h\u00e6tt vi\u00f0 a\u00f0 mannskapurinn ver\u00f0i stundarkorn a\u00f0 hrista sig saman.<\/p><p>Nonni m\u00e6tti, \u00e1varpa\u00f0i h\u00f3pinn og ger\u00f0i l\u00edti\u00f0 \u00far b\u00f6ls\u00fdnissp\u00e1m. Benti \u00e1 a\u00f0 \u00fer\u00e1tt fyrir mei\u00f0sli nokkurra leikmanna v\u00e6ru sterkir menn sem k\u00e6must ekki einu sinni \u00e1 bekkinn. Leika\u00f0fer\u00f0in \u00ed \u00feessum fyrsta leik \u00e1 m\u00f3ti KR v\u00e6ri s\u00fa sama og vi\u00f0 hef\u00f0um meira og minna keyrt \u00e1 \u00ed fyrra: 4-2-3-1, \u00fe\u00f3tt raunar v\u00e6rum vi\u00f0 n\u00fana me\u00f0 mannskap sem bi\u00f0i upp \u00e1 fleiri og fj\u00f6lbreytilegri uppstillingar.<\/p><p>\u00d3lafur \u00cdsh\u00f3lm var vitaskuld \u00ed markinu og fyrirli\u00f0i. Mi\u00f0ver\u00f0ir voru Gunnar Gunnarsson og dansk\/kong\u00f3lski n\u00fdli\u00f0inn Delphin Tshiembe. Hann vir\u00f0ist vera varnarma\u00f0ur \u00feeirrar ger\u00f0ar sem liggur alls ekkert \u00e1 a\u00f0 koma fr\u00e1 s\u00e9r boltanum (sem J\u00f3n Sveinsson hl\u00fdtur a\u00f0 telja mikinn kost). \u00cd bakv\u00f6r\u00f0unum voru Alex Freyr og Jes\u00fas Yendis fr\u00e1 Venes\u00faela. Aftast \u00e1 mi\u00f0junni voru \u00feeir Orri Gunnarsson og Indri\u00f0i \u00c1ki. S\u00e9rstaklega gaman a\u00f0 sj\u00e1 Orra \u00ed byrjunarli\u00f0i, en \u00fea\u00f0 hefur n\u00fa ekki gerst oft \u00e1 s\u00ed\u00f0ustu \u00e1rum \u00ed hans makalausu mei\u00f0slag\u00f6ngu. Albert Hafsteinsson var fremst \u00e1 mi\u00f0junni me\u00f0 M\u00e1 \u00c6gisson og Fred hvorn \u00e1 s\u00ednum kanti. Gummi Magg uppi \u00e1 toppi.<\/p><p>Leikurinn byrja\u00f0i r\u00f3lega og fr\u00e9ttaritarinn og skjaldsveinninn tryggi, Valur Nor\u00f0ri me\u00f0 markafleyginn langbesta, h\u00f6f\u00f0u n\u00e6gan t\u00edma til a\u00f0 vir\u00f0a fyrir s\u00e9r mannhafi\u00f0 \u00e1 r\u00e6kilega uppseldum vellinum. Geiramenn h\u00f6f\u00f0u hita\u00f0 upp \u00e1 n\u00e1l\u00e6gri ballsk\u00e1karstofu og voru jafnvel komnir \u00ed of\u00fej\u00e1lfun \u00feegar leikurinn h\u00f3fst. Kemur fyrir \u00e1 bestu b\u00e6jum. (S\u00e1u\u00f0 \u00fei\u00f0 hva\u00f0 \u00e9g kom einum bestu-brandara \u00e1reynslulaust fyrir h\u00e9rna!)<\/p><figure class=\"wp-block-image size-large\"><img fetchpriority=\"high\" decoding=\"async\" width=\"1024\" height=\"683\" src=\"https:\/\/fram.is\/wp-content\/uploads\/2022\/04\/Fram-KR-5-1024x683.jpg\" alt=\"\" class=\"wp-image-29845\" srcset=\"https:\/\/fram.is\/wp-content\/uploads\/2022\/04\/Fram-KR-5-1024x683.jpg 1024w, https:\/\/fram.is\/wp-content\/uploads\/2022\/04\/Fram-KR-5-800x533.jpg 800w, https:\/\/fram.is\/wp-content\/uploads\/2022\/04\/Fram-KR-5-300x200.jpg 300w, https:\/\/fram.is\/wp-content\/uploads\/2022\/04\/Fram-KR-5-768x512.jpg 768w, https:\/\/fram.is\/wp-content\/uploads\/2022\/04\/Fram-KR-5-1536x1024.jpg 1536w, https:\/\/fram.is\/wp-content\/uploads\/2022\/04\/Fram-KR-5.jpg 2048w\" sizes=\"(max-width: 1024px) 100vw, 1024px\" \/><\/figure><p>Eftir t\u00edu m\u00edn\u00fatna leik leit fyrsta f\u00e6ri\u00f0 dagsins lj\u00f3s og enda\u00f0i me\u00f0 marki. Einn KR-ingurinn skei\u00f0a\u00f0i upp kantinn og upp a\u00f0 endam\u00f6rkum, Gunnar renndi s\u00e9r \u00e1 eftir honum en missti af boltanum sem hr\u00f6kk fyrir marki\u00f0, \u00fear sem eitthva\u00f0 f\u00e1t kom \u00e1 Alex sem missti hann fyrir t\u00e6rnar \u00e1 a\u00f0v\u00edfandi KR-ingi sem skora\u00f0i au\u00f0veldlega, 0:1. (\u00cd lj\u00f3si \u00feess a\u00f0 \u00feessir pistlar hafa n\u00fa \u00f6\u00f0last n\u00fdjan lesendah\u00f3p stu\u00f0ningsmanna annarra li\u00f0a \u00ed bestu deildinni er r\u00e9tt a\u00f0 \u00fatsk\u00fdra strax a\u00f0 \u00fea\u00f0 er ekki til si\u00f0s \u00ed \u00feessum leiksk\u00fdrslum a\u00f0 nafngreina a\u00f0ra leikmenn en Framara. \u00deetta er ekki gert af illvilja e\u00f0a \u00ed ni\u00f0randi tilgangi. N\u00f6fn leikmanna annarra f\u00e9laga vekja einfaldlega ekki \u00e1huga okkar \u2013 \u00feeir skipta okkur ekki m\u00e1li.)<\/p><p>Fr\u00e9ttaritarinn og Valur Nor\u00f0ri b\u00f6lvu\u00f0u hressilega \u00ed hlj\u00f3\u00f0i. A\u00f0rir ekki jafn miki\u00f0 \u00ed hlj\u00f3\u00f0i. Meira um \u00fea\u00f0 s\u00ed\u00f0ar.<\/p><p>Eftir \u00feetta ferlega slysalega upphafsmark, sem afar erfitt var a\u00f0 t\u00falka sem best \u00e1 nokkurn h\u00e1tt, reyndu Framarar a\u00f0 vinna sig aftur inn \u00ed leikinn. Ekki li\u00f0u \u00fe\u00f3 nema fj\u00f3rar m\u00edn\u00fatur \u00e1\u00f0ur en \u00f3g\u00e6fan rei\u00f0 yfir \u00e1 n\u00fdjan leik. KR-ingur t\u00f3k aukaspyrnu (nei, \u00e9g er ekkert a\u00f0 gr\u00ednast me\u00f0 \u00feetta \u2013 \u00e9g mun \u00ed lengstu l\u00f6g for\u00f0ast a\u00f0 nafngreina \u00fe\u00e1) sem rata\u00f0i beint \u00e1 kollinn \u00e1 \u00f6\u00f0rum svarhv\u00edtum sem stanga\u00f0i gl\u00e6silega \u00ed neti\u00f0. \u00c1ttu varnarmennirnir okkar a\u00f0 vera betur sta\u00f0settir? J\u00faj\u00fa, kannski \u2013 en fyrst og fremst var \u00feetta bara helv\u00edti flott aukaspyrna.<\/p><p>A\u00f0 lenda 0:2 undir eftir kort\u00e9r var ekki hluti af besta planinu og Framarar \u00e1 p\u00f6llunum \u00f3ttu\u00f0ust algj\u00f6rt hrun. V\u00f6rnin virtist \u00f3samstillt og a\u00f0alvandam\u00e1li\u00f0 var a\u00f0 Vesturb\u00e6ingarnir g\u00e1tu hlaupi\u00f0 \u00ed gegnum mi\u00f0juna \u00f3\u00e1reittir a\u00f0 vild. Leikm\u00f6nnum Fram til hr\u00f3ss l\u00e9tu \u00feeir ekki hugfallast og reyndu a\u00f0 s\u00e6kja. Jes\u00fa hinn venes\u00faelski \u00e1tti flotta stungu inn \u00e1 Gu\u00f0mund sem var \u00f3heppinn a\u00f0 n\u00e1 ekki til boltans. Fr\u00e9ttaritarinn var\u00f0 strax hrifinn af \u00feessum leikmanni sem er greinilega h\u00f6rkuspilari og \u00e1 eftir a\u00f0 leggja miki\u00f0 upp fyrir okkur \u00ed sumar. Flj\u00f3tlega \u00ed kj\u00f6lfari\u00f0 fengu Framarar 2-3 \u00e1g\u00e6tis h\u00e1lff\u00e6ri eftir a\u00f0 Alex e\u00f0a kantmennirnir komust upp a\u00f0 endam\u00f6rkum og sendu fyrir, en okkar m\u00f6nnum t\u00f3kst ekki a\u00f0 n\u00e1 almennilegum skotum \u00e1 marki\u00f0.<\/p><figure class=\"wp-block-image size-large\"><img decoding=\"async\" width=\"1024\" height=\"683\" src=\"https:\/\/fram.is\/wp-content\/uploads\/2022\/04\/Fram-KR-3-1024x683.jpg\" alt=\"\" class=\"wp-image-29843\" srcset=\"https:\/\/fram.is\/wp-content\/uploads\/2022\/04\/Fram-KR-3-1024x683.jpg 1024w, https:\/\/fram.is\/wp-content\/uploads\/2022\/04\/Fram-KR-3-800x533.jpg 800w, https:\/\/fram.is\/wp-content\/uploads\/2022\/04\/Fram-KR-3-300x200.jpg 300w, https:\/\/fram.is\/wp-content\/uploads\/2022\/04\/Fram-KR-3-768x512.jpg 768w, https:\/\/fram.is\/wp-content\/uploads\/2022\/04\/Fram-KR-3-1536x1024.jpg 1536w, https:\/\/fram.is\/wp-content\/uploads\/2022\/04\/Fram-KR-3.jpg 2047w\" sizes=\"(max-width: 1024px) 100vw, 1024px\" \/><\/figure><p>S\u00f3knin virtist vera a\u00f0 \u00feyngjast jafnt og \u00fe\u00e9tt, en eftir langa s\u00f3knarlotu Fram eftir t\u00e6plega h\u00e1lft\u00edma leik unnu KR-ingar boltann, ruku \u00ed skyndis\u00f3kn og skoru\u00f0u eftir a\u00f0 hver Framarinn \u00e1 f\u00e6tur \u00f6\u00f0rum virtust stilla sig um a\u00f0 stoppa s\u00f3knina me\u00f0 broti. Pr\u00fa\u00f0mennska er f\u00edn, en \u00feetta er n\u00fa einum of.<\/p><p>Me\u00f0 \u00feriggja marka forystu g\u00e1tu KR-ingar dregi\u00f0 sig aftar \u00e1 v\u00f6llinn og l\u00e1ti\u00f0 t\u00edmann l\u00ed\u00f0a. Framarar s\u00f3ttu en sk\u00f6pu\u00f0u l\u00edti\u00f0 og yfirleitt vanta\u00f0i herslumuninni. Undir lok fyrri h\u00e1lfleiksins var Jes\u00fa sparka\u00f0ur f\u00f3lskulega ni\u00f0ur \u00fat \u00e1 mi\u00f0jum velli og var honum skipt \u00fat af \u00ed h\u00e1lfleik fyrir Tryggva Sn\u00e6 sem f\u00f3r \u00e1 kantinn og M\u00e1r \u00ed bakv\u00f6r\u00f0inn. P\u00e9tur d\u00f3mari s\u00e1 ekki \u00e1st\u00e6\u00f0u til a\u00f0 draga fram gula spjaldi\u00f0, sem var rangt og ekki eina atri\u00f0i\u00f0 \u00ed leiknum sem f\u00f3r \u00ed taugarnar \u00e1 Fr\u00f6murum \u00ed st\u00fakunni. \u00dea\u00f0 ver\u00f0ur hins vegar ekki komist hj\u00e1 \u00fev\u00ed a\u00f0 nefna a\u00f0 nokkrir of tilfinningar\u00edkir stu\u00f0ningsmenn f\u00f3ru langt yfir striki\u00f0 \u00ed hr\u00f3pum s\u00ednum og k\u00f6llum. Vi\u00f0 Framarar erum ekki skr\u00edll og \u00fea\u00f0 er ekki \u00ed bo\u00f0i a\u00f0 \u00f6skra a\u00f0 d\u00f3murum e\u00f0a leikm\u00f6nnum andst\u00e6\u00f0inganna a\u00f0 \u00feeir s\u00e9u r\u00e6flar og aumingjar, hva\u00f0 \u00fe\u00e1 innan um fj\u00f6lda barna. \u00deetta er ekki \u00ed lagi og taki \u00feeir til s\u00edn sem eiga. Vi\u00f0 erum st\u00f6dd \u00e1 f\u00f3tboltaleik en ekki B\u00fana\u00f0ar\u00feingi.<\/p><p>Stemningin \u00ed hl\u00e9i var \u00f6rl\u00edti\u00f0 bl\u00fasa\u00f0ri en fyrir leik. Nema \u00fe\u00e1 helst hj\u00e1 P\u00e1li KR-formanni, fr\u00e6nda fr\u00e9ttaritarans sem einhvern veginn haf\u00f0i kjafta\u00f0 sig inn \u00ed Framherjakaffi\u00f0. Skjaldsveinninn Valur ger\u00f0i svo d\u00fdrindis eplak\u00f6ku me\u00f0 rj\u00f3ma g\u00f3\u00f0 skil og ba\u00f0 um a\u00f0 \u00fev\u00ed v\u00e6ri komi\u00f0 \u00e1 framf\u00e6ri a\u00f0 \u00feetta v\u00e6ri besta eplakakan me\u00f0 fr\u00e1b\u00e6ru jafnv\u00e6gi epla og kanils. Ef allt fer \u00ed skr\u00fafuna hj\u00e1 okkur \u00e1 f\u00f3tboltavellinum g\u00e6ti Fram \u00ed \u00fea\u00f0 minnsta opna\u00f0 veislu\u00fej\u00f3nustu.<\/p><p>Seinni h\u00e1lfleikur var mun sk\u00e1rri en s\u00e1 fyrri. KR-ingarnir fengu vissulega s\u00edn f\u00e6ri og l\u00e9tu Framv\u00f6rnina svitna, en Framarar \u00e1ttu einnig s\u00ednar s\u00f3knarlotur. Albert, sem haf\u00f0i l\u00e1ti\u00f0 l\u00edti\u00f0 fyrir s\u00e9r fara fyrir hl\u00e9 hresstist talsvert og \u00feeir M\u00e1r og Alex \u00e1ttu g\u00f3\u00f0a spretti. Eftir r\u00e9tt um klukkt\u00edma leik uppsk\u00e1ru Framarar, \u00fear sem Gu\u00f0mundur n\u00e1\u00f0i eftir snarpa s\u00f3kn a\u00f0 leggja boltann fyrir M\u00e1 sem minnka\u00f0i muninn \u00ed 1:3.<\/p><figure class=\"wp-block-image size-large\"><img decoding=\"async\" width=\"1024\" height=\"683\" src=\"https:\/\/fram.is\/wp-content\/uploads\/2022\/04\/Fram-KR-2-1024x683.jpg\" alt=\"\" class=\"wp-image-29841\" srcset=\"https:\/\/fram.is\/wp-content\/uploads\/2022\/04\/Fram-KR-2-1024x683.jpg 1024w, https:\/\/fram.is\/wp-content\/uploads\/2022\/04\/Fram-KR-2-800x533.jpg 800w, https:\/\/fram.is\/wp-content\/uploads\/2022\/04\/Fram-KR-2-300x200.jpg 300w, https:\/\/fram.is\/wp-content\/uploads\/2022\/04\/Fram-KR-2-768x512.jpg 768w, https:\/\/fram.is\/wp-content\/uploads\/2022\/04\/Fram-KR-2-1536x1024.jpg 1536w, https:\/\/fram.is\/wp-content\/uploads\/2022\/04\/Fram-KR-2.jpg 2048w\" sizes=\"(max-width: 1024px) 100vw, 1024px\" \/><\/figure><p>Flj\u00f3tlega eftir marki\u00f0 ger\u00f0u Nonni og A\u00f0alsteinn tv\u00f6falda skiptingu. Orri og Fred f\u00f3ru af velli fyrir Hosine Bility og Jannik Holmsgaard. Sk\u00f6mmu s\u00ed\u00f0ar kom Hlynur inn fyrir Delphin. Fimmta og s\u00ed\u00f0asta skiptingin var svo undir lokin \u00feegar Magn\u00fas Ingi leysti Gu\u00f0mund af h\u00f3lmi.<\/p><p>Fyrst eftir marki\u00f0 virtust Framarar \u00e6tla a\u00f0 l\u00e1ta hn\u00e9 fylgja kvi\u00f0i og opna leikinn upp \u00e1 g\u00e1tt. Gummi Magg \u00e1tti f\u00ednan skalla \u00e1 78. m\u00edn\u00fatu sem Beit&#8230; \u00e9g meina KR-markv\u00f6r\u00f0urinn var\u00f0i vel. S\u00e1 var aftur \u00e1 fer\u00f0inni nokkrum m\u00edn\u00fatum s\u00ed\u00f0ar \u00feegar M\u00e1r \u00e1tti bylmingsskot a\u00f0 marki. Allar vonir um fr\u00e6ga endurkomu voru \u00fe\u00f3 slegnar \u00ed j\u00f6r\u00f0ina \u00feegar \u00ferj\u00e1r m\u00edn\u00fatur voru eftir af venjulegum leikt\u00edma. KR skora\u00f0i fj\u00f3r\u00f0a marki\u00f0 sem var n\u00e1nast endurtekning \u00e1 \u00fev\u00ed \u00feri\u00f0ja, \u00fear sem Framarar voru komnir of framarlega \u00e1 v\u00f6llinn, misstu boltann og gestirnir ruku upp og skoru\u00f0u. Framv\u00f6rnin leit afar illa \u00fat \u00ed \u00feessu marki. Ekki hennar besti dagur. (Nei Stef\u00e1n, n\u00fa h\u00e6ttir \u00fe\u00fa.)<\/p><p>Litlu m\u00e1tti muna a\u00f0 Fr\u00f6murum t\u00e6kist a\u00f0 vinna \u00fe\u00f3 ekki v\u00e6ri nema seinni h\u00e1lfleikinn \u00feegar vi\u00f0 fengum v\u00edti \u00ed uppb\u00f3tart\u00edma. Albert haf\u00f0i r\u00e9tt \u00e1\u00f0ur skalla\u00f0 \u00ed st\u00f6ngina og Jannik var kippt ni\u00f0ur \u00feegar hann reyndi a\u00f0 n\u00e1 fr\u00e1kastinu. V\u00edtaspyrna Alberts rata\u00f0i hins vegar \u00ed fangi\u00f0 \u00e1 KR-markver\u00f0inum og 1:4 tap var\u00f0 sta\u00f0reynd.<\/p><p>\u00dea\u00f0 er engin \u00e1st\u00e6\u00f0a til a\u00f0 fara \u00e1 taugum \u00fe\u00f3tt ekki hafi tekist a\u00f0 hefna rangl\u00e6tisins fr\u00e1 \u00b495 (aldrei gleyma, aldrei fyrirgefa) a\u00f0 \u00feessu sinni. V\u00f6rnin bar \u00feess merki a\u00f0 vera ekki fullm\u00f3tu\u00f0, vi\u00f0 s\u00f6knum Arons \u00de\u00f3r\u00f0ar af mi\u00f0junni og s\u00f3knin \u00fearf a\u00f0 smella. En \u00feegar \u00fea\u00f0 gerist \u00fe\u00e1 ver\u00f0ur \u00feetta allt \u00ed lagi. Besta lagi, n\u00e1nar tilteki\u00f0.<\/p><p>Stef\u00e1n P\u00e1lsson<\/p>","protected":false},"excerpt":{"rendered":"<p>\u00dea\u00f0 er yndislegt \u00feegar vori\u00f0 kemur til \u00cdslands, grasi\u00f0 tekur a\u00f0 gr\u00e6nka og fuglarnir a\u00f0 syngja. Best er \u00fe\u00f3 \u00feegar f\u00f3tboltinn byrjar a\u00f0 r\u00falla og flauta\u00f0 er til leiks \u00e1 [&hellip;]<\/p>","protected":false},"author":5,"featured_media":29839,"comment_status":"closed","ping_status":"closed","sticky":false,"template":"","format":"standard","meta":{"_monsterinsights_skip_tracking":false,"_monsterinsights_sitenote_active":false,"_monsterinsights_sitenote_note":"","_monsterinsights_sitenote_category":0,"_jetpack_memberships_contains_paid_content":false,"footnotes":""},"categories":[1,11,9],"tags":[],"class_list":["post-29838","post","type-post","status-publish","format-standard","has-post-thumbnail","hentry","category-uncategorized","category-mflkarla","category-fotbolti"],"jetpack_sharing_enabled":true,"jetpack_featured_media_url":"https:\/\/fram.is\/wp-content\/uploads\/2022\/04\/Fram-KR-1.jpg","_links":{"self":[{"href":"https:\/\/fram.is\/is\/wp-json\/wp\/v2\/posts\/29838","targetHints":{"allow":["GET"]}}],"collection":[{"href":"https:\/\/fram.is\/is\/wp-json\/wp\/v2\/posts"}],"about":[{"href":"https:\/\/fram.is\/is\/wp-json\/wp\/v2\/types\/post"}],"author":[{"embeddable":true,"href":"https:\/\/fram.is\/is\/wp-json\/wp\/v2\/users\/5"}],"replies":[{"embeddable":true,"href":"https:\/\/fram.is\/is\/wp-json\/wp\/v2\/comments?post=29838"}],"version-history":[{"count":3,"href":"https:\/\/fram.is\/is\/wp-json\/wp\/v2\/posts\/29838\/revisions"}],"predecessor-version":[{"id":29846,"href":"https:\/\/fram.is\/is\/wp-json\/wp\/v2\/posts\/29838\/revisions\/29846"}],"wp:featuredmedia":[{"embeddable":true,"href":"https:\/\/fram.is\/is\/wp-json\/wp\/v2\/media\/29839"}],"wp:attachment":[{"href":"https:\/\/fram.is\/is\/wp-json\/wp\/v2\/media?parent=29838"}],"wp:term":[{"taxonomy":"category","embeddable":true,"href":"https:\/\/fram.is\/is\/wp-json\/wp\/v2\/categories?post=29838"},{"taxonomy":"post_tag","embeddable":true,"href":"https:\/\/fram.is\/is\/wp-json\/wp\/v2\/tags?post=29838"}],"curies":[{"name":"wp","href":"https:\/\/api.w.org\/{rel}","templated":true}]}}