{"id":2994,"date":"2013-05-03T11:37:58","date_gmt":"2013-05-03T11:37:58","guid":{"rendered":"http:\/\/fram.is\/?p=2994"},"modified":"2013-05-03T11:37:58","modified_gmt":"2013-05-03T11:37:58","slug":"stjarnan-fram-i-myrinni-i-kvold","status":"publish","type":"post","link":"https:\/\/fram.is\/is\/2013\/05\/03\/stjarnan-fram-i-myrinni-i-kvold\/","title":{"rendered":"Stjarnan &#8211; FRAM \u00ed M\u00fdrinni \u00ed kv\u00f6ld"},"content":{"rendered":"<p><a href=\"http:\/\/fram.is\/wp-content\/uploads\/2013\/05\/Fram-Stjarnan-SJ.jpg\"><img fetchpriority=\"high\" decoding=\"async\" class=\"alignright size-medium wp-image-2996\" alt=\"Fram-Stjarnan-SJ\" src=\"http:\/\/fram.is\/wp-content\/uploads\/2013\/05\/Fram-Stjarnan-SJ-300x199.jpg\" width=\"300\" height=\"199\" \/><\/a>FRAM heims\u00e6kir Stj\u00f6rnuna \u00ed fj\u00f3r\u00f0a leik \u00farslitarimmu N1-deildar kvenna klukkan 18.45 \u00ed kv\u00f6ld. \u00a0H\u00e9r duga engin vettlingat\u00f6k, FRAM hreinlega ver\u00f0ur a\u00f0 vinna leikinn til a\u00f0 for\u00f0a \u00fev\u00ed a\u00f0 Gar\u00f0b\u00e6ingar lyfti \u00cdslandsbikarnum og stu\u00f0ningur \u00e1horfenda er lykilatri\u00f0i \u00ed \u00feessu samhengi.<\/p>\n<p>Sta\u00f0an \u00ed einv\u00edginu er 2-1 fyrir Stj\u00f6rnuna, sem unni\u00f0 hefur b\u00e1\u00f0a leiki li\u00f0anna \u00ed FRAMh\u00fasinu. \u00a0FRAM vann hins vegar annan leikinn \u00ed M\u00fdrinni me\u00f0 nokku\u00f0 sannf\u00e6randi h\u00e6tti og von bl\u00e1rra er au\u00f0vita\u00f0 s\u00fa a\u00f0 takturinn ver\u00f0i s\u00e1 sami, enn um stund.<\/p>\n<p>Allt ver\u00f0ur lagt \u00ed s\u00f6lurnar \u00ed kv\u00f6ld, taugar \u00feandar og svitinn bogar. \u00a0Stelpurnar okkar \u00feurfa \u00e1 stu\u00f0ningi a\u00f0 halda &#8211; \u00e1ttundi ma\u00f0urinn \u00ed st\u00fakunni ver\u00f0ur a\u00f0 l\u00e1ta til s\u00edn taka!<br \/>\n<strong><br \/>\nFRAMARAR &#8211; M\u00c6TUM \u00cd M\u00ddRINA OG L\u00c1TUM \u00cd OKKUR HEYRA!<\/strong><b><br \/>\n<\/b><\/p>","protected":false},"excerpt":{"rendered":"<p>FRAM heims\u00e6kir Stj\u00f6rnuna \u00ed fj\u00f3r\u00f0a leik \u00farslitarimmu N1-deildar kvenna klukkan 18.45 \u00ed kv\u00f6ld. \u00a0H\u00e9r duga engin vettlingat\u00f6k, FRAM hreinlega ver\u00f0ur a\u00f0 vinna leikinn til a\u00f0 for\u00f0a \u00fev\u00ed a\u00f0 Gar\u00f0b\u00e6ingar lyfti [&hellip;]<\/p>","protected":false},"author":3,"featured_media":2995,"comment_status":"open","ping_status":"open","sticky":false,"template":"","format":"standard","meta":{"_monsterinsights_skip_tracking":false,"_monsterinsights_sitenote_active":false,"_monsterinsights_sitenote_note":"","_monsterinsights_sitenote_category":0,"_jetpack_memberships_contains_paid_content":false,"footnotes":""},"categories":[6,15],"tags":[],"class_list":["post-2994","post","type-post","status-publish","format-standard","has-post-thumbnail","hentry","category-handbolti","category-mfl-kvenna"],"jetpack_sharing_enabled":true,"jetpack_featured_media_url":"https:\/\/fram.is\/wp-content\/uploads\/2013\/05\/Fram-Stjarnan-SB.jpg","_links":{"self":[{"href":"https:\/\/fram.is\/is\/wp-json\/wp\/v2\/posts\/2994","targetHints":{"allow":["GET"]}}],"collection":[{"href":"https:\/\/fram.is\/is\/wp-json\/wp\/v2\/posts"}],"about":[{"href":"https:\/\/fram.is\/is\/wp-json\/wp\/v2\/types\/post"}],"author":[{"embeddable":true,"href":"https:\/\/fram.is\/is\/wp-json\/wp\/v2\/users\/3"}],"replies":[{"embeddable":true,"href":"https:\/\/fram.is\/is\/wp-json\/wp\/v2\/comments?post=2994"}],"version-history":[{"count":0,"href":"https:\/\/fram.is\/is\/wp-json\/wp\/v2\/posts\/2994\/revisions"}],"wp:featuredmedia":[{"embeddable":true,"href":"https:\/\/fram.is\/is\/wp-json\/wp\/v2\/media\/2995"}],"wp:attachment":[{"href":"https:\/\/fram.is\/is\/wp-json\/wp\/v2\/media?parent=2994"}],"wp:term":[{"taxonomy":"category","embeddable":true,"href":"https:\/\/fram.is\/is\/wp-json\/wp\/v2\/categories?post=2994"},{"taxonomy":"post_tag","embeddable":true,"href":"https:\/\/fram.is\/is\/wp-json\/wp\/v2\/tags?post=2994"}],"curies":[{"name":"wp","href":"https:\/\/api.w.org\/{rel}","templated":true}]}}