{"id":2999,"date":"2013-05-03T12:07:18","date_gmt":"2013-05-03T12:07:18","guid":{"rendered":"http:\/\/fram.is\/?p=2999"},"modified":"2013-05-03T12:07:18","modified_gmt":"2013-05-03T12:07:18","slug":"3-stelpur-fra-fram-i-u-19-ara-landslidid-islands-og-3-verda-til-taks","status":"publish","type":"post","link":"https:\/\/fram.is\/is\/2013\/05\/03\/3-stelpur-fra-fram-i-u-19-ara-landslidid-islands-og-3-verda-til-taks\/","title":{"rendered":"3 stelpur fr\u00e1 FRAM \u00ed U-19 \u00e1ra landsli\u00f0i\u00f0 \u00cdslands og 3 ver\u00f0a til taks."},"content":{"rendered":"<p align=\"center\"><b>U-19 \u00e1ra landsli\u00f0 kvenna<\/b><\/p>\n<p>B\u00fai\u00f0 er a\u00f0 velja leikmannaah\u00f3p fyrir U-19 \u00e1ra landsli\u00f0 kvenna sem mun byrja a\u00f0 \u00e6fa saman 6.ma\u00ed. H\u00f3purinn mun svo \u00e6fa daglega fram a\u00f0 ri\u00f0lakeppni EM 2013 sem hefst 17.ma\u00ed \u00ed Serb\u00edu.<\/p>\n<p>Leikir \u00cdslands ver\u00f0a sem h\u00e9r segir:<\/p>\n<table width=\"550\" border=\"0\" cellspacing=\"0\" cellpadding=\"0\">\n<tbody>\n<tr>\n<td>Sun. 19.ma\u00ed.2013<\/td>\n<td>16.00<\/td>\n<td>Michalovce<\/td>\n<td>\u00cdsland &#8211; Sl\u00f3vak\u00eda<\/td>\n<td><\/td>\n<td><\/td>\n<\/tr>\n<tr>\n<td>Lau. 18.ma\u00ed.2013<\/td>\n<td>13.30<\/td>\n<td>Michalovce<\/td>\n<td>\u00cdsland &#8211; Serb\u00eda<\/td>\n<td><\/td>\n<td><\/td>\n<\/tr>\n<tr>\n<td>F\u00f6s. 17.ma\u00ed.2013<\/td>\n<td>13.30<\/td>\n<td>Michalovce<\/td>\n<td>\u00cdsland &#8211; Moldav\u00eda<\/td>\n<td><\/td>\n<td><\/td>\n<\/tr>\n<\/tbody>\n<\/table>\n<p><b>Vi\u00f0 FRAMarar eigum 3 stelpur \u00ed h\u00f3pnum a\u00f0 \u00feessu sinni og 3 sem ver\u00f0a tilb\u00fanar ef kalli\u00f0 kemur.\u00a0<\/b><\/p>\n<p><em id=\"__mceDel\"><br \/>\nHafd\u00eds Iura Fram<br \/>\nHekla R\u00fan \u00c1mundad\u00f3ttir Fram<br \/>\nRagnhei\u00f0ur J\u00fal\u00edusd\u00f3ttir\u00a0Fram<\/p>\n<p>Auk \u00feess munu eftirtaldir leikmenn \u00e6fa me\u00f0 h\u00f3pnum og vera til taks:<\/p>\n<p>Hildur Gunnarsd\u00f3ttir Fram<br \/>\nKristin Helgad\u00f3ttir Fram<br \/>\nKarolina Vilborg Torfad\u00f3ttir Fram<\/em><\/p>\n<p>Gangi\u00a0 ykkur vel stelpur !<\/p>","protected":false},"excerpt":{"rendered":"<p>U-19 \u00e1ra landsli\u00f0 kvenna B\u00fai\u00f0 er a\u00f0 velja leikmannaah\u00f3p fyrir U-19 \u00e1ra landsli\u00f0 kvenna sem mun byrja a\u00f0 \u00e6fa saman 6.ma\u00ed. H\u00f3purinn mun svo \u00e6fa daglega fram a\u00f0 ri\u00f0lakeppni EM [&hellip;]<\/p>","protected":false},"author":4,"featured_media":2368,"comment_status":"open","ping_status":"open","sticky":false,"template":"","format":"standard","meta":{"_monsterinsights_skip_tracking":false,"_monsterinsights_sitenote_active":false,"_monsterinsights_sitenote_note":"","_monsterinsights_sitenote_category":0,"_jetpack_memberships_contains_paid_content":false,"footnotes":""},"categories":[7,6,10],"tags":[],"class_list":["post-2999","post","type-post","status-publish","format-standard","has-post-thumbnail","hentry","category-yngri-flokkar","category-handbolti","category-frettir"],"jetpack_sharing_enabled":true,"jetpack_featured_media_url":"https:\/\/fram.is\/wp-content\/uploads\/2013\/03\/Bikarmeistarar-2013.jpg","_links":{"self":[{"href":"https:\/\/fram.is\/is\/wp-json\/wp\/v2\/posts\/2999","targetHints":{"allow":["GET"]}}],"collection":[{"href":"https:\/\/fram.is\/is\/wp-json\/wp\/v2\/posts"}],"about":[{"href":"https:\/\/fram.is\/is\/wp-json\/wp\/v2\/types\/post"}],"author":[{"embeddable":true,"href":"https:\/\/fram.is\/is\/wp-json\/wp\/v2\/users\/4"}],"replies":[{"embeddable":true,"href":"https:\/\/fram.is\/is\/wp-json\/wp\/v2\/comments?post=2999"}],"version-history":[{"count":0,"href":"https:\/\/fram.is\/is\/wp-json\/wp\/v2\/posts\/2999\/revisions"}],"wp:featuredmedia":[{"embeddable":true,"href":"https:\/\/fram.is\/is\/wp-json\/wp\/v2\/media\/2368"}],"wp:attachment":[{"href":"https:\/\/fram.is\/is\/wp-json\/wp\/v2\/media?parent=2999"}],"wp:term":[{"taxonomy":"category","embeddable":true,"href":"https:\/\/fram.is\/is\/wp-json\/wp\/v2\/categories?post=2999"},{"taxonomy":"post_tag","embeddable":true,"href":"https:\/\/fram.is\/is\/wp-json\/wp\/v2\/tags?post=2999"}],"curies":[{"name":"wp","href":"https:\/\/api.w.org\/{rel}","templated":true}]}}