{"id":30195,"date":"2022-05-11T10:42:42","date_gmt":"2022-05-11T10:42:42","guid":{"rendered":"https:\/\/fram.is\/?p=30195"},"modified":"2022-05-11T10:47:10","modified_gmt":"2022-05-11T10:47:10","slug":"gluggadagsveisla-hja-mfl-kvenna","status":"publish","type":"post","link":"https:\/\/fram.is\/is\/2022\/05\/11\/gluggadagsveisla-hja-mfl-kvenna\/","title":{"rendered":"Gluggadagsveisla hj\u00e1 mfl. kvenna"},"content":{"rendered":"<div data-elementor-type=\"wp-post\" data-elementor-id=\"30195\" class=\"elementor elementor-30195\" data-elementor-post-type=\"post\">\n\t\t\t\t<section class=\"elementor-section elementor-top-section elementor-element elementor-element-49c33a72 elementor-section-boxed elementor-section-height-default elementor-section-height-default\" data-id=\"49c33a72\" data-element_type=\"section\">\n\t\t\t\t\t\t<div class=\"elementor-container elementor-column-gap-default\">\n\t\t\t\t\t<div class=\"elementor-column elementor-col-100 elementor-top-column elementor-element elementor-element-515960bc\" data-id=\"515960bc\" data-element_type=\"column\">\n\t\t\t<div class=\"elementor-widget-wrap elementor-element-populated\">\n\t\t\t\t\t\t<div class=\"elementor-element elementor-element-57d3cde2 elementor-widget elementor-widget-text-editor\" data-id=\"57d3cde2\" data-element_type=\"widget\" data-widget_type=\"text-editor.default\">\n\t\t\t\t<div class=\"elementor-widget-container\"><p><img fetchpriority=\"high\" decoding=\"async\" class=\"size-medium wp-image-30198 alignright\" src=\"https:\/\/fram.is\/wp-content\/uploads\/2022\/05\/NyrSamningur_Lara_portrait-1-240x300.png\" alt=\"\" width=\"240\" height=\"300\" srcset=\"https:\/\/fram.is\/wp-content\/uploads\/2022\/05\/NyrSamningur_Lara_portrait-1-240x300.png 240w, https:\/\/fram.is\/wp-content\/uploads\/2022\/05\/NyrSamningur_Lara_portrait-1-800x1000.png 800w, https:\/\/fram.is\/wp-content\/uploads\/2022\/05\/NyrSamningur_Lara_portrait-1-819x1024.png 819w, https:\/\/fram.is\/wp-content\/uploads\/2022\/05\/NyrSamningur_Lara_portrait-1-768x960.png 768w, https:\/\/fram.is\/wp-content\/uploads\/2022\/05\/NyrSamningur_Lara_portrait-1.png 1080w\" sizes=\"(max-width: 240px) 100vw, 240px\" \/>\u00dea\u00f0 er algj\u00f6r samningaveisla \u00ed gangi hj\u00e1 meistaraflokki kvenna \u00e1 \u00feessum lokadegi f\u00e9lagaskiptagluggans.<\/p><p>Fimm leikmenn hafa framlengt samninga s\u00edna um 2 \u00e1r, tveir n\u00fdjir\u00a0leikmenn hafa skrifa\u00f0 undir 2 \u00e1ra samning og einn leikma\u00f0ur kemur a\u00f0 l\u00e1ni fr\u00e1 KR.<\/p><p>L\u00e1ra \u00d3sk Albertsd\u00f3ttir kom til Fram fr\u00e1 HK fyrir s\u00ed\u00f0asta t\u00edmabil en n\u00e1\u00f0i ekki a\u00f0 spila leik me\u00f0 li\u00f0inu \u00fear sem h\u00fan var\u00f0 \u00f3l\u00e9tt stuttu \u00e1\u00f0ur en t\u00edmabili\u00f0 h\u00f3fst. H\u00fan er n\u00fa m\u00e6tt aftur, betri en nokkurnt\u00edmann, og kl\u00e1r \u00ed slaginn me\u00f0 li\u00f0inu n\u00e6stu 2 \u00e1rin hi\u00f0 minnsta. L\u00e1ra er flinkur og vel spilandi mi\u00f0juma\u00f0ur me\u00f0 g\u00f3\u00f0a sendingagetu.<\/p><p><img decoding=\"async\" class=\"size-medium wp-image-30199 alignright\" src=\"https:\/\/fram.is\/wp-content\/uploads\/2022\/05\/NyrSamningur_Olla_portrait-copy-1-240x300.png\" alt=\"\" width=\"240\" height=\"300\" srcset=\"https:\/\/fram.is\/wp-content\/uploads\/2022\/05\/NyrSamningur_Olla_portrait-copy-1-240x300.png 240w, https:\/\/fram.is\/wp-content\/uploads\/2022\/05\/NyrSamningur_Olla_portrait-copy-1-800x1000.png 800w, https:\/\/fram.is\/wp-content\/uploads\/2022\/05\/NyrSamningur_Olla_portrait-copy-1-819x1024.png 819w, https:\/\/fram.is\/wp-content\/uploads\/2022\/05\/NyrSamningur_Olla_portrait-copy-1-768x960.png 768w, https:\/\/fram.is\/wp-content\/uploads\/2022\/05\/NyrSamningur_Olla_portrait-copy-1.png 1080w\" sizes=\"(max-width: 240px) 100vw, 240px\" \/>\u00d3l\u00f6f Ragnarsd\u00f3ttir kom einnig til Fram fr\u00e1 HK fyrir s\u00ed\u00f0asta t\u00edmabil en sleppti \u00fev\u00ed a\u00f0 ver\u00f0a \u00f3l\u00e9tt. H\u00fan gegndi st\u00f3ru hlutverki \u00ed velgengni s\u00ed\u00f0asta \u00e1rs \u00fear sem h\u00fan spila\u00f0i b\u00e6\u00f0i sem s\u00f3knar- og mi\u00f0juma\u00f0ur. Olla er kraftmikill og frams\u00e6kinn mi\u00f0juma\u00f0ur en l\u00edka a\u00f0altr\u00fa\u00f0urinn \u00ed h\u00f3pnum, \u00fea\u00f0 skal ekki vanmeta \u00fea\u00f0.<\/p><p>Au\u00f0ur Erla Gunnarsd\u00f3ttir er uppalin hj\u00e1 Fram og \u00ed henni rennur algj\u00f6rlega bl\u00e1tt bl\u00f3\u00f0. Auk \u00feess a\u00f0 spila me\u00f0 meistaraflokki kvenna \u00fej\u00e1lfar h\u00fan yngri flokka b\u00e6\u00f0i karla og kvenna. Au\u00f0ur er skynsamur no-nonsense h\u00e6gri bakv\u00f6r\u00f0ur og mj\u00f6g \u00f6flugur karakter.<\/p><p><img decoding=\"async\" class=\"size-medium wp-image-30201 alignright\" src=\"https:\/\/fram.is\/wp-content\/uploads\/2022\/05\/NyrSamningur_Audur_portrait-240x300.png\" alt=\"\" width=\"240\" height=\"300\" srcset=\"https:\/\/fram.is\/wp-content\/uploads\/2022\/05\/NyrSamningur_Audur_portrait-240x300.png 240w, https:\/\/fram.is\/wp-content\/uploads\/2022\/05\/NyrSamningur_Audur_portrait-800x1000.png 800w, https:\/\/fram.is\/wp-content\/uploads\/2022\/05\/NyrSamningur_Audur_portrait-819x1024.png 819w, https:\/\/fram.is\/wp-content\/uploads\/2022\/05\/NyrSamningur_Audur_portrait-768x960.png 768w, https:\/\/fram.is\/wp-content\/uploads\/2022\/05\/NyrSamningur_Audur_portrait.png 1080w\" sizes=\"(max-width: 240px) 100vw, 240px\" \/>\u00de\u00f3rd\u00eds \u00d6sp Cummings er \u00f3l\u00edkindat\u00f3l. S\u00ed\u00f0ustu 2 t\u00edmabil hefur h\u00fan spila\u00f0 sem s\u00f3knarma\u00f0ur en leyst af \u00ed flestum st\u00f6\u00f0um eftir \u00fe\u00f6rfum, m.a. \u00ed marki. Fyrir \u00feetta t\u00edmabil og \u00fea\u00f0 n\u00e6sta a\u00f0 l\u00e1gmarki, ver\u00f0ur h\u00fan alfari\u00f0 \u00ed markmannstreyjunni. \u00de\u00f3rd\u00eds er \u00e1r\u00e6\u00f0in \u00ed \u00fathlaupum og \u00f3hr\u00e6dd, sem s\u00e9st \u00e1 \u00fev\u00ed a\u00f0 h\u00fan fer l\u00famskt sl\u00f6su\u00f0 heim eftir hverja einustu \u00e6fingu.<\/p><p>Kar\u00edtas Mar\u00eda Arnard\u00f3ttir kom til Fram fr\u00e1 Leikni \u00feegar meistaraflokkur kvenna var stofna\u00f0ur \u00e1ri\u00f0 2020. H\u00fan var fyrirli\u00f0i li\u00f0sins \u00e1 s\u00ednu fyrsta t\u00edmabili, \u00fer\u00e1tt fyrir a\u00f0 vera a\u00f0eins 18 \u00e1ra, og er virkilega \u00f6flugur karakter \u00ed h\u00f3pnum og <img loading=\"lazy\" decoding=\"async\" class=\"size-medium wp-image-30200 alignright\" src=\"https:\/\/fram.is\/wp-content\/uploads\/2022\/05\/NyrSamningur_THordis_portrait-240x300.png\" alt=\"\" width=\"240\" height=\"300\" srcset=\"https:\/\/fram.is\/wp-content\/uploads\/2022\/05\/NyrSamningur_THordis_portrait-240x300.png 240w, https:\/\/fram.is\/wp-content\/uploads\/2022\/05\/NyrSamningur_THordis_portrait-800x1000.png 800w, https:\/\/fram.is\/wp-content\/uploads\/2022\/05\/NyrSamningur_THordis_portrait-819x1024.png 819w, https:\/\/fram.is\/wp-content\/uploads\/2022\/05\/NyrSamningur_THordis_portrait-768x960.png 768w, https:\/\/fram.is\/wp-content\/uploads\/2022\/05\/NyrSamningur_THordis_portrait.png 1080w\" sizes=\"(max-width: 240px) 100vw, 240px\" \/>utan hans. Kar\u00ed er h\u00e6gri bakv\u00f6r\u00f0ur \u00ed grunninn en getur leyst mi\u00f0var\u00f0ast\u00f6\u00f0una vel l\u00edka, sem h\u00fan ger\u00f0i \u00ed bandar\u00edska h\u00e1sk\u00f3laboltanum s\u00ed\u00f0astli\u00f0inn vetur.<\/p><p>Allar framlengja \u00fe\u00e6r samninga s\u00edna vi\u00f0 Fram um 2 \u00e1r.<\/p><p>Ylfa Margr\u00e9t \u00d3lafsd\u00f3ttir kemur til Fram fr\u00e1 uppeldisf\u00e9lagi s\u00ednu, Haukum. Ylfa er v\u00e6ngma\u00f0ur sem b\u00fdr yfir miklum hra\u00f0a og sprengikrafti og er verulega \u00f6flug \u00ed pressunni. H\u00fan hefur sta\u00f0i\u00f0 sig vel me\u00f0 li\u00f0inu \u00e1 undirb\u00faningst\u00edmabilinu og s\u00fdnt a\u00f0 h\u00fan hefur alla bur\u00f0i til a\u00f0 n\u00e1 langt.<\/p><p><img loading=\"lazy\" decoding=\"async\" class=\"size-medium wp-image-30202 alignright\" src=\"https:\/\/fram.is\/wp-content\/uploads\/2022\/05\/NyrSamningur_Kari_portrait-240x300.png\" alt=\"\" width=\"240\" height=\"300\" srcset=\"https:\/\/fram.is\/wp-content\/uploads\/2022\/05\/NyrSamningur_Kari_portrait-240x300.png 240w, https:\/\/fram.is\/wp-content\/uploads\/2022\/05\/NyrSamningur_Kari_portrait-800x1000.png 800w, https:\/\/fram.is\/wp-content\/uploads\/2022\/05\/NyrSamningur_Kari_portrait-819x1024.png 819w, https:\/\/fram.is\/wp-content\/uploads\/2022\/05\/NyrSamningur_Kari_portrait-768x960.png 768w, https:\/\/fram.is\/wp-content\/uploads\/2022\/05\/NyrSamningur_Kari_portrait.png 1080w\" sizes=\"(max-width: 240px) 100vw, 240px\" \/>Gu\u00f0r\u00fan P\u00e1la \u00c1rnad\u00f3ttir kemur til Fram fr\u00e1 uppeldisf\u00e9lagi s\u00ednu, V\u00edkingum. Gu\u00f0r\u00fan er fj\u00f6lh\u00e6f og mj\u00f6g efnileg, hvort sem \u00fea\u00f0 er sem mi\u00f0juma\u00f0ur, bakv\u00f6r\u00f0ur e\u00f0a kantma\u00f0ur. H\u00fan er flj\u00f3t og sterk me\u00f0 g\u00f3\u00f0an f\u00f3tboltagrunn.<\/p><p>B\u00e1\u00f0ar semja \u00fe\u00e6r vi\u00f0 f\u00e9lagi\u00f0 til 2 \u00e1ra.<\/p><p>Emil\u00eda Ingvad\u00f3ttir kemur til f\u00e9lagsins a\u00f0 l\u00e1ni fr\u00e1 KR. H\u00fan er n\u00fat\u00edma mi\u00f0v\u00f6r\u00f0ur me\u00f0 g\u00f3\u00f0an leikskilning og boltame\u00f0fer\u00f0 og mj\u00f6g gott auga fyrir spili. H\u00fan hefur sta\u00f0i\u00f0 sig mj\u00f6g vel me\u00f0 li\u00f0inu \u00e1 undirb\u00faningst\u00edmabilinu og var me\u00f0al annars valin ma\u00f0ur leiksins \u00ed leik li\u00f0sins gegn V\u00edkingi \u00ed Mj\u00f3lkurbikarnum.<br \/><br \/><img loading=\"lazy\" decoding=\"async\" class=\"size-medium wp-image-30203 alignright\" src=\"https:\/\/fram.is\/wp-content\/uploads\/2022\/05\/Leikmannasigning_Ylfa-240x300.png\" alt=\"\" width=\"240\" height=\"300\" srcset=\"https:\/\/fram.is\/wp-content\/uploads\/2022\/05\/Leikmannasigning_Ylfa-240x300.png 240w, https:\/\/fram.is\/wp-content\/uploads\/2022\/05\/Leikmannasigning_Ylfa-800x1000.png 800w, https:\/\/fram.is\/wp-content\/uploads\/2022\/05\/Leikmannasigning_Ylfa-819x1024.png 819w, https:\/\/fram.is\/wp-content\/uploads\/2022\/05\/Leikmannasigning_Ylfa-768x960.png 768w, https:\/\/fram.is\/wp-content\/uploads\/2022\/05\/Leikmannasigning_Ylfa.png 1080w\" sizes=\"(max-width: 240px) 100vw, 240px\" \/><img loading=\"lazy\" decoding=\"async\" class=\"size-medium wp-image-30204 alignright\" src=\"https:\/\/fram.is\/wp-content\/uploads\/2022\/05\/Leikmannasigning_GudrunPala-240x300.png\" alt=\"\" width=\"240\" height=\"300\" srcset=\"https:\/\/fram.is\/wp-content\/uploads\/2022\/05\/Leikmannasigning_GudrunPala-240x300.png 240w, https:\/\/fram.is\/wp-content\/uploads\/2022\/05\/Leikmannasigning_GudrunPala-800x1000.png 800w, https:\/\/fram.is\/wp-content\/uploads\/2022\/05\/Leikmannasigning_GudrunPala-819x1024.png 819w, https:\/\/fram.is\/wp-content\/uploads\/2022\/05\/Leikmannasigning_GudrunPala-768x960.png 768w, https:\/\/fram.is\/wp-content\/uploads\/2022\/05\/Leikmannasigning_GudrunPala.png 1080w\" sizes=\"(max-width: 240px) 100vw, 240px\" \/><img loading=\"lazy\" decoding=\"async\" class=\"size-medium wp-image-30205 alignright\" src=\"https:\/\/fram.is\/wp-content\/uploads\/2022\/05\/Leikmannasigning_Emilia-240x300.png\" alt=\"\" width=\"240\" height=\"300\" srcset=\"https:\/\/fram.is\/wp-content\/uploads\/2022\/05\/Leikmannasigning_Emilia-240x300.png 240w, https:\/\/fram.is\/wp-content\/uploads\/2022\/05\/Leikmannasigning_Emilia-800x1000.png 800w, https:\/\/fram.is\/wp-content\/uploads\/2022\/05\/Leikmannasigning_Emilia-819x1024.png 819w, https:\/\/fram.is\/wp-content\/uploads\/2022\/05\/Leikmannasigning_Emilia-768x960.png 768w, https:\/\/fram.is\/wp-content\/uploads\/2022\/05\/Leikmannasigning_Emilia.png 1080w\" sizes=\"(max-width: 240px) 100vw, 240px\" \/><\/p>\n<p>\u00a0<\/p>\n<p>\u00a0<\/p>\n<p>\u00a0<\/p>\n<p>\u00a0<\/p>\n<p>\u00a0<\/p>\n<p>\u00a0<\/p>\n<p>Fram b\u00fd\u00f0ur \u00feessa gl\u00e6silegu leikmenn allar velkomnar \u00ed f\u00e9lagi\u00f0. Vi\u00f0 hl\u00f6kkum miki\u00f0 til a\u00f0 sj\u00e1 \u00fe\u00e6r \u00e1 n\u00fdjum velli f\u00e9lagsins \u00ed \u00dalfars\u00e1rdal \u00ed sumar og \u00e1 komandi \u00e1rum. Framt\u00ed\u00f0in er kl\u00e1rlega bj\u00f6rt.<\/p>\n<p>Knattspyrnudeild Fram\u00a0<\/p><\/div>\n\t\t\t\t<\/div>\n\t\t\t\t\t<\/div>\n\t\t<\/div>\n\t\t\t\t\t<\/div>\n\t\t<\/section>\t\t<\/div>","protected":false},"excerpt":{"rendered":"<p>\u00dea\u00f0 er algj\u00f6r samningaveisla \u00ed gangi hj\u00e1 meistaraflokki kvenna \u00e1 \u00feessum lokadegi f\u00e9lagaskiptagluggans. Fimm leikmenn hafa framlengt samninga s\u00edna um 2 \u00e1r, tveir n\u00fdjir\u00a0leikmenn hafa skrifa\u00f0 undir 2 \u00e1ra samning [&hellip;]<\/p>","protected":false},"author":5,"featured_media":30196,"comment_status":"closed","ping_status":"closed","sticky":false,"template":"","format":"standard","meta":{"_monsterinsights_skip_tracking":false,"_monsterinsights_sitenote_active":false,"_monsterinsights_sitenote_note":"","_monsterinsights_sitenote_category":0,"_jetpack_memberships_contains_paid_content":false,"footnotes":""},"categories":[9,12],"tags":[],"class_list":["post-30195","post","type-post","status-publish","format-standard","has-post-thumbnail","hentry","category-fotbolti","category-mflkvenna"],"jetpack_sharing_enabled":true,"jetpack_featured_media_url":"https:\/\/fram.is\/wp-content\/uploads\/2022\/05\/Leikmannasigning_banner_Margar.png","_links":{"self":[{"href":"https:\/\/fram.is\/is\/wp-json\/wp\/v2\/posts\/30195","targetHints":{"allow":["GET"]}}],"collection":[{"href":"https:\/\/fram.is\/is\/wp-json\/wp\/v2\/posts"}],"about":[{"href":"https:\/\/fram.is\/is\/wp-json\/wp\/v2\/types\/post"}],"author":[{"embeddable":true,"href":"https:\/\/fram.is\/is\/wp-json\/wp\/v2\/users\/5"}],"replies":[{"embeddable":true,"href":"https:\/\/fram.is\/is\/wp-json\/wp\/v2\/comments?post=30195"}],"version-history":[{"count":7,"href":"https:\/\/fram.is\/is\/wp-json\/wp\/v2\/posts\/30195\/revisions"}],"predecessor-version":[{"id":30211,"href":"https:\/\/fram.is\/is\/wp-json\/wp\/v2\/posts\/30195\/revisions\/30211"}],"wp:featuredmedia":[{"embeddable":true,"href":"https:\/\/fram.is\/is\/wp-json\/wp\/v2\/media\/30196"}],"wp:attachment":[{"href":"https:\/\/fram.is\/is\/wp-json\/wp\/v2\/media?parent=30195"}],"wp:term":[{"taxonomy":"category","embeddable":true,"href":"https:\/\/fram.is\/is\/wp-json\/wp\/v2\/categories?post=30195"},{"taxonomy":"post_tag","embeddable":true,"href":"https:\/\/fram.is\/is\/wp-json\/wp\/v2\/tags?post=30195"}],"curies":[{"name":"wp","href":"https:\/\/api.w.org\/{rel}","templated":true}]}}