{"id":30212,"date":"2022-05-11T19:05:59","date_gmt":"2022-05-11T19:05:59","guid":{"rendered":"https:\/\/fram.is\/?p=30212"},"modified":"2022-05-11T19:07:54","modified_gmt":"2022-05-11T19:07:54","slug":"tryggvi-snaer-geirsson-framlengir-vid-fram","status":"publish","type":"post","link":"https:\/\/fram.is\/is\/2022\/05\/11\/tryggvi-snaer-geirsson-framlengir-vid-fram\/","title":{"rendered":"Tryggvi Sn\u00e6r Geirsson framlengir vi\u00f0 Fram"},"content":{"rendered":"<div data-elementor-type=\"wp-post\" data-elementor-id=\"30212\" class=\"elementor elementor-30212\" data-elementor-post-type=\"post\">\n\t\t\t\t<section class=\"elementor-section elementor-top-section elementor-element elementor-element-1354da11 elementor-section-boxed elementor-section-height-default elementor-section-height-default\" data-id=\"1354da11\" data-element_type=\"section\">\n\t\t\t\t\t\t<div class=\"elementor-container elementor-column-gap-default\">\n\t\t\t\t\t<div class=\"elementor-column elementor-col-100 elementor-top-column elementor-element elementor-element-50581669\" data-id=\"50581669\" data-element_type=\"column\">\n\t\t\t<div class=\"elementor-widget-wrap elementor-element-populated\">\n\t\t\t\t\t\t<div class=\"elementor-element elementor-element-6c89032c elementor-widget elementor-widget-text-editor\" data-id=\"6c89032c\" data-element_type=\"widget\" data-widget_type=\"text-editor.default\">\n\t\t\t\t<div class=\"elementor-widget-container\"><p><img fetchpriority=\"high\" decoding=\"async\" class=\"size-medium wp-image-30215 alignright\" src=\"https:\/\/fram.is\/wp-content\/uploads\/2022\/05\/Tryggvi-framlengir-vid-Fram--240x300.png\" alt=\"\" width=\"240\" height=\"300\" srcset=\"https:\/\/fram.is\/wp-content\/uploads\/2022\/05\/Tryggvi-framlengir-vid-Fram--240x300.png 240w, https:\/\/fram.is\/wp-content\/uploads\/2022\/05\/Tryggvi-framlengir-vid-Fram--800x1000.png 800w, https:\/\/fram.is\/wp-content\/uploads\/2022\/05\/Tryggvi-framlengir-vid-Fram--819x1024.png 819w, https:\/\/fram.is\/wp-content\/uploads\/2022\/05\/Tryggvi-framlengir-vid-Fram--768x960.png 768w, https:\/\/fram.is\/wp-content\/uploads\/2022\/05\/Tryggvi-framlengir-vid-Fram-.png 1080w\" sizes=\"(max-width: 240px) 100vw, 240px\" \/>Tryggvi Sn\u00e6r Geirsson hefur framlengt samning sinn vi\u00f0 Fram \u00fat t\u00edmabili\u00f0 2023.\u00a0<\/p><p>\u00dea\u00f0 er okkur mikil \u00e1n\u00e6gja a\u00f0 Tryggvi s\u00e9 b\u00fainn a\u00f0 framlengja vi\u00f0 Knattspyrnuf\u00e9lagi\u00f0 Fram og hl\u00f6kkum vi\u00f0 til a\u00f0 fylgjast me\u00f0 sambat\u00f6ktum fr\u00e1 Tryggva Sn\u00e6 \u00ed bl\u00e1u treyjunni \u00ed sumar!<\/p><p>Knattspyrnudeild Fram<\/p><\/div>\n\t\t\t\t<\/div>\n\t\t\t\t\t<\/div>\n\t\t<\/div>\n\t\t\t\t\t<\/div>\n\t\t<\/section>\t\t<\/div>","protected":false},"excerpt":{"rendered":"<p>Tryggvi Sn\u00e6r Geirsson hefur framlengt samning sinn vi\u00f0 Fram \u00fat t\u00edmabili\u00f0 2023.\u00a0 \u00dea\u00f0 er okkur mikil \u00e1n\u00e6gja a\u00f0 Tryggvi s\u00e9 b\u00fainn a\u00f0 framlengja vi\u00f0 Knattspyrnuf\u00e9lagi\u00f0 Fram og hl\u00f6kkum vi\u00f0 til [&hellip;]<\/p>","protected":false},"author":5,"featured_media":30213,"comment_status":"closed","ping_status":"closed","sticky":false,"template":"","format":"standard","meta":{"_monsterinsights_skip_tracking":false,"_monsterinsights_sitenote_active":false,"_monsterinsights_sitenote_note":"","_monsterinsights_sitenote_category":0,"_jetpack_memberships_contains_paid_content":false,"footnotes":""},"categories":[11],"tags":[],"class_list":["post-30212","post","type-post","status-publish","format-standard","has-post-thumbnail","hentry","category-mflkarla"],"jetpack_sharing_enabled":true,"jetpack_featured_media_url":"https:\/\/fram.is\/wp-content\/uploads\/2022\/05\/Tryggvi-framlengir-vid-Fram-vefur-.png","_links":{"self":[{"href":"https:\/\/fram.is\/is\/wp-json\/wp\/v2\/posts\/30212","targetHints":{"allow":["GET"]}}],"collection":[{"href":"https:\/\/fram.is\/is\/wp-json\/wp\/v2\/posts"}],"about":[{"href":"https:\/\/fram.is\/is\/wp-json\/wp\/v2\/types\/post"}],"author":[{"embeddable":true,"href":"https:\/\/fram.is\/is\/wp-json\/wp\/v2\/users\/5"}],"replies":[{"embeddable":true,"href":"https:\/\/fram.is\/is\/wp-json\/wp\/v2\/comments?post=30212"}],"version-history":[{"count":4,"href":"https:\/\/fram.is\/is\/wp-json\/wp\/v2\/posts\/30212\/revisions"}],"predecessor-version":[{"id":30218,"href":"https:\/\/fram.is\/is\/wp-json\/wp\/v2\/posts\/30212\/revisions\/30218"}],"wp:featuredmedia":[{"embeddable":true,"href":"https:\/\/fram.is\/is\/wp-json\/wp\/v2\/media\/30213"}],"wp:attachment":[{"href":"https:\/\/fram.is\/is\/wp-json\/wp\/v2\/media?parent=30212"}],"wp:term":[{"taxonomy":"category","embeddable":true,"href":"https:\/\/fram.is\/is\/wp-json\/wp\/v2\/categories?post=30212"},{"taxonomy":"post_tag","embeddable":true,"href":"https:\/\/fram.is\/is\/wp-json\/wp\/v2\/tags?post=30212"}],"curies":[{"name":"wp","href":"https:\/\/api.w.org\/{rel}","templated":true}]}}