{"id":30327,"date":"2022-05-19T15:07:13","date_gmt":"2022-05-19T15:07:13","guid":{"rendered":"https:\/\/fram.is\/?p=30327"},"modified":"2022-05-19T15:10:47","modified_gmt":"2022-05-19T15:10:47","slug":"berglind-reynisdottir-valinn-i-haefileikamotun-ksi","status":"publish","type":"post","link":"https:\/\/fram.is\/is\/2022\/05\/19\/berglind-reynisdottir-valinn-i-haefileikamotun-ksi\/","title":{"rendered":"Berglind Reynisd\u00f3ttir valinn \u00ed H\u00e6fileikam\u00f3tun KS\u00cd"},"content":{"rendered":"<div data-elementor-type=\"wp-post\" data-elementor-id=\"30327\" class=\"elementor elementor-30327\" data-elementor-post-type=\"post\">\n\t\t\t\t<section class=\"elementor-section elementor-top-section elementor-element elementor-element-4d73a006 elementor-section-boxed elementor-section-height-default elementor-section-height-default\" data-id=\"4d73a006\" data-element_type=\"section\">\n\t\t\t\t\t\t<div class=\"elementor-container elementor-column-gap-default\">\n\t\t\t\t\t<div class=\"elementor-column elementor-col-100 elementor-top-column elementor-element elementor-element-6ef9521e\" data-id=\"6ef9521e\" data-element_type=\"column\">\n\t\t\t<div class=\"elementor-widget-wrap elementor-element-populated\">\n\t\t\t\t\t\t<div class=\"elementor-element elementor-element-40b994a8 elementor-widget elementor-widget-text-editor\" data-id=\"40b994a8\" data-element_type=\"widget\" data-widget_type=\"text-editor.default\">\n\t\t\t\t<div class=\"elementor-widget-container\"><p><img fetchpriority=\"high\" decoding=\"async\" class=\"size-medium wp-image-30334 alignright\" src=\"https:\/\/fram.is\/wp-content\/uploads\/2022\/05\/Berglind-Reynisdottir--200x300.jpg\" alt=\"\" width=\"200\" height=\"300\" srcset=\"https:\/\/fram.is\/wp-content\/uploads\/2022\/05\/Berglind-Reynisdottir--200x300.jpg 200w, https:\/\/fram.is\/wp-content\/uploads\/2022\/05\/Berglind-Reynisdottir--800x1200.jpg 800w, https:\/\/fram.is\/wp-content\/uploads\/2022\/05\/Berglind-Reynisdottir--683x1024.jpg 683w, https:\/\/fram.is\/wp-content\/uploads\/2022\/05\/Berglind-Reynisdottir--768x1152.jpg 768w, https:\/\/fram.is\/wp-content\/uploads\/2022\/05\/Berglind-Reynisdottir-.jpg 932w\" sizes=\"(max-width: 200px) 100vw, 200px\" \/>Valinn hefur veri\u00f0 h\u00f3pur st\u00falkna sem tekur \u00fe\u00e1tt \u00ed H\u00e6fileikam\u00f3tun KS\u00cd, 23.-24. ma\u00ed n\u00e6stkomandi. Verkefni\u00f0 hefur veri\u00f0 \u00ed gangi \u00ed vetur og hafa 120 st\u00falkur m\u00e6tt \u00e1 H\u00e6fileikam\u00f3tunar\u00e6fingar \u00fea\u00f0 sem af er. A\u00f0 \u00feessu sinni voru 60 st\u00falkur bo\u00f0a\u00f0ar \u00ed tveimur h\u00f3pum, \u00e6ft ver\u00f0ur \u00ed Vogum og \u00ed Mosfellsb\u00e6.\u00a0<br \/><br \/>Vi\u00f0 Framarar erum stoltir af \u00fev\u00ed a\u00f0 eiga einn fulltr\u00faa \u00ed H\u00e6fileikam\u00f3tun KS\u00cd a\u00f0 \u00feessu sinni en markv\u00f6r\u00f0urinn Berglind Reynisd\u00f3ttir var valinn fr\u00e1 Fram a\u00f0 \u00feessu sinni.<\/p><p>Berglind Reynisd\u00f3ttir\u00a0\u00a0\u00a0 Fram<\/p><p>Gangi \u00fe\u00e9r vel.<\/p><p>\u00c1FRAM FRAM<br \/><br \/><\/p><\/div>\n\t\t\t\t<\/div>\n\t\t\t\t\t<\/div>\n\t\t<\/div>\n\t\t\t\t\t<\/div>\n\t\t<\/section>\t\t<\/div>","protected":false},"excerpt":{"rendered":"<p>Valinn hefur veri\u00f0 h\u00f3pur st\u00falkna sem tekur \u00fe\u00e1tt \u00ed H\u00e6fileikam\u00f3tun KS\u00cd, 23.-24. ma\u00ed n\u00e6stkomandi. Verkefni\u00f0 hefur veri\u00f0 \u00ed gangi \u00ed vetur og hafa 120 st\u00falkur m\u00e6tt \u00e1 H\u00e6fileikam\u00f3tunar\u00e6fingar \u00fea\u00f0 sem [&hellip;]<\/p>","protected":false},"author":5,"featured_media":30332,"comment_status":"closed","ping_status":"closed","sticky":false,"template":"","format":"standard","meta":{"_monsterinsights_skip_tracking":false,"_monsterinsights_sitenote_active":false,"_monsterinsights_sitenote_note":"","_monsterinsights_sitenote_category":0,"_jetpack_memberships_contains_paid_content":false,"footnotes":""},"categories":[9,13],"tags":[],"class_list":["post-30327","post","type-post","status-publish","format-standard","has-post-thumbnail","hentry","category-fotbolti","category-yngriflokkar"],"jetpack_sharing_enabled":true,"jetpack_featured_media_url":"https:\/\/fram.is\/wp-content\/uploads\/2022\/05\/Berglind-Reynis-i-leik-vefur.jpg","_links":{"self":[{"href":"https:\/\/fram.is\/is\/wp-json\/wp\/v2\/posts\/30327","targetHints":{"allow":["GET"]}}],"collection":[{"href":"https:\/\/fram.is\/is\/wp-json\/wp\/v2\/posts"}],"about":[{"href":"https:\/\/fram.is\/is\/wp-json\/wp\/v2\/types\/post"}],"author":[{"embeddable":true,"href":"https:\/\/fram.is\/is\/wp-json\/wp\/v2\/users\/5"}],"replies":[{"embeddable":true,"href":"https:\/\/fram.is\/is\/wp-json\/wp\/v2\/comments?post=30327"}],"version-history":[{"count":4,"href":"https:\/\/fram.is\/is\/wp-json\/wp\/v2\/posts\/30327\/revisions"}],"predecessor-version":[{"id":30337,"href":"https:\/\/fram.is\/is\/wp-json\/wp\/v2\/posts\/30327\/revisions\/30337"}],"wp:featuredmedia":[{"embeddable":true,"href":"https:\/\/fram.is\/is\/wp-json\/wp\/v2\/media\/30332"}],"wp:attachment":[{"href":"https:\/\/fram.is\/is\/wp-json\/wp\/v2\/media?parent=30327"}],"wp:term":[{"taxonomy":"category","embeddable":true,"href":"https:\/\/fram.is\/is\/wp-json\/wp\/v2\/categories?post=30327"},{"taxonomy":"post_tag","embeddable":true,"href":"https:\/\/fram.is\/is\/wp-json\/wp\/v2\/tags?post=30327"}],"curies":[{"name":"wp","href":"https:\/\/api.w.org\/{rel}","templated":true}]}}