{"id":30390,"date":"2022-05-24T11:07:57","date_gmt":"2022-05-24T11:07:57","guid":{"rendered":"https:\/\/fram.is\/?p=30390"},"modified":"2022-05-24T11:16:40","modified_gmt":"2022-05-24T11:16:40","slug":"supa-supa-supa-sidasti-supufundurinn-i-safamyri-fimmtudaginn-2-juni","status":"publish","type":"post","link":"https:\/\/fram.is\/is\/2022\/05\/24\/supa-supa-supa-sidasti-supufundurinn-i-safamyri-fimmtudaginn-2-juni\/","title":{"rendered":"S\u00fapa, S\u00fapa S\u00fapa, s\u00ed\u00f0asti s\u00fapufundurinn \u00ed Safam\u00fdri, fimmtudaginn 2. j\u00fan\u00ed"},"content":{"rendered":"<div data-elementor-type=\"wp-post\" data-elementor-id=\"30390\" class=\"elementor elementor-30390\" data-elementor-post-type=\"post\">\n\t\t\t\t<section class=\"elementor-section elementor-top-section elementor-element elementor-element-608d816d elementor-section-boxed elementor-section-height-default elementor-section-height-default\" data-id=\"608d816d\" data-element_type=\"section\">\n\t\t\t\t\t\t<div class=\"elementor-container elementor-column-gap-default\">\n\t\t\t\t\t<div class=\"elementor-column elementor-col-100 elementor-top-column elementor-element elementor-element-24cf882\" data-id=\"24cf882\" data-element_type=\"column\">\n\t\t\t<div class=\"elementor-widget-wrap elementor-element-populated\">\n\t\t\t\t\t\t<div class=\"elementor-element elementor-element-2d0e2ad4 elementor-widget elementor-widget-text-editor\" data-id=\"2d0e2ad4\" data-element_type=\"widget\" data-widget_type=\"text-editor.default\">\n\t\t\t\t<div class=\"elementor-widget-container\"><p><a><img fetchpriority=\"high\" decoding=\"async\" class=\"size-medium wp-image-30393 alignright\" src=\"https:\/\/fram.is\/wp-content\/uploads\/2022\/05\/IMG_1496-300x200.jpg\" alt=\"\" width=\"300\" height=\"200\" srcset=\"https:\/\/fram.is\/wp-content\/uploads\/2022\/05\/IMG_1496-300x200.jpg 300w, https:\/\/fram.is\/wp-content\/uploads\/2022\/05\/IMG_1496-scaled-800x533.jpg 800w, https:\/\/fram.is\/wp-content\/uploads\/2022\/05\/IMG_1496-1024x683.jpg 1024w, https:\/\/fram.is\/wp-content\/uploads\/2022\/05\/IMG_1496-768x512.jpg 768w, https:\/\/fram.is\/wp-content\/uploads\/2022\/05\/IMG_1496-1536x1024.jpg 1536w, https:\/\/fram.is\/wp-content\/uploads\/2022\/05\/IMG_1496-2048x1365.jpg 2048w\" sizes=\"(max-width: 300px) 100vw, 300px\" \/>\u00c1g\u00e6tu FRAMarar<\/a><\/p><p>N\u00fa \u00e6tlum vi\u00f0 a\u00f0 halda \u00e1fram a\u00f0 hittast yfir s\u00fapudisk, fimmti \u00a0s\u00fapufundur vetrarins ver\u00f0ur \u00e1\u00a0<strong><u>fimmtudaginn 2. J\u00fan\u00ed.<br \/><\/u><\/strong><br \/>\u00dea\u00f0 var mj\u00f6g g\u00f3\u00f0 m\u00e6ting \u00ed s\u00ed\u00f0asta s\u00fapuh\u00e1degi en r\u00famlega 40 manns m\u00e6ttu hressir og k\u00e1tir \u00ed s\u00fapuna.<br \/>Heilmiki\u00f0 spjalla\u00f0 og l\u00e9tt yfir mannskapnum.<\/p><p>Bo\u00f0i\u00f0 ver\u00f0ur upp \u00e1 s\u00fapu og brau\u00f0 eins og venjulega.<br \/><br \/><img decoding=\"async\" class=\"size-medium wp-image-30399 alignright\" src=\"https:\/\/fram.is\/wp-content\/uploads\/2022\/05\/IMG_1486-300x200.jpg\" alt=\"\" width=\"300\" height=\"200\" srcset=\"https:\/\/fram.is\/wp-content\/uploads\/2022\/05\/IMG_1486-300x200.jpg 300w, https:\/\/fram.is\/wp-content\/uploads\/2022\/05\/IMG_1486-scaled-800x533.jpg 800w, https:\/\/fram.is\/wp-content\/uploads\/2022\/05\/IMG_1486-1024x683.jpg 1024w, https:\/\/fram.is\/wp-content\/uploads\/2022\/05\/IMG_1486-768x512.jpg 768w, https:\/\/fram.is\/wp-content\/uploads\/2022\/05\/IMG_1486-1536x1024.jpg 1536w, https:\/\/fram.is\/wp-content\/uploads\/2022\/05\/IMG_1486-2048x1365.jpg 2048w\" sizes=\"(max-width: 300px) 100vw, 300px\" \/>Ekki er \u00e6tlunin a\u00f0 hafa \u00feetta formlegt heldur kj\u00f6rin vettvangur fyrir okkur Framara til a\u00f0 hittast yfir s\u00fapusk\u00e1l og r\u00e6\u00f0a saman.<br \/><br \/>Ver\u00f0inu ver\u00f0ur stillt \u00ed algj\u00f6rt h\u00f3f e\u00f0a eing\u00f6ngu \u00e1 kostna\u00f0arver\u00f0i kr. 1000.-<\/p><p><strong><u>Fimmti \u00a0fundurinn \u00ed \u00a0s\u00fapur\u00f6\u00f0inni ver\u00f0ur fimmtudaginn<\/u><\/strong><strong><u>\u00a0<\/u><\/strong><strong><u>2.\u00a0J\u00fan\u00ed \u00a0kl. 12.00-13.30 \u00ed h\u00e1t\u00ed\u00f0arsal okkar \u00ed Safam\u00fdri.<\/u><\/strong><strong><u><br \/><br \/>Athugi\u00f0 a\u00f0 \u00feetta ver\u00f0ur s\u00ed\u00f0asti s\u00fapufundurinn \u00ed vetur og jafnframt s\u00ed\u00f0asti s\u00fapufundurinn \u00ed Safam\u00fdrinni.\u00a0 Vi\u00f0 t\u00f6kum svo upp \u00fer\u00e1\u00f0inn \u00ed \u00dalfars\u00e1rdal \u00ed haust.<br \/><\/u><\/strong><br \/>Vi\u00f0 hvetjum alla FRAMarar til a\u00f0 koma \u00ed s\u00fapu \u00a0og endilega taki\u00f0 me\u00f0 ykkur f\u00e9laga.<\/p><p>Kve\u00f0ja Knattspyrnuf\u00e9lagi\u00f0 FRAM<\/p><\/div>\n\t\t\t\t<\/div>\n\t\t\t\t\t<\/div>\n\t\t<\/div>\n\t\t\t\t\t<\/div>\n\t\t<\/section>\t\t<\/div>","protected":false},"excerpt":{"rendered":"<p>\u00c1g\u00e6tu FRAMarar N\u00fa \u00e6tlum vi\u00f0 a\u00f0 halda \u00e1fram a\u00f0 hittast yfir s\u00fapudisk, fimmti \u00a0s\u00fapufundur vetrarins ver\u00f0ur \u00e1\u00a0fimmtudaginn 2. J\u00fan\u00ed.\u00dea\u00f0 var mj\u00f6g g\u00f3\u00f0 m\u00e6ting \u00ed s\u00ed\u00f0asta s\u00fapuh\u00e1degi en r\u00famlega 40 manns [&hellip;]<\/p>","protected":false},"author":5,"featured_media":9329,"comment_status":"closed","ping_status":"closed","sticky":false,"template":"","format":"standard","meta":{"_monsterinsights_skip_tracking":false,"_monsterinsights_sitenote_active":false,"_monsterinsights_sitenote_note":"","_monsterinsights_sitenote_category":0,"_jetpack_memberships_contains_paid_content":false,"footnotes":""},"categories":[58,8],"tags":[],"class_list":["post-30390","post","type-post","status-publish","format-standard","has-post-thumbnail","hentry","category-felagid","category-adalstjorn"],"jetpack_sharing_enabled":true,"jetpack_featured_media_url":"https:\/\/fram.is\/wp-content\/uploads\/2015\/01\/Supuvefur.jpg","_links":{"self":[{"href":"https:\/\/fram.is\/is\/wp-json\/wp\/v2\/posts\/30390","targetHints":{"allow":["GET"]}}],"collection":[{"href":"https:\/\/fram.is\/is\/wp-json\/wp\/v2\/posts"}],"about":[{"href":"https:\/\/fram.is\/is\/wp-json\/wp\/v2\/types\/post"}],"author":[{"embeddable":true,"href":"https:\/\/fram.is\/is\/wp-json\/wp\/v2\/users\/5"}],"replies":[{"embeddable":true,"href":"https:\/\/fram.is\/is\/wp-json\/wp\/v2\/comments?post=30390"}],"version-history":[{"count":8,"href":"https:\/\/fram.is\/is\/wp-json\/wp\/v2\/posts\/30390\/revisions"}],"predecessor-version":[{"id":30402,"href":"https:\/\/fram.is\/is\/wp-json\/wp\/v2\/posts\/30390\/revisions\/30402"}],"wp:featuredmedia":[{"embeddable":true,"href":"https:\/\/fram.is\/is\/wp-json\/wp\/v2\/media\/9329"}],"wp:attachment":[{"href":"https:\/\/fram.is\/is\/wp-json\/wp\/v2\/media?parent=30390"}],"wp:term":[{"taxonomy":"category","embeddable":true,"href":"https:\/\/fram.is\/is\/wp-json\/wp\/v2\/categories?post=30390"},{"taxonomy":"post_tag","embeddable":true,"href":"https:\/\/fram.is\/is\/wp-json\/wp\/v2\/tags?post=30390"}],"curies":[{"name":"wp","href":"https:\/\/api.w.org\/{rel}","templated":true}]}}