{"id":30932,"date":"2022-07-03T22:50:34","date_gmt":"2022-07-03T22:50:34","guid":{"rendered":"https:\/\/fram.is\/?p=30932"},"modified":"2022-07-03T22:52:10","modified_gmt":"2022-07-03T22:52:10","slug":"framarar-stodu-sig-vel-a-n1","status":"publish","type":"post","link":"https:\/\/fram.is\/is\/2022\/07\/03\/framarar-stodu-sig-vel-a-n1\/","title":{"rendered":"FRAMarar st\u00f3\u00f0u sig vel \u00e1 N1"},"content":{"rendered":"<div data-elementor-type=\"wp-post\" data-elementor-id=\"30932\" class=\"elementor elementor-30932\" data-elementor-post-type=\"post\">\n\t\t\t\t<section class=\"elementor-section elementor-top-section elementor-element elementor-element-7fd11d14 elementor-section-boxed elementor-section-height-default elementor-section-height-default\" data-id=\"7fd11d14\" data-element_type=\"section\">\n\t\t\t\t\t\t<div class=\"elementor-container elementor-column-gap-default\">\n\t\t\t\t\t<div class=\"elementor-column elementor-col-100 elementor-top-column elementor-element elementor-element-2ee140ce\" data-id=\"2ee140ce\" data-element_type=\"column\">\n\t\t\t<div class=\"elementor-widget-wrap elementor-element-populated\">\n\t\t\t\t\t\t<div class=\"elementor-element elementor-element-5ad82d2f elementor-widget elementor-widget-text-editor\" data-id=\"5ad82d2f\" data-element_type=\"widget\" data-widget_type=\"text-editor.default\">\n\t\t\t\t<div class=\"elementor-widget-container\"><p><img fetchpriority=\"high\" decoding=\"async\" class=\"size-medium wp-image-30935 alignright\" src=\"https:\/\/fram.is\/wp-content\/uploads\/2022\/07\/n1-I-240x300.jpg\" alt=\"\" width=\"240\" height=\"300\" srcset=\"https:\/\/fram.is\/wp-content\/uploads\/2022\/07\/n1-I-240x300.jpg 240w, https:\/\/fram.is\/wp-content\/uploads\/2022\/07\/n1-I-scaled-800x1000.jpg 800w, https:\/\/fram.is\/wp-content\/uploads\/2022\/07\/n1-I-819x1024.jpg 819w, https:\/\/fram.is\/wp-content\/uploads\/2022\/07\/n1-I-768x960.jpg 768w, https:\/\/fram.is\/wp-content\/uploads\/2022\/07\/n1-I-1229x1536.jpg 1229w, https:\/\/fram.is\/wp-content\/uploads\/2022\/07\/n1-I-1639x2048.jpg 1639w, https:\/\/fram.is\/wp-content\/uploads\/2022\/07\/n1-I-scaled.jpg 2048w\" sizes=\"(max-width: 240px) 100vw, 240px\" \/>N1 m\u00f3ti\u00f0 f\u00f3r fram dagana 29. j\u00fan\u00ed til 2. j\u00fal\u00ed. M\u00f3ti\u00f0 f\u00f3r mj\u00f6g vel fram og f\u00f3r gr\u00ed\u00f0arlegur fj\u00f6ldi i\u00f0kenda \u00e1 kostum \u00e1 m\u00f3tinu. Fullt af flottum til\u00ferifum, v\u00edtaspyrnukeppnum\u00a0og m\u00f6rkum \u00ed \u00f6llum regnbogans litum. Auk f\u00f3tboltans var au\u00f0vita\u00f0 fari\u00f0 \u00ed sund, g\u00e6tt s\u00e9r \u00e1 Brynju\u00eds og haldin var gl\u00e6sileg kv\u00f6ldskemmtun.<\/p><p>Fram sendi 6 li\u00f0 til leiks sem \u00f6ll st\u00f3\u00f0u sig me\u00f0 mikilli pr\u00fd\u00f0i, b\u00e6\u00f0i innan og utan vallar. Fram 1 n\u00e1\u00f0i 10. s\u00e6ti \u00ed Argent\u00ednsku deildinni. Fram 2 ger\u00f0i s\u00e9r l\u00edti\u00f0 fyrir og vann D\u00f6nsku deildina. Fram 3 n\u00e1\u00f0i 4. s\u00e6ti \u00ed Fr\u00f6nsku deildinni. Fram 4 lenti \u00ed 6. s\u00e6ti \u00ed Gr\u00edsku deildinni. Fram 5 n\u00e6ldi s\u00e9r \u00ed 4. s\u00e6ti\u00f0 \u00ed Jap\u00f6nsku deildinni og Fram 6 enda\u00f0i \u00ed 16. s\u00e6ti Norsku deildarinnar. Heilt yfir mj\u00f6g g\u00f3\u00f0ur \u00e1rangur.<br \/><br \/>\u00dea\u00f0 sem skiptir \u00fe\u00f3 mestu er a\u00f0 \u00f6ll li\u00f0 og leikmenn voru til fyrirmyndar og nutu s\u00edn \u00ed botn vi\u00f0 a\u00f0 m\u00e6ta erfi\u00f0um andst\u00e6\u00f0ingum. Leikgle\u00f0in var \u00ed fyrirr\u00fami og virkilega gaman a\u00f0 sj\u00e1 hva\u00f0 li\u00f0in voru dugleg a\u00f0 sty\u00f0ja hvert anna\u00f0 \u00ed leikjum og hve samheldnin \u00ed h\u00f3pnum var mikil. FRAMt\u00ed\u00f0in er greinilega mj\u00f6g bj\u00f6rt.<br \/><br \/>Fleiri myndir h\u00e9r:\u00a0<a href=\"https:\/\/framphotos.pixieset.com\/2022-n1mti\/\" target=\"_blank\" rel=\"noopener\">https:\/\/framphotos.pixieset.com\/2022-n1mti\/<\/a><\/p>\n<p>Knattspyrnudeild FRAM\u00a0<\/p><\/div>\n\t\t\t\t<\/div>\n\t\t\t\t\t<\/div>\n\t\t<\/div>\n\t\t\t\t\t<\/div>\n\t\t<\/section>\t\t<\/div>","protected":false},"excerpt":{"rendered":"<p>N1 m\u00f3ti\u00f0 f\u00f3r fram dagana 29. j\u00fan\u00ed til 2. j\u00fal\u00ed. M\u00f3ti\u00f0 f\u00f3r mj\u00f6g vel fram og f\u00f3r gr\u00ed\u00f0arlegur fj\u00f6ldi i\u00f0kenda \u00e1 kostum \u00e1 m\u00f3tinu. Fullt af flottum til\u00ferifum, v\u00edtaspyrnukeppnum\u00a0og m\u00f6rkum [&hellip;]<\/p>","protected":false},"author":5,"featured_media":30933,"comment_status":"closed","ping_status":"closed","sticky":false,"template":"","format":"standard","meta":{"_monsterinsights_skip_tracking":false,"_monsterinsights_sitenote_active":false,"_monsterinsights_sitenote_note":"","_monsterinsights_sitenote_category":0,"_jetpack_memberships_contains_paid_content":false,"footnotes":""},"categories":[9,13],"tags":[],"class_list":["post-30932","post","type-post","status-publish","format-standard","has-post-thumbnail","hentry","category-fotbolti","category-yngriflokkar"],"jetpack_sharing_enabled":true,"jetpack_featured_media_url":"https:\/\/fram.is\/wp-content\/uploads\/2022\/07\/n1--scaled.jpg","_links":{"self":[{"href":"https:\/\/fram.is\/is\/wp-json\/wp\/v2\/posts\/30932","targetHints":{"allow":["GET"]}}],"collection":[{"href":"https:\/\/fram.is\/is\/wp-json\/wp\/v2\/posts"}],"about":[{"href":"https:\/\/fram.is\/is\/wp-json\/wp\/v2\/types\/post"}],"author":[{"embeddable":true,"href":"https:\/\/fram.is\/is\/wp-json\/wp\/v2\/users\/5"}],"replies":[{"embeddable":true,"href":"https:\/\/fram.is\/is\/wp-json\/wp\/v2\/comments?post=30932"}],"version-history":[{"count":4,"href":"https:\/\/fram.is\/is\/wp-json\/wp\/v2\/posts\/30932\/revisions"}],"predecessor-version":[{"id":30938,"href":"https:\/\/fram.is\/is\/wp-json\/wp\/v2\/posts\/30932\/revisions\/30938"}],"wp:featuredmedia":[{"embeddable":true,"href":"https:\/\/fram.is\/is\/wp-json\/wp\/v2\/media\/30933"}],"wp:attachment":[{"href":"https:\/\/fram.is\/is\/wp-json\/wp\/v2\/media?parent=30932"}],"wp:term":[{"taxonomy":"category","embeddable":true,"href":"https:\/\/fram.is\/is\/wp-json\/wp\/v2\/categories?post=30932"},{"taxonomy":"post_tag","embeddable":true,"href":"https:\/\/fram.is\/is\/wp-json\/wp\/v2\/tags?post=30932"}],"curies":[{"name":"wp","href":"https:\/\/api.w.org\/{rel}","templated":true}]}}