{"id":30965,"date":"2022-07-06T16:55:35","date_gmt":"2022-07-06T16:55:35","guid":{"rendered":"https:\/\/fram.is\/?p=30965"},"modified":"2022-07-06T17:00:43","modified_gmt":"2022-07-06T17:00:43","slug":"yfir-100-framarar-a-partille-cup","status":"publish","type":"post","link":"https:\/\/fram.is\/is\/2022\/07\/06\/yfir-100-framarar-a-partille-cup\/","title":{"rendered":"Yfir 100 FRAMarar \u00e1 Partille Cup"},"content":{"rendered":"<div data-elementor-type=\"wp-post\" data-elementor-id=\"30965\" class=\"elementor elementor-30965\" data-elementor-post-type=\"post\">\n\t\t\t\t<section class=\"elementor-section elementor-top-section elementor-element elementor-element-5efa4e9f elementor-section-boxed elementor-section-height-default elementor-section-height-default\" data-id=\"5efa4e9f\" data-element_type=\"section\">\n\t\t\t\t\t\t<div class=\"elementor-container elementor-column-gap-default\">\n\t\t\t\t\t<div class=\"elementor-column elementor-col-100 elementor-top-column elementor-element elementor-element-ae70691\" data-id=\"ae70691\" data-element_type=\"column\">\n\t\t\t<div class=\"elementor-widget-wrap elementor-element-populated\">\n\t\t\t\t\t\t<div class=\"elementor-element elementor-element-4c8db970 elementor-widget elementor-widget-text-editor\" data-id=\"4c8db970\" data-element_type=\"widget\" data-widget_type=\"text-editor.default\">\n\t\t\t\t<div class=\"elementor-widget-container\"><p><img fetchpriority=\"high\" decoding=\"async\" class=\"size-medium wp-image-30971 alignright\" src=\"https:\/\/fram.is\/wp-content\/uploads\/2022\/07\/FRAM-4.-fl.ka_.-300x225.jpg\" alt=\"\" width=\"300\" height=\"225\" srcset=\"https:\/\/fram.is\/wp-content\/uploads\/2022\/07\/FRAM-4.-fl.ka_.-300x225.jpg 300w, https:\/\/fram.is\/wp-content\/uploads\/2022\/07\/FRAM-4.-fl.ka_.-800x600.jpg 800w, https:\/\/fram.is\/wp-content\/uploads\/2022\/07\/FRAM-4.-fl.ka_.-1024x768.jpg 1024w, https:\/\/fram.is\/wp-content\/uploads\/2022\/07\/FRAM-4.-fl.ka_.-768x576.jpg 768w, https:\/\/fram.is\/wp-content\/uploads\/2022\/07\/FRAM-4.-fl.ka_.-1536x1152.jpg 1536w, https:\/\/fram.is\/wp-content\/uploads\/2022\/07\/FRAM-4.-fl.ka_..jpg 2048w\" sizes=\"(max-width: 300px) 100vw, 300px\" \/><img decoding=\"async\" class=\"size-medium wp-image-30972 alignright\" src=\"https:\/\/fram.is\/wp-content\/uploads\/2022\/07\/FRAM-4.-fl.-kv.-allar-300x225.jpg\" alt=\"\" width=\"300\" height=\"225\" srcset=\"https:\/\/fram.is\/wp-content\/uploads\/2022\/07\/FRAM-4.-fl.-kv.-allar-300x225.jpg 300w, https:\/\/fram.is\/wp-content\/uploads\/2022\/07\/FRAM-4.-fl.-kv.-allar-800x600.jpg 800w, https:\/\/fram.is\/wp-content\/uploads\/2022\/07\/FRAM-4.-fl.-kv.-allar-1024x768.jpg 1024w, https:\/\/fram.is\/wp-content\/uploads\/2022\/07\/FRAM-4.-fl.-kv.-allar-768x576.jpg 768w, https:\/\/fram.is\/wp-content\/uploads\/2022\/07\/FRAM-4.-fl.-kv.-allar-1536x1152.jpg 1536w, https:\/\/fram.is\/wp-content\/uploads\/2022\/07\/FRAM-4.-fl.-kv.-allar.jpg 2048w\" sizes=\"(max-width: 300px) 100vw, 300px\" \/>\u00dea\u00f0 var st\u00f3r og gl\u00e6silegur h\u00f3pur Framarar sem m\u00e6tti \u00ed n\u00fdja \u00cd\u00fer\u00f3ttami\u00f0st\u00f6\u00f0 Fram \u00ed \u00dalfars\u00e1rdal s\u00ed\u00f0astli\u00f0inn sunnudag. \u00dear voru m\u00e6ttir saman FRAMarar \u00ed\u00a0 4 og 5. fl.karla og kvenna handbolta a\u00f0 leggja \u00ed fer\u00f0 til Sv\u00ed\u00fej\u00f3\u00f0ar \u00e1 hi\u00f0 \u00e1rlega Partille-cup m\u00f3t.<br \/><img decoding=\"async\" class=\"size-medium wp-image-30973 alignright\" src=\"https:\/\/fram.is\/wp-content\/uploads\/2022\/07\/FRAM-5.fl_.ka_.-Yngri-300x135.jpg\" alt=\"\" width=\"300\" height=\"135\" srcset=\"https:\/\/fram.is\/wp-content\/uploads\/2022\/07\/FRAM-5.fl_.ka_.-Yngri-300x135.jpg 300w, https:\/\/fram.is\/wp-content\/uploads\/2022\/07\/FRAM-5.fl_.ka_.-Yngri-800x360.jpg 800w, https:\/\/fram.is\/wp-content\/uploads\/2022\/07\/FRAM-5.fl_.ka_.-Yngri-1024x461.jpg 1024w, https:\/\/fram.is\/wp-content\/uploads\/2022\/07\/FRAM-5.fl_.ka_.-Yngri-768x346.jpg 768w, https:\/\/fram.is\/wp-content\/uploads\/2022\/07\/FRAM-5.fl_.ka_.-Yngri-1536x692.jpg 1536w, https:\/\/fram.is\/wp-content\/uploads\/2022\/07\/FRAM-5.fl_.ka_.-Yngri.jpg 2048w\" sizes=\"(max-width: 300px) 100vw, 300px\" \/>Vi\u00f0 FRAMarar h\u00f6fum fari\u00f0 \u00e1 \u00feetta m\u00f3t anna\u00f0 hvert \u00e1r s\u00ed\u00f0astli\u00f0in \u00ferj\u00e1t\u00edu\u00a0\u00e1r e\u00f0a svo, \u00feannig a\u00f0 \u00fea\u00f0 er kominn \u00feokkaleg hef\u00f0 \u00e1 a\u00f0 fara \u00e1 \u00feetta m\u00f3t. Vi\u00f0 h\u00f6fum samt ekki fari\u00f0 \u00ed nokkur \u00e1r n\u00fana \u00fataf einhverri kvef pest sem hefur ri\u00f0la\u00f0 heiminum a\u00f0eins.<br \/><br \/>H\u00f3purinn sem lag\u00f0i afsta\u00f0 \u00e1 sunnudag \u00a0telur 103 keppendur, fararstj\u00f3ra og \u00fej\u00e1lfara, auk \u00feess sem margir foreldarar hafa skipulagt fer\u00f0 til Sv\u00ed\u00fej\u00f3\u00f0ar til a\u00f0 fylgjast me\u00f0 kr\u00f6kkunum \u00e1 m\u00f3tinu.<br \/><img loading=\"lazy\" decoding=\"async\" class=\"size-medium wp-image-30969 alignright\" src=\"https:\/\/fram.is\/wp-content\/uploads\/2022\/07\/FRAm-5.fl_.kv_.-225x300.jpg\" alt=\"\" width=\"225\" height=\"300\" srcset=\"https:\/\/fram.is\/wp-content\/uploads\/2022\/07\/FRAm-5.fl_.kv_.-225x300.jpg 225w, https:\/\/fram.is\/wp-content\/uploads\/2022\/07\/FRAm-5.fl_.kv_.-800x1067.jpg 800w, https:\/\/fram.is\/wp-content\/uploads\/2022\/07\/FRAm-5.fl_.kv_.-768x1024.jpg 768w, https:\/\/fram.is\/wp-content\/uploads\/2022\/07\/FRAm-5.fl_.kv_.-1152x1536.jpg 1152w, https:\/\/fram.is\/wp-content\/uploads\/2022\/07\/FRAm-5.fl_.kv_..jpg 1536w\" sizes=\"(max-width: 225px) 100vw, 225px\" \/><img loading=\"lazy\" decoding=\"async\" class=\"size-medium wp-image-30970 alignright\" src=\"https:\/\/fram.is\/wp-content\/uploads\/2022\/07\/4.fl_.kv_.-225x300.jpg\" alt=\"\" width=\"225\" height=\"300\" srcset=\"https:\/\/fram.is\/wp-content\/uploads\/2022\/07\/4.fl_.kv_.-225x300.jpg 225w, https:\/\/fram.is\/wp-content\/uploads\/2022\/07\/4.fl_.kv_.-800x1067.jpg 800w, https:\/\/fram.is\/wp-content\/uploads\/2022\/07\/4.fl_.kv_.-768x1024.jpg 768w, https:\/\/fram.is\/wp-content\/uploads\/2022\/07\/4.fl_.kv_.-1152x1536.jpg 1152w, https:\/\/fram.is\/wp-content\/uploads\/2022\/07\/4.fl_.kv_..jpg 1536w\" sizes=\"(max-width: 225px) 100vw, 225px\" \/>Partille-cup er st\u00e6rsta handboltam\u00f3t \u00ed heimi en \u00e1\u00e6tla\u00f0 er a\u00f0 keppendur \u00e1 m\u00f3tinu n\u00fana s\u00e9u eitthva\u00f0 \u00ed kringum 15.000 \u00ed yfir 1000 li\u00f0um fr\u00e1 30 \u00fej\u00f3\u00f0l\u00f6ndum.<br \/><br \/><img loading=\"lazy\" decoding=\"async\" class=\"size-medium wp-image-30968 alignright\" src=\"https:\/\/fram.is\/wp-content\/uploads\/2022\/07\/oliver-sigurvegari-135x300.jpg\" alt=\"\" width=\"135\" height=\"300\" srcset=\"https:\/\/fram.is\/wp-content\/uploads\/2022\/07\/oliver-sigurvegari-135x300.jpg 135w, https:\/\/fram.is\/wp-content\/uploads\/2022\/07\/oliver-sigurvegari-800x1777.jpg 800w, https:\/\/fram.is\/wp-content\/uploads\/2022\/07\/oliver-sigurvegari-461x1024.jpg 461w, https:\/\/fram.is\/wp-content\/uploads\/2022\/07\/oliver-sigurvegari-768x1706.jpg 768w, https:\/\/fram.is\/wp-content\/uploads\/2022\/07\/oliver-sigurvegari-691x1536.jpg 691w, https:\/\/fram.is\/wp-content\/uploads\/2022\/07\/oliver-sigurvegari.jpg 843w\" sizes=\"(max-width: 135px) 100vw, 135px\" \/>M\u00f3ti\u00f0 fer fram \u00ed Gautaborg en \u00fear ver\u00f0a spila\u00f0ir yfir 4000 \u00a0handboltaleikir \u00e1 n\u00e6stu d\u00f6gum. M\u00f3tinu l\u00edkur svo \u00e1 laugardag 9. j\u00fal\u00ed en \u00fe\u00e1 ver\u00f0ur leiki\u00f0 til \u00farslita.<br \/>M\u00f3ti\u00f0 er a\u00f0 mestu leiki\u00f0 utandyra en \u00farslitaleikirnir eru samt leiknir inni. \u00a0<br \/><br \/>M\u00f3ti\u00f0 er ekki bara handbolti og \u00fea\u00f0 ver\u00f0ur \u00fdmislegt bralla\u00f0 \u00e1 me\u00f0an \u00e1 m\u00f3tinu stendur fari\u00f0 \u00ed vatnagar\u00f0, t\u00edvol\u00ed, skemmtikv\u00f6ld \u00fear sem \u00f6ll li\u00f0in koma saman osfv.<br \/><br \/>Vi\u00f0 vonum a\u00f0 allir skemmtil s\u00e9r vel \u00ed Gautaborg \u00ed vikunni, \u00a0a\u00f0 li\u00f0unum okkar gangi sem best og allir komi s\u00e6lir og gla\u00f0ir heim.\u00a0 G\u00f3\u00f0a skemmtun FRAMarar.<\/p><p>\u00c1FRAM FRAM<\/p><\/div>\n\t\t\t\t<\/div>\n\t\t\t\t\t<\/div>\n\t\t<\/div>\n\t\t\t\t\t<\/div>\n\t\t<\/section>\t\t<\/div>","protected":false},"excerpt":{"rendered":"<p>\u00dea\u00f0 var st\u00f3r og gl\u00e6silegur h\u00f3pur Framarar sem m\u00e6tti \u00ed n\u00fdja \u00cd\u00fer\u00f3ttami\u00f0st\u00f6\u00f0 Fram \u00ed \u00dalfars\u00e1rdal s\u00ed\u00f0astli\u00f0inn sunnudag. \u00dear voru m\u00e6ttir saman FRAMarar \u00ed\u00a0 4 og 5. fl.karla og kvenna handbolta [&hellip;]<\/p>","protected":false},"author":5,"featured_media":30966,"comment_status":"closed","ping_status":"closed","sticky":false,"template":"","format":"standard","meta":{"_monsterinsights_skip_tracking":false,"_monsterinsights_sitenote_active":false,"_monsterinsights_sitenote_note":"","_monsterinsights_sitenote_category":0,"_jetpack_memberships_contains_paid_content":false,"footnotes":""},"categories":[6,7],"tags":[],"class_list":["post-30965","post","type-post","status-publish","format-standard","has-post-thumbnail","hentry","category-handbolti","category-yngri-flokkar"],"jetpack_sharing_enabled":true,"jetpack_featured_media_url":"https:\/\/fram.is\/wp-content\/uploads\/2022\/07\/IMG_1715-scaled.jpg","_links":{"self":[{"href":"https:\/\/fram.is\/is\/wp-json\/wp\/v2\/posts\/30965","targetHints":{"allow":["GET"]}}],"collection":[{"href":"https:\/\/fram.is\/is\/wp-json\/wp\/v2\/posts"}],"about":[{"href":"https:\/\/fram.is\/is\/wp-json\/wp\/v2\/types\/post"}],"author":[{"embeddable":true,"href":"https:\/\/fram.is\/is\/wp-json\/wp\/v2\/users\/5"}],"replies":[{"embeddable":true,"href":"https:\/\/fram.is\/is\/wp-json\/wp\/v2\/comments?post=30965"}],"version-history":[{"count":4,"href":"https:\/\/fram.is\/is\/wp-json\/wp\/v2\/posts\/30965\/revisions"}],"predecessor-version":[{"id":30976,"href":"https:\/\/fram.is\/is\/wp-json\/wp\/v2\/posts\/30965\/revisions\/30976"}],"wp:featuredmedia":[{"embeddable":true,"href":"https:\/\/fram.is\/is\/wp-json\/wp\/v2\/media\/30966"}],"wp:attachment":[{"href":"https:\/\/fram.is\/is\/wp-json\/wp\/v2\/media?parent=30965"}],"wp:term":[{"taxonomy":"category","embeddable":true,"href":"https:\/\/fram.is\/is\/wp-json\/wp\/v2\/categories?post=30965"},{"taxonomy":"post_tag","embeddable":true,"href":"https:\/\/fram.is\/is\/wp-json\/wp\/v2\/tags?post=30965"}],"curies":[{"name":"wp","href":"https:\/\/api.w.org\/{rel}","templated":true}]}}