{"id":31029,"date":"2022-07-12T19:21:12","date_gmt":"2022-07-12T19:21:12","guid":{"rendered":"https:\/\/fram.is\/?p=31029"},"modified":"2022-07-12T19:21:47","modified_gmt":"2022-07-12T19:21:47","slug":"flottar-stulkur-a-simamoti","status":"publish","type":"post","link":"https:\/\/fram.is\/is\/2022\/07\/12\/flottar-stulkur-a-simamoti\/","title":{"rendered":"Flottar st\u00falkur \u00e1 S\u00edmam\u00f3ti"},"content":{"rendered":"<div data-elementor-type=\"wp-post\" data-elementor-id=\"31029\" class=\"elementor elementor-31029\" data-elementor-post-type=\"post\">\n\t\t\t\t<section class=\"elementor-section elementor-top-section elementor-element elementor-element-453ed710 elementor-section-boxed elementor-section-height-default elementor-section-height-default\" data-id=\"453ed710\" data-element_type=\"section\">\n\t\t\t\t\t\t<div class=\"elementor-container elementor-column-gap-default\">\n\t\t\t\t\t<div class=\"elementor-column elementor-col-100 elementor-top-column elementor-element elementor-element-7a2b4613\" data-id=\"7a2b4613\" data-element_type=\"column\">\n\t\t\t<div class=\"elementor-widget-wrap elementor-element-populated\">\n\t\t\t\t\t\t<div class=\"elementor-element elementor-element-a8143b elementor-widget elementor-widget-text-editor\" data-id=\"a8143b\" data-element_type=\"widget\" data-widget_type=\"text-editor.default\">\n\t\t\t\t<div class=\"elementor-widget-container\"><p><img fetchpriority=\"high\" decoding=\"async\" class=\"size-medium wp-image-31032 alignright\" src=\"https:\/\/fram.is\/wp-content\/uploads\/2022\/07\/Simamot--240x300.jpg\" alt=\"\" width=\"240\" height=\"300\" srcset=\"https:\/\/fram.is\/wp-content\/uploads\/2022\/07\/Simamot--240x300.jpg 240w, https:\/\/fram.is\/wp-content\/uploads\/2022\/07\/Simamot--scaled-800x1000.jpg 800w, https:\/\/fram.is\/wp-content\/uploads\/2022\/07\/Simamot--819x1024.jpg 819w, https:\/\/fram.is\/wp-content\/uploads\/2022\/07\/Simamot--768x960.jpg 768w, https:\/\/fram.is\/wp-content\/uploads\/2022\/07\/Simamot--1229x1536.jpg 1229w, https:\/\/fram.is\/wp-content\/uploads\/2022\/07\/Simamot--1638x2048.jpg 1638w, https:\/\/fram.is\/wp-content\/uploads\/2022\/07\/Simamot--scaled.jpg 2048w\" sizes=\"(max-width: 240px) 100vw, 240px\" \/>S\u00edmam\u00f3ti\u00f0 f\u00f3r fram dagana 7.-10. j\u00fal\u00ed \u00ed K\u00f3pavogi. St\u00e6rsta f\u00f3tboltam\u00f3t landsins olli engum vonbrig\u00f0um frekar en venjulega. Gl\u00e6sileg umgj\u00f6r\u00f0 hj\u00e1 Brei\u00f0ablik og S\u00edmanum, fr\u00e1b\u00e6r stemmning og miki\u00f0 af flottum f\u00f3tbolta.<\/p><p>\u00deetta \u00e1ri\u00f0 sendi Fram heil 12 li\u00f0 til leiks \u00far 7., 6. og 5. flokki kvenna. Allar uppstr\u00edla\u00f0ar me\u00f0 andlitsm\u00e1lningu, bl\u00e1tt h\u00e1r, fl\u00e9ttur og og st\u00fatfullar af keppnisskapi og leikgle\u00f0i. Virkilega gl\u00e6silegur h\u00f3pur sem var f\u00e9laginu s\u00ednu til mikils s\u00f3ma innan og utan vallar.\u00a0<br \/><br \/>\u00ferj\u00fa li\u00f0 af \u00feessum 12 ger\u00f0u s\u00e9r l\u00edti\u00f0 fyrir og unnu s\u00ednar deildir. \u00d6ll \u00ed 7. flokki. \u00dear \u00e1 me\u00f0al var bikarinn \u00ed efstu deild 7.flokks. Fr\u00e1b\u00e6r \u00e1rangur og \u00f3skum vi\u00f0 sigurvegurum sinna deilda a\u00f0 sj\u00e1lfs\u00f6g\u00f0u til hamingju. \u00darslit voru annars upp og ofan eins og gengur en \u00ed \u00f6llum tilfellum var frammista\u00f0an til fyrirmyndar og mikil reynsla fengin \u00far m\u00f3tinu.<\/p><p><img decoding=\"async\" class=\"size-medium wp-image-31033 alignright\" src=\"https:\/\/fram.is\/wp-content\/uploads\/2022\/07\/Simamot-I--240x300.jpg\" alt=\"\" width=\"240\" height=\"300\" srcset=\"https:\/\/fram.is\/wp-content\/uploads\/2022\/07\/Simamot-I--240x300.jpg 240w, https:\/\/fram.is\/wp-content\/uploads\/2022\/07\/Simamot-I--scaled-800x1000.jpg 800w, https:\/\/fram.is\/wp-content\/uploads\/2022\/07\/Simamot-I--819x1024.jpg 819w, https:\/\/fram.is\/wp-content\/uploads\/2022\/07\/Simamot-I--768x960.jpg 768w, https:\/\/fram.is\/wp-content\/uploads\/2022\/07\/Simamot-I--1229x1536.jpg 1229w, https:\/\/fram.is\/wp-content\/uploads\/2022\/07\/Simamot-I--1639x2048.jpg 1639w, https:\/\/fram.is\/wp-content\/uploads\/2022\/07\/Simamot-I--scaled.jpg 2048w\" sizes=\"(max-width: 240px) 100vw, 240px\" \/>L\u00edkt og \u00ed fyrra \u00fe\u00e1 h\u00e9tu \u00f6ll li\u00f0 \u00ed h\u00f6fu\u00f0i\u00f0 \u00e1 meistaraflokksleikm\u00f6nnum sinna f\u00e9laga. \u00dea\u00f0 var \u00fev\u00ed virkilega gaman a\u00f0 sj\u00e1 leikmenn meistaraflokks kvenna m\u00e6ta \u00e1 m\u00f3ti\u00f0 til a\u00f0 sty\u00f0ja stelpurnar, sitja fyrir \u00e1 myndum og tengjast\u00a0 s\u00ednum helstu stu\u00f0ningsm\u00f6nnum og a\u00f0d\u00e1endum.\u00a0<br \/><br \/>Vi\u00f0 \u00fe\u00f6kkum S\u00edmanum og Brei\u00f0ablik k\u00e6rlega fyrir fr\u00e1b\u00e6rt m\u00f3t og hl\u00f6kkum til a\u00f0 m\u00e6ta aftur \u00e1 n\u00e6sta \u00e1ri. Vi\u00f0 \u00f3skum jafnframt \u00f6llum fulltr\u00faum Fram \u00e1 m\u00f3tinu til hamingju me\u00f0 gl\u00e6silega frammist\u00f6\u00f0u og hl\u00f6kkum miki\u00f0 til a\u00f0 sj\u00e1 stelpurnar bl\u00f3mstra innan f\u00e9lagsins.<br \/><br \/>Myndir fr\u00e1 m\u00f3tinu eru h\u00e9r: <a href=\"https:\/\/framphotos.pixieset.com\/2022-simamotid\/\" target=\"_blank\" rel=\"noopener\">https:\/\/framphotos.pixieset.com\/2022-simamotid\/<\/a> og h\u00e9r: <a href=\"https:\/\/framphotos.pixieset.com\/2022-simamotid-oliogrobert\/\" target=\"_blank\" rel=\"noopener\">https:\/\/framphotos.pixieset.com\/2022-simamotid-oliogrobert\/<\/a><\/p><\/div>\n\t\t\t\t<\/div>\n\t\t\t\t\t<\/div>\n\t\t<\/div>\n\t\t\t\t\t<\/div>\n\t\t<\/section>\t\t<\/div>","protected":false},"excerpt":{"rendered":"<p>S\u00edmam\u00f3ti\u00f0 f\u00f3r fram dagana 7.-10. j\u00fal\u00ed \u00ed K\u00f3pavogi. St\u00e6rsta f\u00f3tboltam\u00f3t landsins olli engum vonbrig\u00f0um frekar en venjulega. Gl\u00e6sileg umgj\u00f6r\u00f0 hj\u00e1 Brei\u00f0ablik og S\u00edmanum, fr\u00e1b\u00e6r stemmning og miki\u00f0 af flottum f\u00f3tbolta. [&hellip;]<\/p>","protected":false},"author":5,"featured_media":31030,"comment_status":"closed","ping_status":"closed","sticky":false,"template":"","format":"standard","meta":{"_monsterinsights_skip_tracking":false,"_monsterinsights_sitenote_active":false,"_monsterinsights_sitenote_note":"","_monsterinsights_sitenote_category":0,"_jetpack_memberships_contains_paid_content":false,"footnotes":""},"categories":[9,13],"tags":[],"class_list":["post-31029","post","type-post","status-publish","format-standard","has-post-thumbnail","hentry","category-fotbolti","category-yngriflokkar"],"jetpack_sharing_enabled":true,"jetpack_featured_media_url":"https:\/\/fram.is\/wp-content\/uploads\/2022\/07\/Simamot-meistarar--scaled.jpg","_links":{"self":[{"href":"https:\/\/fram.is\/is\/wp-json\/wp\/v2\/posts\/31029","targetHints":{"allow":["GET"]}}],"collection":[{"href":"https:\/\/fram.is\/is\/wp-json\/wp\/v2\/posts"}],"about":[{"href":"https:\/\/fram.is\/is\/wp-json\/wp\/v2\/types\/post"}],"author":[{"embeddable":true,"href":"https:\/\/fram.is\/is\/wp-json\/wp\/v2\/users\/5"}],"replies":[{"embeddable":true,"href":"https:\/\/fram.is\/is\/wp-json\/wp\/v2\/comments?post=31029"}],"version-history":[{"count":4,"href":"https:\/\/fram.is\/is\/wp-json\/wp\/v2\/posts\/31029\/revisions"}],"predecessor-version":[{"id":31036,"href":"https:\/\/fram.is\/is\/wp-json\/wp\/v2\/posts\/31029\/revisions\/31036"}],"wp:featuredmedia":[{"embeddable":true,"href":"https:\/\/fram.is\/is\/wp-json\/wp\/v2\/media\/31030"}],"wp:attachment":[{"href":"https:\/\/fram.is\/is\/wp-json\/wp\/v2\/media?parent=31029"}],"wp:term":[{"taxonomy":"category","embeddable":true,"href":"https:\/\/fram.is\/is\/wp-json\/wp\/v2\/categories?post=31029"},{"taxonomy":"post_tag","embeddable":true,"href":"https:\/\/fram.is\/is\/wp-json\/wp\/v2\/tags?post=31029"}],"curies":[{"name":"wp","href":"https:\/\/api.w.org\/{rel}","templated":true}]}}