{"id":31102,"date":"2022-07-26T17:55:50","date_gmt":"2022-07-26T17:55:50","guid":{"rendered":"https:\/\/fram.is\/?p=31102"},"modified":"2022-07-26T17:56:26","modified_gmt":"2022-07-26T17:56:26","slug":"tveir-fra-fram-i-aefingahopi-islands-u-16-karla","status":"publish","type":"post","link":"https:\/\/fram.is\/is\/2022\/07\/26\/tveir-fra-fram-i-aefingahopi-islands-u-16-karla\/","title":{"rendered":"Tveir fr\u00e1 FRAM \u00ed \u00e6fingah\u00f3pi \u00cdslands U-16 karla"},"content":{"rendered":"<div data-elementor-type=\"wp-post\" data-elementor-id=\"31102\" class=\"elementor elementor-31102\" data-elementor-post-type=\"post\">\n\t\t\t\t<section class=\"elementor-section elementor-top-section elementor-element elementor-element-5fa1436e elementor-section-boxed elementor-section-height-default elementor-section-height-default\" data-id=\"5fa1436e\" data-element_type=\"section\">\n\t\t\t\t\t\t<div class=\"elementor-container elementor-column-gap-default\">\n\t\t\t\t\t<div class=\"elementor-column elementor-col-100 elementor-top-column elementor-element elementor-element-518f291f\" data-id=\"518f291f\" data-element_type=\"column\">\n\t\t\t<div class=\"elementor-widget-wrap elementor-element-populated\">\n\t\t\t\t\t\t<div class=\"elementor-element elementor-element-782ec131 elementor-widget elementor-widget-text-editor\" data-id=\"782ec131\" data-element_type=\"widget\" data-widget_type=\"text-editor.default\">\n\t\t\t\t<div class=\"elementor-widget-container\"><p><img fetchpriority=\"high\" decoding=\"async\" class=\"size-full wp-image-31103 alignright\" src=\"https:\/\/fram.is\/wp-content\/uploads\/2022\/07\/U15-og-U16-jan.-2022..jpg\" alt=\"\" width=\"297\" height=\"258\" \/>Heimir \u00d6rn \u00c1rnason og Hrannar Gu\u00f0mundsson landsli\u00f0s\u00fej\u00e1lfarar \u00cdslands U-16 karla hafa vali\u00f0 h\u00f3p sem kemur saman til \u00e6finga \u00e1 Akureyri 19. \u2013 21. \u00e1g\u00fast nk.<br \/><br \/>Vi\u00f0 FRAMarar erum stoltir af \u00fev\u00ed a\u00f0 eiga tvo leikmenn \u00ed \u00feessum \u00e6fingah\u00f3pi \u00cdslands. \u00deeir sem voru valdir fr\u00e1 FRAM a\u00f0 \u00feessu sinni eru:<br \/><br \/>Marel Baldvinsson\u00a0\u00a0\u00a0\u00a0\u00a0\u00a0\u00a0\u00a0\u00a0\u00a0\u00a0\u00a0\u00a0\u00a0\u00a0\u00a0\u00a0\u00a0\u00a0\u00a0\u00a0\u00a0\u00a0 Fram<br \/>Mark\u00fas P\u00e1ll Ellertsson\u00a0\u00a0\u00a0\u00a0\u00a0\u00a0\u00a0\u00a0\u00a0\u00a0\u00a0\u00a0\u00a0\u00a0\u00a0\u00a0\u00a0 Fram<\/p><p>Gangi ykkur vel.<\/p><p>\u00c1FRAM FRAM<\/p><\/div>\n\t\t\t\t<\/div>\n\t\t\t\t\t<\/div>\n\t\t<\/div>\n\t\t\t\t\t<\/div>\n\t\t<\/section>\t\t<\/div>","protected":false},"excerpt":{"rendered":"<p>Heimir \u00d6rn \u00c1rnason og Hrannar Gu\u00f0mundsson landsli\u00f0s\u00fej\u00e1lfarar \u00cdslands U-16 karla hafa vali\u00f0 h\u00f3p sem kemur saman til \u00e6finga \u00e1 Akureyri 19. \u2013 21. \u00e1g\u00fast nk. Vi\u00f0 FRAMarar erum stoltir af [&hellip;]<\/p>","protected":false},"author":5,"featured_media":31110,"comment_status":"closed","ping_status":"closed","sticky":false,"template":"","format":"standard","meta":{"_monsterinsights_skip_tracking":false,"_monsterinsights_sitenote_active":false,"_monsterinsights_sitenote_note":"","_monsterinsights_sitenote_category":0,"_jetpack_memberships_contains_paid_content":false,"footnotes":""},"categories":[7,6],"tags":[],"class_list":["post-31102","post","type-post","status-publish","format-standard","has-post-thumbnail","hentry","category-yngri-flokkar","category-handbolti"],"jetpack_sharing_enabled":true,"jetpack_featured_media_url":"https:\/\/fram.is\/wp-content\/uploads\/2022\/07\/4.-fl.ka_.-E..jpg","_links":{"self":[{"href":"https:\/\/fram.is\/is\/wp-json\/wp\/v2\/posts\/31102","targetHints":{"allow":["GET"]}}],"collection":[{"href":"https:\/\/fram.is\/is\/wp-json\/wp\/v2\/posts"}],"about":[{"href":"https:\/\/fram.is\/is\/wp-json\/wp\/v2\/types\/post"}],"author":[{"embeddable":true,"href":"https:\/\/fram.is\/is\/wp-json\/wp\/v2\/users\/5"}],"replies":[{"embeddable":true,"href":"https:\/\/fram.is\/is\/wp-json\/wp\/v2\/comments?post=31102"}],"version-history":[{"count":8,"href":"https:\/\/fram.is\/is\/wp-json\/wp\/v2\/posts\/31102\/revisions"}],"predecessor-version":[{"id":31113,"href":"https:\/\/fram.is\/is\/wp-json\/wp\/v2\/posts\/31102\/revisions\/31113"}],"wp:featuredmedia":[{"embeddable":true,"href":"https:\/\/fram.is\/is\/wp-json\/wp\/v2\/media\/31110"}],"wp:attachment":[{"href":"https:\/\/fram.is\/is\/wp-json\/wp\/v2\/media?parent=31102"}],"wp:term":[{"taxonomy":"category","embeddable":true,"href":"https:\/\/fram.is\/is\/wp-json\/wp\/v2\/categories?post=31102"},{"taxonomy":"post_tag","embeddable":true,"href":"https:\/\/fram.is\/is\/wp-json\/wp\/v2\/tags?post=31102"}],"curies":[{"name":"wp","href":"https:\/\/api.w.org\/{rel}","templated":true}]}}