{"id":31644,"date":"2022-09-04T21:53:52","date_gmt":"2022-09-04T21:53:52","guid":{"rendered":"https:\/\/fram.is\/?p=31644"},"modified":"2022-09-04T21:58:33","modified_gmt":"2022-09-04T21:58:33","slug":"jaherna","status":"publish","type":"post","link":"https:\/\/fram.is\/is\/2022\/09\/04\/jaherna\/","title":{"rendered":"Jah\u00e9rna!"},"content":{"rendered":"<div data-elementor-type=\"wp-post\" data-elementor-id=\"31644\" class=\"elementor elementor-31644\" data-elementor-post-type=\"post\">\n\t\t\t\t<section class=\"elementor-section elementor-top-section elementor-element elementor-element-319211e8 elementor-section-boxed elementor-section-height-default elementor-section-height-default\" data-id=\"319211e8\" data-element_type=\"section\">\n\t\t\t\t\t\t<div class=\"elementor-container elementor-column-gap-default\">\n\t\t\t\t\t<div class=\"elementor-column elementor-col-100 elementor-top-column elementor-element elementor-element-50abe862\" data-id=\"50abe862\" data-element_type=\"column\">\n\t\t\t<div class=\"elementor-widget-wrap elementor-element-populated\">\n\t\t\t\t\t\t<div class=\"elementor-element elementor-element-551db024 elementor-widget elementor-widget-text-editor\" data-id=\"551db024\" data-element_type=\"widget\" data-widget_type=\"text-editor.default\">\n\t\t\t\t<div class=\"elementor-widget-container\"><p><img fetchpriority=\"high\" decoding=\"async\" class=\"size-medium wp-image-31647 alignright\" src=\"https:\/\/fram.is\/wp-content\/uploads\/2022\/09\/fred-300x300.jpg\" alt=\"\" width=\"300\" height=\"300\" srcset=\"https:\/\/fram.is\/wp-content\/uploads\/2022\/09\/fred-300x300.jpg 300w, https:\/\/fram.is\/wp-content\/uploads\/2022\/09\/fred-800x800.jpg 800w, https:\/\/fram.is\/wp-content\/uploads\/2022\/09\/fred-100x100.jpg 100w, https:\/\/fram.is\/wp-content\/uploads\/2022\/09\/fred-1024x1024.jpg 1024w, https:\/\/fram.is\/wp-content\/uploads\/2022\/09\/fred-150x150.jpg 150w, https:\/\/fram.is\/wp-content\/uploads\/2022\/09\/fred-768x768.jpg 768w, https:\/\/fram.is\/wp-content\/uploads\/2022\/09\/fred-1536x1536.jpg 1536w, https:\/\/fram.is\/wp-content\/uploads\/2022\/09\/fred.jpg 2048w\" sizes=\"(max-width: 300px) 100vw, 300px\" \/>Hafi\u00f0 \u00fei\u00f0 heyrt um a\u00f0eins minna \u00feekktu \u00fatg\u00e1funa af \u00d6skubusku? \u00deessa \u00fear sem eftir br\u00fa\u00f0kaupi\u00f0 ekur sporvagn yfir prinsinn fagra, \u00d6skubuska f\u00e6r n\u00fdrnasteina og vonda stj\u00fapan reynist hafa keypt hlutabr\u00e9f \u00ed b\u00e6\u00f0i Marel og S\u00edldarvinnslunni og f\u00e6r raunveruleika\u00fe\u00e1tt \u00e1 V\u00edsi&#8230; Ekki? \u00dea\u00f0 var samt leikriti\u00f0 sem var sett \u00e1 svi\u00f0 \u00ed \u00dalfars\u00e1rdalnum \u00ed dag. Lesi\u00f0 \u00e1fram \u00e1 eigin \u00e1byrg\u00f0, \u00feetta er ekki saga fyrir gr\u00e1tgjarna.<\/p><p>Fr\u00e9ttaritarinn s\u00e1 fram \u00e1 a\u00f0 ver\u00f0a seinn fyrir \u00e1 leik Fram og KA \u00ed Dal draumanna, \u00fear sem hann \u00feurfti fyrst a\u00f0 afgrei\u00f0a \u00f3gnarfj\u00f6lmenna s\u00f6gug\u00f6ngu \u00ed Fossvogskirkjugar\u00f0i. Blessunarlega haf\u00f0i hins vegar sprungi\u00f0 \u00e1 Fokkernum sem \u00e1tti a\u00f0 flytja KA-menn su\u00f0ur. Leikstj\u00f3rn KA hefur v\u00e6ntanlega gefi\u00f0 fj\u00f3r\u00f0a d\u00f3maranum or\u00f0 \u00ed eyra vegna \u00feessarar t\u00e6knilegu vanh\u00e6fni en s\u00ed\u00f0an var leiknum fresta\u00f0 um klukkut\u00edma. \u00dea\u00f0 \u00fe\u00fdddi a\u00f0 Fr\u00e9ttaritarinn haf\u00f0i n\u00e6gan t\u00edma til a\u00f0 aka eins og f\u00ednn ma\u00f0ur uppeftir, finna st\u00e6\u00f0i \u2013 sem er ekkert gr\u00edn \u2013 og blanda ge\u00f0i \u00ed f\u00ednumannabo\u00f0inu. Yr\u00f0um vi\u00f0 karlar \u00ed krapinu e\u00f0a sn\u00e1\u00f0ar \u00ed snj\u00f3num? Um \u00fea\u00f0 voru sko\u00f0anir skiptar yfir \u00edtalska ofnr\u00e9ttinum og hr\u00e1salatinu.<\/p><p>Li\u00f0suppstilling Fram var \u00f3breytt fr\u00e1 hetjulega jafnteflinu gegn Val. \u00d3li \u00ed markinu. Delphin og Brynjar mi\u00f0ver\u00f0ir. M\u00e1r og Alex bakver\u00f0ir. Hlynur aftastur \u00e1 mi\u00f0junni. Indri\u00f0i \u00c1ki og Almarr fyrir framan hann. Fred og Tiago hvor \u00e1 s\u00ednum kanti og Gummi frammi. St\u00fakan virtist pr\u00fd\u00f0ilega full og \u00fev\u00ed kom nokku\u00f0 \u00e1 \u00f3vart \u00ed lok leiks \u00feegar \u00e1horfendat\u00f6lur voru kynntar r\u00e9tt r\u00famlega 700. \u00dearna hlj\u00f3ta einhver b\u00f6rn a\u00f0 vera vantalin \u00ed \u00fea\u00f0 minnsta. \u00dea\u00f0 vanta\u00f0i allavega ekki valinkunna Framara og \u00fearna var m.a. J\u00f3i Nissa, b\u00f3kav\u00f6r\u00f0urinn ge\u00f0\u00feekki. Vi\u00f0 t\u00f6pum aldrei \u00feegar hann m\u00e6tir. Ve\u00f0ur me\u00f0 \u00e1g\u00e6tasta m\u00f3ti.<\/p><p>Hr\u00f3si\u00f0 \u00e1 F\u00f3tbolta-punkti-net eftir s\u00ed\u00f0asta leik haf\u00f0i greinilega stigi\u00f0 trumbuslagaranum til h\u00f6fu\u00f0s, \u00ed \u00fea\u00f0 minnsta bau\u00f0 hann upp \u00e1 lj\u00fafa djasstakta \u00ed byrjun leiks, sem er kannski nokku\u00f0 vel \u00ed lagt fyrir \u00edslenskan septemberf\u00f3tbolta. Framstu\u00f0ningsmennirnir voru almennt l\u00edflegir, enda erum vi\u00f0 me\u00f0 langskemmtilegasta klappli\u00f0i\u00f0 \u00ed \u00e1r. \u00dea\u00f0 er fr\u00e6\u00f0ilegt mat.<\/p><p><img decoding=\"async\" class=\"size-medium wp-image-31645 alignright\" src=\"https:\/\/fram.is\/wp-content\/uploads\/2022\/09\/Alex-300x200.jpg\" alt=\"\" width=\"300\" height=\"200\" srcset=\"https:\/\/fram.is\/wp-content\/uploads\/2022\/09\/Alex-300x200.jpg 300w, https:\/\/fram.is\/wp-content\/uploads\/2022\/09\/Alex-800x533.jpg 800w, https:\/\/fram.is\/wp-content\/uploads\/2022\/09\/Alex-1024x683.jpg 1024w, https:\/\/fram.is\/wp-content\/uploads\/2022\/09\/Alex-768x512.jpg 768w, https:\/\/fram.is\/wp-content\/uploads\/2022\/09\/Alex-1536x1024.jpg 1536w, https:\/\/fram.is\/wp-content\/uploads\/2022\/09\/Alex.jpg 2048w\" sizes=\"(max-width: 300px) 100vw, 300px\" \/>Gulkl\u00e6ddir byrju\u00f0u betur og komu s\u00e9r \u00ed fyrsta f\u00e6ri strax \u00e1 upphafsm\u00edn\u00fatunum. Vi\u00f0 \u00e1ttum okkar s\u00f3knarlotur l\u00edka og eftir fimm m\u00edn\u00fatna leik var Gummi Magg t\u00e6kla\u00f0ur harkalega vi\u00f0 v\u00edtateigsl\u00ednu andst\u00e6\u00f0inganna. Ekkert d\u00e6mt, enda t\u00f3k d\u00f3marinn strax \u00ed upphafi \u00fe\u00e1 l\u00ednu a\u00f0 leyfa leiknum a\u00f0 fl\u00e6\u00f0a og flauta ekki \u00ed t\u00edma og \u00f3t\u00edma fyrir sm\u00e1brot. Til marks um menningarl\u00e6si d\u00f3maratr\u00ed\u00f3sins \u00fe\u00e1 \u00e1tta\u00f0i \u00fea\u00f0 sig \u00e1 \u00fev\u00ed a\u00f0 h\u00e9r v\u00e6ri leikur tveggja li\u00f0a me\u00f0 mikla handboltahef\u00f0. \u00dev\u00ed voru bakhrindingar leyf\u00f0ar fr\u00e1 fyrstu m\u00edn\u00fatu og n\u00fdttu leikmenn beggja li\u00f0a s\u00e9r \u00fea\u00f0 \u00f3spart.<\/p><p>Leikurinn barst vallarhelminga \u00e1 milli, \u00feannig sk\u00f6u\u00f0u b\u00e6\u00f0i li\u00f0 s\u00e9r h\u00e6ttuleg f\u00e6ri \u00e1 n\u00edundu m\u00edn\u00fatu. Fyrst skutu KA menn beint \u00e1 \u00d3la (\u00feeir voru ansi miki\u00f0 \u00ed a\u00f0 skj\u00f3ta beint \u00e1 hann \u00ed venjulegum leikt\u00edma) og f\u00e1einum sek\u00fandum s\u00ed\u00f0ar var KA-markv\u00f6r\u00f0urinn sentimetrum \u00e1 undan Gu\u00f0mundi \u00ed boltann.<\/p><p>Flott aukaspyrna fr\u00e1 Fred lenti \u00e1 beint \u00e1 kollinum \u00e1 Brynjari eftir t\u00e6pt kort\u00e9r og \u00fea\u00f0an naumlega framhj\u00e1. Sk\u00f6mmu s\u00ed\u00f0ar var Gumma hrint mj\u00f6g auglj\u00f3slega \u00ed j\u00f6r\u00f0ina \u00ed v\u00edtateignum en boltinn var hvergi n\u00e1l\u00e6gur svo v\u00edtaspyrna hef\u00f0i veri\u00f0 ansi harkalegur d\u00f3mur.<\/p><p>Um og upp \u00far mi\u00f0jum fyrri h\u00e1lfleiknum f\u00e9kk KA nokkur \u00feokkaleg f\u00e6ri en \u00feau endu\u00f0u f\u00e6st \u00e1 skoti og \u00fe\u00e1 sj\u00e1ldan a\u00f0 \u00fea\u00f0 ger\u00f0ist r\u00f6tu\u00f0u \u00feau beint \u00e1 \u00d3la. Inn \u00e1 milli s\u00f3knarlota Akureyringa t\u00f3kst Fred a\u00f0 skei\u00f0a upp h\u00e1lfan v\u00f6llinn \u00e1\u00f0ur en hann l\u00e9t skot r\u00ed\u00f0a af af l\u00f6ngu f\u00e6ri en vel framhj\u00e1. A\u00f0 \u00f6\u00f0ru leyti eyddu leikmenn helst til of miklum t\u00edma \u00ed a\u00f0 naggast \u00ed d\u00f3maranum og peppu\u00f0ustu mennirnir \u00e1 sv\u00e6\u00f0inu reyndust vera boltastr\u00e1karnir sem \u00ed \u00fea\u00f0 minnsta tv\u00edvegis ur\u00f0u of \u00e1kafir og tveir boltar voru komnir \u00ed leik \u00e1 sama t\u00edma.<\/p><p>\u00dea\u00f0 var markalaust \u00ed h\u00e1lfeik og f\u00e1tt haf\u00f0i bori\u00f0 til t\u00ed\u00f0inda. \u00cd f\u00ednumannabo\u00f0inu hitti Fr\u00e9ttaritarinn \u2013 sem var h\u00e1lfumkomulaus \u00e1n skjaldsveinsins og f\u00e9laga Rafns \u2013 kokkinn G\u00fasta sem er or\u00f0inn har\u00f0asti talsma\u00f0ur veganisma \u00e1 landinu. Hann haf\u00f0i v\u00e6ntanlega g\u00e6tt s\u00e9r \u00e1 gr\u00e6nkeralasagne-r\u00e9ttinum fyrir leik, en vi\u00f0 ger\u00f0 hans var engri belju sl\u00e1tra\u00f0 e\u00f0a h\u00fan mj\u00f3lku\u00f0 nema s\u00ed\u00f0ur s\u00e9. Skiptust \u00feeir \u00e1 gamanm\u00e1lum um \u00f3g\u00f6ngur sumra li\u00f0a fr\u00e1 st\u00f3r-Reykjav\u00edkursv\u00e6\u00f0inu og bar saman um a\u00f0 mi\u00f0jan v\u00e6ri ekki n\u00f3gu sterk og athugandi v\u00e6ri a\u00f0 skipta yfir \u00ed tveggja framherja kerfi eftir hl\u00e9.<\/p><p>St\u00f3rhugar hugsa eins! \u2013 amk h\u00f6f\u00f0u Nonni og A\u00f0alsteinn gert \u00fe\u00e1 breytingu \u00ed byrjun seinni h\u00e1lfleiks a\u00f0 setja Albert inn\u00e1 fyrir Indri\u00f0a og f\u00e6ra hann \u00ed fremstu v\u00edgl\u00ednu. \u00dea\u00f0 reyndist snjallt \u00fatspil og allt anna\u00f0 var a\u00f0 sj\u00e1 til okkar manna eftir leikhl\u00e9i\u00f0.<\/p><p>Fr\u00e9ttaritarinn, sem haf\u00f0i fr\u00edka\u00f0 \u00fat \u00e1 valkostunum og sleppt \u00fev\u00ed a\u00f0 finna s\u00e9r s\u00e6ti fyrir hl\u00e9 \u00e1kva\u00f0 a\u00f0 halda \u00e1fram a\u00f0 standa aftast \u00ed st\u00fakunni, vi\u00f0 hli\u00f0ina \u00e1 \u00deorsteini Jo\u00f0. Eftir hl\u00e9 b\u00e6ttist taugaveikla\u00f0ur \u00deorbj\u00f6rn Atli \u00ed h\u00f3pinn. Hann var fullur af stressi og b\u00f6ls\u00fdni. Vi\u00f0urkenndi a\u00f0 hafa drukki\u00f0 Pepsi \u00ed hl\u00e9inu. Kannabis hef\u00f0i l\u00edklega veri\u00f0 sterkari leikur.<\/p><p><img decoding=\"async\" class=\"size-medium wp-image-31648 alignright\" src=\"https:\/\/fram.is\/wp-content\/uploads\/2022\/09\/Delfin-300x200.jpg\" alt=\"\" width=\"300\" height=\"200\" srcset=\"https:\/\/fram.is\/wp-content\/uploads\/2022\/09\/Delfin-300x200.jpg 300w, https:\/\/fram.is\/wp-content\/uploads\/2022\/09\/Delfin-800x533.jpg 800w, https:\/\/fram.is\/wp-content\/uploads\/2022\/09\/Delfin-1024x683.jpg 1024w, https:\/\/fram.is\/wp-content\/uploads\/2022\/09\/Delfin-768x512.jpg 768w, https:\/\/fram.is\/wp-content\/uploads\/2022\/09\/Delfin-1536x1024.jpg 1536w, https:\/\/fram.is\/wp-content\/uploads\/2022\/09\/Delfin.jpg 2048w\" sizes=\"(max-width: 300px) 100vw, 300px\" \/>L\u00edkt og \u00ed fyrri h\u00e1lfleik skapa\u00f0i hvorugt li\u00f0i\u00f0 s\u00e9r nein afgerandi f\u00e6ri fyrsta kort\u00e9ri\u00f0. Framarar voru \u00fe\u00f3 fr\u00edskari. Eftir stundarfj\u00f3r\u00f0unginn dr\u00f3 \u00fe\u00f3 til t\u00ed\u00f0inda. Albert f\u00e9kk g\u00f3\u00f0a sendingu inn fyrir v\u00f6rnina (fr\u00e1 Tiago?) og n\u00e1\u00f0i a\u00f0 leggja hann h\u00e1rn\u00e1kv\u00e6mt \u00fat \u00ed teiginn \u00fear sem Fred kom a\u00f0v\u00edfandi og skaut h\u00e1rn\u00e1kv\u00e6mt \u00ed markhorni\u00f0, 1:0.<\/p><p>Marki\u00f0 sl\u00f3 KA \u00fat af laginu og vi\u00f0 t\u00f3k kafli \u00fear sem Fram haf\u00f0i \u00f6ll v\u00f6ld. Gummi \u00e1tti\u00a0 bylmingsskot en beint \u00e1 markmann KA-manna og sk\u00f6mmu s\u00ed\u00f0ar gripu gestirnir til \u00feess r\u00e1\u00f0s a\u00f0 st\u00f6\u00f0va skyndis\u00f3kn Framara me\u00f0 \u00fev\u00ed a\u00f0 sparka Almarr ni\u00f0ur r\u00e9tt fyrir utan v\u00edtateig. \u00deegar \u00fearna var komi\u00f0 s\u00f6gu virtust Akureyringar gj\u00f6rsamlega varnarlausir gagnvart Framv\u00f6rninni \u00fear sem hver ma\u00f0ur st\u00f3\u00f0 sig \u00f6\u00f0rum betur. Alex var grj\u00f3thar\u00f0ur og Delphin \u00e1tti afbrag\u00f0sleik.<\/p><p>\u00deegar tuttugu m\u00edn\u00fatur voru eftir \u00e1 klukkunni tv\u00f6f\u00f6ldu\u00f0u Framarar forystuna. Tiago \u00e1tti fr\u00e1b\u00e6ra sendingu \u00e1 Albert sem geystist upp kantinn og sendi beint fyrir t\u00e6rnar \u00e1 Fred sem hamra\u00f0i boltanum \u00ed horni\u00f0. 2:0 eftir n\u00e1nast endurtekningu \u00e1 fyrra marki \u2013 bara flottara. Hv\u00edl\u00edk \u00ferenning og gl\u00e6isleg innkoma hj\u00e1 Alberti.<\/p><p>Skiljanlega b\u00f6kku\u00f0u Framarar a\u00f0eins eftir \u00feetta. KA f\u00e9kk dau\u00f0af\u00e6ri beint \u00ed kj\u00f6lfari\u00f0 \u00e1 markinu en leikma\u00f0ur \u00feeirra, einn \u00e1 m\u00f3ti \u00d3la \u00e1kva\u00f0 a\u00f0 sparka boltanum af \u00f6llum krafti beint \u00ed belginn \u00e1 honum, sem var mj\u00f6g hugulsamt gagnvart \u00f6llum nema markver\u00f0inum. Sk\u00f6mmu s\u00ed\u00f0ar komust KA-menn \u00ed anna\u00f0 upplagt markt\u00e6kif\u00e6ri, en Brynjar Gauti n\u00e1\u00f0i a\u00f0 henda s\u00e9r fyrir boltann. Flottur leikur hj\u00e1 honum a\u00f0 vanda.<\/p><p>Magn\u00fas kom inn \u00e1 fyrir Fred sem haf\u00f0i hlaupi\u00f0 og dj\u00f6flast allan leikinn. \u00c1 \u00e1ttugustu m\u00edn\u00fatu s\u00e1 Fr\u00e9ttaritarinn \u00e1st\u00e6\u00f0u til a\u00f0 gefa Delphin pl\u00fas \u00ed kladdann fyrir eitthva\u00f0 sem n\u00fa er l\u00f6ngu gleymt. \u00dea\u00f0 var n\u00e6stum or\u00f0i\u00f0 jinx, \u00fear sem m\u00edn\u00fatu s\u00ed\u00f0ar \u00e1kva\u00f0 Delphin a\u00f0 toga \u00ed treyju eins KA-mannsins \u00ed mi\u00f0jum v\u00edtateig, en \u00fear sem d\u00f3marinn haf\u00f0i \u00feegar \u00e1kve\u00f0i\u00f0 a\u00f0 handboltabrot v\u00e6ru f\u00e9lagslega vi\u00f0urkennd \u00ed \u00feessari vi\u00f0ureign ger\u00f0i hann enga athugasemd. \u00dea\u00f0 er hins vegar banna\u00f0 a\u00f0 hrinda markv\u00f6r\u00f0um inn \u00ed marki\u00f0 \u00ed handbolta og \u00feess vegna var mark KA-manna \u00e1 85. m\u00edn\u00fatu d\u00e6mt af. Fr\u00e9ttaritarinn og \u00deorbj\u00f6rn Atli voru hins vegar komnir me\u00f0 d\u00e1l\u00edtinn kv\u00ed\u00f0ahn\u00fat og voru samm\u00e1la um a\u00f0 ef Akureyringum myndi takast a\u00f0 \u00fev\u00e6la inn einu marki v\u00e6ru allar l\u00edkur \u00e1 a\u00f0 anna\u00f0 fylgdi \u00ed kj\u00f6lfari\u00f0&#8230;<\/p><p>Jannik kom inn\u00e1 fyrir Tiago og flj\u00f3tlega \u00ed kj\u00f6lfari\u00f0 \u00e1ttu Framarar \u00e1litlega s\u00f3kn \u00fear sem Alex (sem var valinn ma\u00f0ur leiksins) skei\u00f0a\u00f0i upp kantinn og sendi \u00e1 Magga sem n\u00e1\u00f0i ekki a\u00f0 gera s\u00e9r mat \u00far f\u00e6rinu \u2013 var m\u00f6gulega hrint, en \u00fea\u00f0 var enginn a\u00f0 fara a\u00f0 f\u00e1 v\u00edtaspyrnur \u00ed \u00feessum leik.<\/p><p>Vallarklukkan s\u00fdndi 90:00 um lei\u00f0 og KA f\u00e9kk horn og samviskusamur Fr\u00e9ttaritarinn setti skei\u00f0klukkuna \u00ed gang. Um lei\u00f0 setti fj\u00f3r\u00f0i d\u00f3marinn (sem varamannabekkur KA var sannf\u00e6r\u00f0ur um a\u00f0 b\u00e6ri fulla \u00e1byrg\u00f0 \u00e1 fyrsta marki leiksins) upp spjaldi\u00f0 sem s\u00fdndi a\u00f0 fj\u00f3rar m\u00edn\u00fatur v\u00e6ru eftir af leikum. \u00deegar skei\u00f0klukkan s\u00fdndi 90:25 l\u00e1 boltinn \u00ed neti Framara eftir hornspyrbnuna. Helv\u00edtis fokk.<\/p><p>Stundum eru Fr\u00e9ttaritarinn og Bj\u00f6ssi \u00far Grindav\u00edk \u00f3\u00fearflega forsp\u00e1ir. \u00c1 \u00feessum f\u00e1einu sek\u00fandum sem eftir lif\u00f0u af leiknum n\u00e1\u00f0u Framarar a\u00f0 geysast fram \u00ed skyndis\u00f3kn en mistakast a\u00f0 n\u00fdta hana \u00fer\u00edr \u00e1 tvo. Eftir tv\u00e6r til \u00ferj\u00e1r misg\u00f3\u00f0ar hreinsanir virtist t\u00edminn \u00e6tla a\u00f0 n\u00e1 a\u00f0 renna \u00fat, en um lei\u00f0 og skei\u00f0klukkan s\u00fdndi 93:10 kom j\u00f6fnunarmarki\u00f0 sem virtist svo \u00f3umfl\u00fdjanlegt. Tv\u00f6 2:2 jafntefli er uppskeran gegn KA \u00ed deildinni \u00e1 \u00feessu sumri og svo eitt glata\u00f0 tap \u00ed bikarnum. N\u00fa \u00feurfum vi\u00f0 \u00f6rlitla heppni og hagst\u00e6\u00f0 \u00farslit annars sta\u00f0ar til \u00feess a\u00f0 geta komi\u00f0 fram hefndum \u00ed fj\u00f3r\u00f0a leiknum. Fyrsta skref er a\u00f0 vinna \u00cdBV \u00e1 \u00fativelli um n\u00e6stu helgi \u2013 en fyrst m\u00e6tum vi\u00f0 samt \u00e1 Framstelpur \u00e1 m\u00f3ti Skaganum \u00e1 f\u00f6studagskv\u00f6ld.<\/p><p>Stef\u00e1n P\u00e1lsson<\/p><\/div>\n\t\t\t\t<\/div>\n\t\t\t\t\t<\/div>\n\t\t<\/div>\n\t\t\t\t\t<\/div>\n\t\t<\/section>\t\t<\/div>","protected":false},"excerpt":{"rendered":"<p>Hafi\u00f0 \u00fei\u00f0 heyrt um a\u00f0eins minna \u00feekktu \u00fatg\u00e1funa af \u00d6skubusku? \u00deessa \u00fear sem eftir br\u00fa\u00f0kaupi\u00f0 ekur sporvagn yfir prinsinn fagra, \u00d6skubuska f\u00e6r n\u00fdrnasteina og vonda stj\u00fapan reynist hafa keypt hlutabr\u00e9f [&hellip;]<\/p>","protected":false},"author":5,"featured_media":31645,"comment_status":"closed","ping_status":"closed","sticky":false,"template":"","format":"standard","meta":{"_monsterinsights_skip_tracking":false,"_monsterinsights_sitenote_active":false,"_monsterinsights_sitenote_note":"","_monsterinsights_sitenote_category":0,"_jetpack_memberships_contains_paid_content":false,"footnotes":""},"categories":[11,9],"tags":[],"class_list":["post-31644","post","type-post","status-publish","format-standard","has-post-thumbnail","hentry","category-mflkarla","category-fotbolti"],"jetpack_sharing_enabled":true,"jetpack_featured_media_url":"https:\/\/fram.is\/wp-content\/uploads\/2022\/09\/Alex.jpg","_links":{"self":[{"href":"https:\/\/fram.is\/is\/wp-json\/wp\/v2\/posts\/31644","targetHints":{"allow":["GET"]}}],"collection":[{"href":"https:\/\/fram.is\/is\/wp-json\/wp\/v2\/posts"}],"about":[{"href":"https:\/\/fram.is\/is\/wp-json\/wp\/v2\/types\/post"}],"author":[{"embeddable":true,"href":"https:\/\/fram.is\/is\/wp-json\/wp\/v2\/users\/5"}],"replies":[{"embeddable":true,"href":"https:\/\/fram.is\/is\/wp-json\/wp\/v2\/comments?post=31644"}],"version-history":[{"count":4,"href":"https:\/\/fram.is\/is\/wp-json\/wp\/v2\/posts\/31644\/revisions"}],"predecessor-version":[{"id":31651,"href":"https:\/\/fram.is\/is\/wp-json\/wp\/v2\/posts\/31644\/revisions\/31651"}],"wp:featuredmedia":[{"embeddable":true,"href":"https:\/\/fram.is\/is\/wp-json\/wp\/v2\/media\/31645"}],"wp:attachment":[{"href":"https:\/\/fram.is\/is\/wp-json\/wp\/v2\/media?parent=31644"}],"wp:term":[{"taxonomy":"category","embeddable":true,"href":"https:\/\/fram.is\/is\/wp-json\/wp\/v2\/categories?post=31644"},{"taxonomy":"post_tag","embeddable":true,"href":"https:\/\/fram.is\/is\/wp-json\/wp\/v2\/tags?post=31644"}],"curies":[{"name":"wp","href":"https:\/\/api.w.org\/{rel}","templated":true}]}}