{"id":31818,"date":"2022-09-15T13:48:34","date_gmt":"2022-09-15T13:48:34","guid":{"rendered":"https:\/\/fram.is\/?p=31818"},"modified":"2022-09-15T13:50:46","modified_gmt":"2022-09-15T13:50:46","slug":"argangamot-fram-i-knattspyrnu-laugardaginn-8-okt-kl-1300","status":"publish","type":"post","link":"https:\/\/fram.is\/is\/2022\/09\/15\/argangamot-fram-i-knattspyrnu-laugardaginn-8-okt-kl-1300\/","title":{"rendered":"\u00c1rgangam\u00f3t FRAM \u00ed Knattspyrnu laugardaginn 8. okt. kl. 13:00"},"content":{"rendered":"<div data-elementor-type=\"wp-post\" data-elementor-id=\"31818\" class=\"elementor elementor-31818\" data-elementor-post-type=\"post\">\n\t\t\t\t<section class=\"elementor-section elementor-top-section elementor-element elementor-element-27af7da9 elementor-section-boxed elementor-section-height-default elementor-section-height-default\" data-id=\"27af7da9\" data-element_type=\"section\">\n\t\t\t\t\t\t<div class=\"elementor-container elementor-column-gap-default\">\n\t\t\t\t\t<div class=\"elementor-column elementor-col-100 elementor-top-column elementor-element elementor-element-5cb87517\" data-id=\"5cb87517\" data-element_type=\"column\">\n\t\t\t<div class=\"elementor-widget-wrap elementor-element-populated\">\n\t\t\t\t\t\t<div class=\"elementor-element elementor-element-3f7f76c2 elementor-widget elementor-widget-text-editor\" data-id=\"3f7f76c2\" data-element_type=\"widget\" data-widget_type=\"text-editor.default\">\n\t\t\t\t<div class=\"elementor-widget-container\"><p><img fetchpriority=\"high\" decoding=\"async\" class=\"alignnone size-large wp-image-31822\" src=\"https:\/\/fram.is\/wp-content\/uploads\/2022\/09\/argangamot2-1-2-819x1024.png\" alt=\"\" width=\"800\" height=\"1000\" srcset=\"https:\/\/fram.is\/wp-content\/uploads\/2022\/09\/argangamot2-1-2-819x1024.png 819w, https:\/\/fram.is\/wp-content\/uploads\/2022\/09\/argangamot2-1-2-800x1000.png 800w, https:\/\/fram.is\/wp-content\/uploads\/2022\/09\/argangamot2-1-2-240x300.png 240w, https:\/\/fram.is\/wp-content\/uploads\/2022\/09\/argangamot2-1-2-768x960.png 768w, https:\/\/fram.is\/wp-content\/uploads\/2022\/09\/argangamot2-1-2.png 1080w\" sizes=\"(max-width: 800px) 100vw, 800px\" \/>\u00c1rgangam\u00f3t Fram \u00ed knattspyrnu ver\u00f0ur haldi\u00f0 \u00e1 Framvellinum \u00ed \u00dalfars\u00e1rdal laugardaginn 8. okt\u00f3ber og stendur m\u00f3ti\u00f0 fr\u00e1 kl 13:00 \u2013 16:00<br \/>Ra\u00f0a\u00f0 ver\u00f0ur \u00ed ri\u00f0la eftir aldursflokkum og leikfyrirkomulagi\u00f0 er ri\u00f0lakeppni \u2013 undan\u00farslit \u2013 \u00farslitaleikur.<br \/>6 manna bolti ver\u00f0ur spila\u00f0ur \u00e1 vallarfj\u00f3r\u00f0ungi \u2013 fj\u00f6ldi varamanna er \u00f3takmarka\u00f0ur.<br \/>Aldurstakmark er 22 \u00e1ra.<\/p><p>Ekki er nau\u00f0synlegt a\u00f0 allir leikmenn li\u00f0s s\u00e9u \u00far sama \u00e1rgangi.<br \/>S\u00e9rst\u00f6k d\u00f3mnefnd velur besta leikmann m\u00f3tsins.<br \/>Um kv\u00f6ldi\u00f0 ver\u00f0ur svo Okt\u00f3berfest me\u00f0 Stef\u00e1ni P\u00e1lssyni \u00ed veislusal Fram \u00ed Safam\u00fdri.<br \/>H\u00fasi\u00f0 opnar kl. 18:00 og kl. 19:00 hefst bj\u00f3rreisa, kynning og sm\u00f6kkun \u00e1 vel v\u00f6ldum bj\u00f3rtegundum.<br \/><br \/>Ver\u00f0:<br \/>\u00c1rgangam\u00f3t = 4.900 kr<br \/>Okt\u00f3berfest = 6.900 kr<br \/>\u00c1rgangam\u00f3t + Okt\u00f3berfest = 8.900<br \/><br \/>Skr\u00e1ning li\u00f0a og mi\u00f0apantanir \u00e1 <a href=\"mailto:dadi@fram.is\">dadi@fram.is<\/a>.<br \/>Skr\u00e1ningarfrestur er til 1. okt\u00f3ber.<br \/><br \/>Hvetjum b\u00e6\u00f0i kyn til a\u00f0 skr\u00e1 sig, hl\u00f6kkum til a\u00f0 sj\u00e1 ykkur!<br \/><br \/>H\u00e9r er s\u00e9rst\u00f6k facebook s\u00ed\u00f0a fyrir \u00e1rgangam\u00f3ti\u00f0 <a href=\"https:\/\/www.facebook.com\/argangamot.fram\" target=\"_blank\" rel=\"noopener\">https:\/\/www.facebook.com\/argangamot.fram<\/a><\/p><p>Knattspyrnudeild FRAM<\/p><\/div>\n\t\t\t\t<\/div>\n\t\t\t\t\t<\/div>\n\t\t<\/div>\n\t\t\t\t\t<\/div>\n\t\t<\/section>\t\t<\/div>","protected":false},"excerpt":{"rendered":"<p>\u00c1rgangam\u00f3t Fram \u00ed knattspyrnu ver\u00f0ur haldi\u00f0 \u00e1 Framvellinum \u00ed \u00dalfars\u00e1rdal laugardaginn 8. okt\u00f3ber og stendur m\u00f3ti\u00f0 fr\u00e1 kl 13:00 \u2013 16:00Ra\u00f0a\u00f0 ver\u00f0ur \u00ed ri\u00f0la eftir aldursflokkum og leikfyrirkomulagi\u00f0 er ri\u00f0lakeppni [&hellip;]<\/p>","protected":false},"author":5,"featured_media":31819,"comment_status":"closed","ping_status":"closed","sticky":false,"template":"","format":"standard","meta":{"_monsterinsights_skip_tracking":false,"_monsterinsights_sitenote_active":false,"_monsterinsights_sitenote_note":"","_monsterinsights_sitenote_category":0,"_jetpack_memberships_contains_paid_content":false,"footnotes":""},"categories":[9],"tags":[],"class_list":["post-31818","post","type-post","status-publish","format-standard","has-post-thumbnail","hentry","category-fotbolti"],"jetpack_sharing_enabled":true,"jetpack_featured_media_url":"https:\/\/fram.is\/wp-content\/uploads\/2022\/09\/argangamotbanner-1.png","_links":{"self":[{"href":"https:\/\/fram.is\/is\/wp-json\/wp\/v2\/posts\/31818","targetHints":{"allow":["GET"]}}],"collection":[{"href":"https:\/\/fram.is\/is\/wp-json\/wp\/v2\/posts"}],"about":[{"href":"https:\/\/fram.is\/is\/wp-json\/wp\/v2\/types\/post"}],"author":[{"embeddable":true,"href":"https:\/\/fram.is\/is\/wp-json\/wp\/v2\/users\/5"}],"replies":[{"embeddable":true,"href":"https:\/\/fram.is\/is\/wp-json\/wp\/v2\/comments?post=31818"}],"version-history":[{"count":5,"href":"https:\/\/fram.is\/is\/wp-json\/wp\/v2\/posts\/31818\/revisions"}],"predecessor-version":[{"id":31825,"href":"https:\/\/fram.is\/is\/wp-json\/wp\/v2\/posts\/31818\/revisions\/31825"}],"wp:featuredmedia":[{"embeddable":true,"href":"https:\/\/fram.is\/is\/wp-json\/wp\/v2\/media\/31819"}],"wp:attachment":[{"href":"https:\/\/fram.is\/is\/wp-json\/wp\/v2\/media?parent=31818"}],"wp:term":[{"taxonomy":"category","embeddable":true,"href":"https:\/\/fram.is\/is\/wp-json\/wp\/v2\/categories?post=31818"},{"taxonomy":"post_tag","embeddable":true,"href":"https:\/\/fram.is\/is\/wp-json\/wp\/v2\/tags?post=31818"}],"curies":[{"name":"wp","href":"https:\/\/api.w.org\/{rel}","templated":true}]}}