{"id":3184,"date":"2013-05-06T14:41:29","date_gmt":"2013-05-06T14:41:29","guid":{"rendered":"http:\/\/fram.is\/?p=3184"},"modified":"2013-05-06T14:41:29","modified_gmt":"2013-05-06T14:41:29","slug":"fram-haukar-fjordi-leikurinn-i-framhusinu-i-kvold","status":"publish","type":"post","link":"https:\/\/fram.is\/is\/2013\/05\/06\/fram-haukar-fjordi-leikurinn-i-framhusinu-i-kvold\/","title":{"rendered":"FRAM &#8211; Haukar | Fj\u00f3r\u00f0i leikurinn \u00ed FRAMh\u00fasinu \u00ed kv\u00f6ld"},"content":{"rendered":"<p><a href=\"http:\/\/fram.is\/wp-content\/uploads\/2013\/05\/Fram-Haukar-OJM.jpg\"><img fetchpriority=\"high\" decoding=\"async\" class=\"alignright size-medium wp-image-3185\" alt=\"Fram-Haukar - OJM\" src=\"http:\/\/fram.is\/wp-content\/uploads\/2013\/05\/Fram-Haukar-OJM-300x287.jpg\" width=\"300\" height=\"287\" \/><\/a>FRAM og Haukar m\u00e6tast fj\u00f3r\u00f0a sinni \u00ed \u00farslitarimmu N1-deildar karla \u00ed handknattleik \u00ed FRAMh\u00fasinu \u00ed kv\u00f6ld. Flauta\u00f0 ver\u00f0ur til leiks klukkan 19.45, sta\u00f0an \u00ed einv\u00edginu er 2-1 fyrir FRAM og heimasigur myndi \u00fev\u00ed tryggja \u00feeim bl\u00e1u \u00cdslandsmeistaratitilinn \u00ed fyrsta sinn s\u00ed\u00f0an 2006.<\/p>\n<p>FRAM vann tvo fyrstu leikina \u00ed einv\u00edginu; 20-18 \u00ed Schenkerh\u00f6llinni a\u00f0 \u00c1sv\u00f6llum og 35-30 \u00ed tv\u00edframlengdum \u00a0h\u00e1spennuleik \u00ed FRAMh\u00fasinu. Haukarnir sv\u00f6ru\u00f0u me\u00f0 sigri \u00ed \u00feri\u00f0ja leiknum \u00e1 heimavelli, 27-24.<\/p>\n<p>Leikir FRAM og Hauka hafa veri\u00f0 spennuhla\u00f0nir og st\u00f3rskemmtilegir, stemmningin eins og best ver\u00f0ur \u00e1 kosi\u00f0 og engin breyting ver\u00f0ur \u00fear \u00e1 \u00ed kv\u00f6ld. \u00dea\u00f0 er sta\u00f0fest. Vi\u00f0 hvetjum FRAMara au\u00f0vita\u00f0 til a\u00f0 fj\u00f6lmenna og l\u00e1ta hraustlega til s\u00edn taka &#8211; stu\u00f0ningurinn \u00ed kv\u00f6ld g\u00e6ti hreinlega kl\u00e1ra\u00f0 \u00feetta einv\u00edgi.<br \/>\n<strong>FJ\u00d6LMENNUM OG TRYGGJUM FRAMSIGUR!<\/strong><\/p>\n<p>Bo\u00f0i\u00f0 ver\u00f0ur upp \u00e1 r\u00f3ma\u00f0a grillborgara fyrir leikinn \u00ed kv\u00f6ld &#8211; grillin ver\u00f0a or\u00f0in funheit kl. 18.30 og \u00fev\u00ed \u00e6tti enginn a\u00f0 \u00feurfa a\u00f0 upplifa stemmninguna og stu\u00f0i\u00f0 \u00e1 t\u00f3man maga.<\/p>","protected":false},"excerpt":{"rendered":"<p>FRAM og Haukar m\u00e6tast fj\u00f3r\u00f0a sinni \u00ed \u00farslitarimmu N1-deildar karla \u00ed handknattleik \u00ed FRAMh\u00fasinu \u00ed kv\u00f6ld. Flauta\u00f0 ver\u00f0ur til leiks klukkan 19.45, sta\u00f0an \u00ed einv\u00edginu er 2-1 fyrir FRAM og [&hellip;]<\/p>","protected":false},"author":3,"featured_media":3186,"comment_status":"open","ping_status":"open","sticky":false,"template":"","format":"standard","meta":{"_monsterinsights_skip_tracking":false,"_monsterinsights_sitenote_active":false,"_monsterinsights_sitenote_note":"","_monsterinsights_sitenote_category":0,"_jetpack_memberships_contains_paid_content":false,"footnotes":""},"categories":[6,19],"tags":[],"class_list":["post-3184","post","type-post","status-publish","format-standard","has-post-thumbnail","hentry","category-handbolti","category-mfl-karla"],"jetpack_sharing_enabled":true,"jetpack_featured_media_url":"https:\/\/fram.is\/wp-content\/uploads\/2013\/05\/Fram-Haukar-OJMfors.jpg","_links":{"self":[{"href":"https:\/\/fram.is\/is\/wp-json\/wp\/v2\/posts\/3184","targetHints":{"allow":["GET"]}}],"collection":[{"href":"https:\/\/fram.is\/is\/wp-json\/wp\/v2\/posts"}],"about":[{"href":"https:\/\/fram.is\/is\/wp-json\/wp\/v2\/types\/post"}],"author":[{"embeddable":true,"href":"https:\/\/fram.is\/is\/wp-json\/wp\/v2\/users\/3"}],"replies":[{"embeddable":true,"href":"https:\/\/fram.is\/is\/wp-json\/wp\/v2\/comments?post=3184"}],"version-history":[{"count":0,"href":"https:\/\/fram.is\/is\/wp-json\/wp\/v2\/posts\/3184\/revisions"}],"wp:featuredmedia":[{"embeddable":true,"href":"https:\/\/fram.is\/is\/wp-json\/wp\/v2\/media\/3186"}],"wp:attachment":[{"href":"https:\/\/fram.is\/is\/wp-json\/wp\/v2\/media?parent=3184"}],"wp:term":[{"taxonomy":"category","embeddable":true,"href":"https:\/\/fram.is\/is\/wp-json\/wp\/v2\/categories?post=3184"},{"taxonomy":"post_tag","embeddable":true,"href":"https:\/\/fram.is\/is\/wp-json\/wp\/v2\/tags?post=3184"}],"curies":[{"name":"wp","href":"https:\/\/api.w.org\/{rel}","templated":true}]}}