{"id":32093,"date":"2022-10-04T11:57:06","date_gmt":"2022-10-04T11:57:06","guid":{"rendered":"https:\/\/fram.is\/?p=32093"},"modified":"2022-10-04T12:01:18","modified_gmt":"2022-10-04T12:01:18","slug":"yngri-landslid-karla-valin-framarar-i-hopunum","status":"publish","type":"post","link":"https:\/\/fram.is\/is\/2022\/10\/04\/yngri-landslid-karla-valin-framarar-i-hopunum\/","title":{"rendered":"Yngri landsli\u00f0 karla valin &#8211; Framarar \u00ed h\u00f3punum!"},"content":{"rendered":"<div data-elementor-type=\"wp-post\" data-elementor-id=\"32093\" class=\"elementor elementor-32093\" data-elementor-post-type=\"post\">\n\t\t\t\t\t\t<section class=\"elementor-section elementor-top-section elementor-element elementor-element-32e82fa elementor-section-boxed elementor-section-height-default elementor-section-height-default\" data-id=\"32e82fa\" data-element_type=\"section\">\n\t\t\t\t\t\t<div class=\"elementor-container elementor-column-gap-default\">\n\t\t\t\t\t<div class=\"elementor-column elementor-col-100 elementor-top-column elementor-element elementor-element-a5c220e\" data-id=\"a5c220e\" data-element_type=\"column\">\n\t\t\t<div class=\"elementor-widget-wrap elementor-element-populated\">\n\t\t\t\t\t\t<div class=\"elementor-element elementor-element-d11a1ca elementor-widget elementor-widget-text-editor\" data-id=\"d11a1ca\" data-element_type=\"widget\" data-widget_type=\"text-editor.default\">\n\t\t\t\t<div class=\"elementor-widget-container\">\n\t\t\t\t\t\t\t\t\t<p><strong>U-15 \u00e1ra landsli\u00f0 karla <\/strong><strong><br \/><\/strong>\u00c1sgeir \u00d6rn Hallgr\u00edmsson og Andri Sigf\u00fasson hafa vali\u00f0 eftirtalda Framara til \u00e6finga 14. \u2013 16. okt\u00f3ber 2022. <br \/>\u00c6fingarnar fara fram \u00e1 h\u00f6fu\u00f0borgarsv\u00e6\u00f0inu en \u00e6fingat\u00edmar koma inn \u00e1 Sportabler \u00e1 n\u00e6stu d\u00f6gum. <br \/><br \/>Leikmenn Fram \u00ed h\u00f3pnum:<\/p><p><strong>Krist\u00f3fer T\u00f3mas G\u00edslason, Fram <\/strong><\/p><p><strong>Viktor Bjarki Da\u00f0ason, Fram <\/strong><\/p><p><strong><br \/><br \/><\/strong><strong>U-16 \u00e1ra landsli\u00f0 karla<\/strong><strong><br \/><\/strong>Haraldur \u00deorvar\u00f0arson og \u00c1sbj\u00f6rn Fri\u00f0riksson hafa vali\u00f0 eftirtalda Framara til \u00e6finga 14. &#8211; 16. okt\u00f3ber 2022.<\/p><p>Allar \u00e6fingar li\u00f0sins fara fram \u00e1 h\u00f6fu\u00f0borgarsv\u00e6\u00f0inu, \u00e6fingat\u00edmar koma inn \u00e1 Sportabler \u00e1 n\u00e6stu d\u00f6gum.<\/p><p>Leikma\u00f0ur Fram \u00ed h\u00f3pnum:<\/p><p><strong>Starka\u00f0ur Arnalds, Fram <br \/><br \/><br \/><\/strong><\/p><p>\u00a0<strong>U-17 \u00e1ra landsli\u00f0 karla <\/strong><\/p><p>Heimir \u00d6rn \u00c1rnason og Stef\u00e1n \u00c1rnason hafa vali\u00f0 eftirtalda leikmenn til \u00e6finga 14. \u2013 16. okt\u00f3ber 2022.<\/p><p>Allar \u00e6fingar li\u00f0sins fara fram \u00e1 h\u00f6fu\u00f0borgarsv\u00e6\u00f0inu, \u00e6fingat\u00edmar koma inn \u00e1 Sportabler \u00e1 n\u00e6stu d\u00f6gum.<\/p><p>Leikmenn Fram \u00ed h\u00f3pnum:<\/p><p><strong>Mark\u00fas P\u00e1ll Ellertsson, Fram <\/strong><\/p><p><strong>Max Emil Stenlund, Fram<\/strong><\/p><p><strong> <br \/><br \/><\/strong><strong>U-19 \u00e1ra landsli\u00f0 karla <\/strong><\/p><p>Heimir R\u00edkar\u00f0sson og Einar J\u00f3nsson hafa vali\u00f0 eftirtalda leikmenn til \u00e6finga 12. \u2013 16. okt\u00f3ber 2022.<\/p><p>\u00c6fingar fara fram \u00e1 h\u00f6fu\u00f0borgarsv\u00e6\u00f0inu en \u00e6fingat\u00edmar koma inn \u00e1 Sportabler \u00e1 n\u00e6stu d\u00f6gum.<\/p><p>LeikmennFram \u00ed h\u00f3pnum:<\/p><p><strong>Dan\u00edel Reynisson, Fram <\/strong><\/p><p><strong>Ei\u00f0ur Rafn Valsson, Fram<\/strong><\/p><p><strong>Kjartan \u00de\u00f3r J\u00fal\u00edusson, Fram <\/strong><\/p><p><strong>Reynir \u00de\u00f3r Stef\u00e1nsson, Fram <\/strong><\/p><p><strong>\u00a0<\/strong><\/p><p><strong>U-21 \u00e1ra landsli\u00f0 karla<br \/><\/strong>Einar Andri Einarsson og R\u00f3bert Gunnarsson hafa vali\u00f0 eftirtalda leikmenn til \u00e6finga 12. \u2013 15. okt\u00f3ber 2022.<\/p><p>\u00c6fingarnar fara fram \u00e1 h\u00f6fu\u00f0borgarsv\u00e6\u00f0inu en \u00e6fingat\u00edmar koma inn \u00e1 Sportabler \u00e1 n\u00e6stu d\u00f6gum.<\/p><p>LeikmennFram \u00ed h\u00f3pnum:<\/p><p><strong>Arn\u00f3r M\u00e1ni Da\u00f0ason, Fram <\/strong><\/p><p><strong>Stef\u00e1n Orri Arnalds, Fram <\/strong><\/p>\t\t\t\t\t\t\t\t<\/div>\n\t\t\t\t<\/div>\n\t\t\t\t\t<\/div>\n\t\t<\/div>\n\t\t\t\t\t<\/div>\n\t\t<\/section>\n\t\t\t\t<\/div>","protected":false},"excerpt":{"rendered":"<p>U-15 \u00e1ra landsli\u00f0 karla \u00c1sgeir \u00d6rn Hallgr\u00edmsson og Andri Sigf\u00fasson hafa vali\u00f0 eftirtalda Framara til \u00e6finga 14. \u2013 16. okt\u00f3ber 2022. \u00c6fingarnar fara fram \u00e1 h\u00f6fu\u00f0borgarsv\u00e6\u00f0inu en \u00e6fingat\u00edmar koma inn [&hellip;]<\/p>","protected":false},"author":5,"featured_media":28420,"comment_status":"closed","ping_status":"closed","sticky":false,"template":"","format":"standard","meta":{"_monsterinsights_skip_tracking":false,"_monsterinsights_sitenote_active":false,"_monsterinsights_sitenote_note":"","_monsterinsights_sitenote_category":0,"_jetpack_memberships_contains_paid_content":false,"footnotes":""},"categories":[6],"tags":[],"class_list":["post-32093","post","type-post","status-publish","format-standard","has-post-thumbnail","hentry","category-handbolti"],"jetpack_sharing_enabled":true,"jetpack_featured_media_url":"https:\/\/fram.is\/wp-content\/uploads\/2021\/12\/U18-drengir-nov.-2021.-Kjartan-THor-Reynir-THor-og-Breki-Hrafn.jpg","_links":{"self":[{"href":"https:\/\/fram.is\/is\/wp-json\/wp\/v2\/posts\/32093","targetHints":{"allow":["GET"]}}],"collection":[{"href":"https:\/\/fram.is\/is\/wp-json\/wp\/v2\/posts"}],"about":[{"href":"https:\/\/fram.is\/is\/wp-json\/wp\/v2\/types\/post"}],"author":[{"embeddable":true,"href":"https:\/\/fram.is\/is\/wp-json\/wp\/v2\/users\/5"}],"replies":[{"embeddable":true,"href":"https:\/\/fram.is\/is\/wp-json\/wp\/v2\/comments?post=32093"}],"version-history":[{"count":4,"href":"https:\/\/fram.is\/is\/wp-json\/wp\/v2\/posts\/32093\/revisions"}],"predecessor-version":[{"id":32097,"href":"https:\/\/fram.is\/is\/wp-json\/wp\/v2\/posts\/32093\/revisions\/32097"}],"wp:featuredmedia":[{"embeddable":true,"href":"https:\/\/fram.is\/is\/wp-json\/wp\/v2\/media\/28420"}],"wp:attachment":[{"href":"https:\/\/fram.is\/is\/wp-json\/wp\/v2\/media?parent=32093"}],"wp:term":[{"taxonomy":"category","embeddable":true,"href":"https:\/\/fram.is\/is\/wp-json\/wp\/v2\/categories?post=32093"},{"taxonomy":"post_tag","embeddable":true,"href":"https:\/\/fram.is\/is\/wp-json\/wp\/v2\/tags?post=32093"}],"curies":[{"name":"wp","href":"https:\/\/api.w.org\/{rel}","templated":true}]}}