{"id":32176,"date":"2022-10-12T09:51:43","date_gmt":"2022-10-12T09:51:43","guid":{"rendered":"https:\/\/fram.is\/?p=32176"},"modified":"2022-10-12T09:51:43","modified_gmt":"2022-10-12T09:51:43","slug":"fram-ibv-besta-deild-karla-framvollur-ulfarsardal-sunnudag-16-okt-kl-1700","status":"publish","type":"post","link":"https:\/\/fram.is\/is\/2022\/10\/12\/fram-ibv-besta-deild-karla-framvollur-ulfarsardal-sunnudag-16-okt-kl-1700\/","title":{"rendered":"FRAM &#8211; \u00cdBV besta deild karla, Framv\u00f6llur-\u00dalfars\u00e1rdal sunnudag 16. okt. kl. 17:00"},"content":{"rendered":"<figure class=\"wp-block-image size-large\"><img fetchpriority=\"high\" decoding=\"async\" width=\"819\" height=\"1024\" src=\"https:\/\/fram.is\/wp-content\/uploads\/2022\/10\/BESTADEILDIN_portrait_IBV-copy-1-819x1024.png\" alt=\"\" class=\"wp-image-32177\" srcset=\"https:\/\/fram.is\/wp-content\/uploads\/2022\/10\/BESTADEILDIN_portrait_IBV-copy-1-819x1024.png 819w, https:\/\/fram.is\/wp-content\/uploads\/2022\/10\/BESTADEILDIN_portrait_IBV-copy-1-800x1000.png 800w, https:\/\/fram.is\/wp-content\/uploads\/2022\/10\/BESTADEILDIN_portrait_IBV-copy-1-240x300.png 240w, https:\/\/fram.is\/wp-content\/uploads\/2022\/10\/BESTADEILDIN_portrait_IBV-copy-1-768x960.png 768w, https:\/\/fram.is\/wp-content\/uploads\/2022\/10\/BESTADEILDIN_portrait_IBV-copy-1.png 1080w\" sizes=\"(max-width: 819px) 100vw, 819px\" \/><\/figure>","protected":false},"excerpt":{"rendered":"","protected":false},"author":5,"featured_media":32178,"comment_status":"closed","ping_status":"closed","sticky":false,"template":"","format":"standard","meta":{"_monsterinsights_skip_tracking":false,"_monsterinsights_sitenote_active":false,"_monsterinsights_sitenote_note":"","_monsterinsights_sitenote_category":0,"_jetpack_memberships_contains_paid_content":false,"footnotes":""},"categories":[9,11],"tags":[],"class_list":["post-32176","post","type-post","status-publish","format-standard","has-post-thumbnail","hentry","category-fotbolti","category-mflkarla"],"jetpack_sharing_enabled":true,"jetpack_featured_media_url":"https:\/\/fram.is\/wp-content\/uploads\/2022\/10\/BESTADEILDIN_Banner_IBV-1-1.png","_links":{"self":[{"href":"https:\/\/fram.is\/is\/wp-json\/wp\/v2\/posts\/32176","targetHints":{"allow":["GET"]}}],"collection":[{"href":"https:\/\/fram.is\/is\/wp-json\/wp\/v2\/posts"}],"about":[{"href":"https:\/\/fram.is\/is\/wp-json\/wp\/v2\/types\/post"}],"author":[{"embeddable":true,"href":"https:\/\/fram.is\/is\/wp-json\/wp\/v2\/users\/5"}],"replies":[{"embeddable":true,"href":"https:\/\/fram.is\/is\/wp-json\/wp\/v2\/comments?post=32176"}],"version-history":[{"count":1,"href":"https:\/\/fram.is\/is\/wp-json\/wp\/v2\/posts\/32176\/revisions"}],"predecessor-version":[{"id":32179,"href":"https:\/\/fram.is\/is\/wp-json\/wp\/v2\/posts\/32176\/revisions\/32179"}],"wp:featuredmedia":[{"embeddable":true,"href":"https:\/\/fram.is\/is\/wp-json\/wp\/v2\/media\/32178"}],"wp:attachment":[{"href":"https:\/\/fram.is\/is\/wp-json\/wp\/v2\/media?parent=32176"}],"wp:term":[{"taxonomy":"category","embeddable":true,"href":"https:\/\/fram.is\/is\/wp-json\/wp\/v2\/categories?post=32176"},{"taxonomy":"post_tag","embeddable":true,"href":"https:\/\/fram.is\/is\/wp-json\/wp\/v2\/tags?post=32176"}],"curies":[{"name":"wp","href":"https:\/\/api.w.org\/{rel}","templated":true}]}}