{"id":32295,"date":"2022-10-23T19:44:31","date_gmt":"2022-10-23T19:44:31","guid":{"rendered":"https:\/\/fram.is\/?p=32295"},"modified":"2022-10-24T08:42:22","modified_gmt":"2022-10-24T08:42:22","slug":"thetta-er-ekkert-mol-fyrir-jannik-pohl","status":"publish","type":"post","link":"https:\/\/fram.is\/is\/2022\/10\/23\/thetta-er-ekkert-mol-fyrir-jannik-pohl\/","title":{"rendered":"\u00deetta er ekkert m\u00f3l fyrir Jannik Pohl!"},"content":{"rendered":"<p>M\u00f3l er ein af grunneiningunum \u00ed SI-kerfinu og stendur fyrir n\u00e1kv\u00e6mt efnismagn fyrirb\u00e6ris. Eitt m\u00f3l er skilgreint sem n\u00e1kv\u00e6mlega 6,02214076 sinnum 10 \u00ed 23ja veldi eininga, hvort sem um er a\u00f0 r\u00e6\u00f0a st\u00f6k at\u00f3m, sameindir, j\u00f3nir e\u00f0a rafeindir. G\u00e1rungar \u00ed h\u00f3pi efnafr\u00e6\u00f0inga hafa \u00fev\u00ed fagna\u00f0 hinum al\u00fej\u00f3\u00f0lega m\u00f3l-degi \u00feann 23. 10. \u00e1r hvert fr\u00e1 kl. 6:02 \u00e1rdegis til 6:02 s\u00ed\u00f0degis. L\u00edf raunv\u00edsindamannsins er svo sannarlega r\u00fass\u00edbanarei\u00f0 glens og spaugs.<\/p><p>\u00cd fyrsta sinn \u00ed s\u00f6gunni gafst Fr\u00f6murum t\u00e6kif\u00e6ri til a\u00f0 fagna m\u00f3l-deginum me\u00f0 f\u00f3tboltaleik \u00e1 \u00cdslandsm\u00f3tinu og \u00fea\u00f0 \u00ed sj\u00e1lfum Dal draumanna \u00e1 m\u00f3ti sigurs\u00e6lasta li\u00f0i tuttugustu aldar, Fimleikaf\u00e9lagi Hafnarfjar\u00f0ar. H\u00f3l\u00ed m\u00f3l\u00ed!<\/p><p>Gj\u00f6rsamlega \u00f3me\u00f0vita\u00f0ur um hina efnafr\u00e6\u00f0ilega merkingar\u00ferungnu dagsetningu (hann \u00e1tti enn eftir a\u00f0 lesa Wikipediugreinina um s\u00f6gu dagsins til a\u00f0 b\u00faa til sni\u00f0ugt \u00feema) h\u00e9lt fr\u00e9ttaritari Frams\u00ed\u00f0unnar upp \u00ed \u00dalfars\u00e1rdal. Hann var n\u00fdkominn \u00far s\u00f6gug\u00f6ngu um Seltjarnarnes og \u00fev\u00ed r\u00e6kilega vindbarinn, en vissi sem var a\u00f0 \u00ed s\u00e6lureitnum vi\u00f0 \u00e1rbakkann yr\u00f0i hl\u00fdtt og skj\u00f3ls\u00e6lt \u2013 \u00ed \u00fea\u00f0 minnsta \u00ed \u00fev\u00ed verkfr\u00e6\u00f0iundri sem fallega st\u00fakan okkar er.<\/p><p>\u00cd f\u00ednumannabo\u00f0inu \u00ed vippinu var heldur f\u00e1li\u00f0a\u00f0. Enginn plokkari \u00ed bo\u00f0i, enda mi\u00f0ur dagur en \u00feeim mun meira af rj\u00fakandi kaffi og litlum, hringskornum pizzabitum. Fr\u00e9ttaritarinn settist til bor\u00f0s me\u00f0 Olla og P\u00e9tri Ormslev. S\u00e1 s\u00ed\u00f0arnefndi var of upptekinn vi\u00f0 a\u00f0 hafa \u00e1hyggjur af st\u00f6\u00f0u Leeds \u00ed enska boltanum til a\u00f0 n\u00e1 miki\u00f0 a\u00f0 stressa sig \u00e1 yfirvofandi sparkleik. \u00dea\u00f0 var samt sm\u00e1beygur \u00ed mannskapnum: \u00e6tlu\u00f0um vi\u00f0 ekki a\u00f0 kl\u00e1ra \u00feetta m\u00f3t me\u00f0 s\u00e6md eftir alla velgengnina um mi\u00f0bik keppninnar?<\/p><p>Byrjunarli\u00f0i\u00f0 var komi\u00f0 \u00e1 neti\u00f0 og f\u00e1tt sem kom \u00fear s\u00e9rstaklega \u00e1 \u00f3vart. \u00d3li \u00ed markinu. Delphin og Hlynur mi\u00f0ver\u00f0ir. M\u00e1r og \u00d3skar bakver\u00f0ir. Almarr og Tryggvi \u00e1 mi\u00f0junni og Fred og Tiago \u00e1 k\u00f6ntunum en samt l\u00edka einhvern veginn \u00e1 mi\u00f0junni. Gummi og Jannik fremstir.<\/p><p>Skjaldsveinninn Valur Nor\u00f0ri og Rabbi og drengjast\u00f3\u00f0i\u00f0 voru hvergi n\u00e6rri. Fr\u00e9ttaritarinn \u00e1kva\u00f0 \u00fev\u00ed a\u00f0 f\u00e6ra sig \u00e1 n\u00fdjar sl\u00f3\u00f0ir ne\u00f0st \u00ed st\u00fakunni og settist fyrir aftan Kristj\u00e1ns Hn\u00edfsdalstrymbil, vi\u00f0 hli\u00f0 Geiramanna. \u00deanga\u00f0 m\u00e6tti l\u00edka Gar\u00f0ar \u00far sendir\u00e1\u00f0inu me\u00f0 barnabarni\u00f0 me\u00f0 \u00ed f\u00f6r. Kosturinn vi\u00f0 \u00feessa sta\u00f0setningu er m.a. n\u00e1l\u00e6g\u00f0in vi\u00f0 a\u00f0sto\u00f0ard\u00f3marann sem gefur f\u00e6ri \u00e1 vinsamlegum r\u00e1\u00f0leggingum um d\u00f3mg\u00e6slu og uppbyggilegri gagnr\u00fdni eftir \u00fev\u00ed sem leiknum vindur fram.<\/p><p>\u00dea\u00f0 olli \u00f6rlitlum ruglingi me\u00f0al Framara \u00ed st\u00fakunni \u00feegar flauta\u00f0 var til leiks, hvar okkar allra besti Fred v\u00e6ri ni\u00f0ur kominn \u00e1 vellinum. Flj\u00f3tlega kom sk\u00fdringin \u00fe\u00f3 \u00ed lj\u00f3s. Brasil\u00edska undri\u00f0 hefur \u00e1kve\u00f0i\u00f0 a\u00f0 h\u00e6tta a\u00f0 lita h\u00e1ri\u00f0 \u00e1 s\u00e9r svart en leyfa \u00ed sta\u00f0inn s\u00ednum lj\u00f3sa \u2013 n\u00e1nast snj\u00f3hv\u00edta h\u00e1rlit \u2013 a\u00f0 nj\u00f3ta s\u00edn. Vel gert!<\/p><p>F\u00f6gnu\u00f0ur braust \u00fat \u00e1 p\u00f6llunum \u00feegar \u00ferj\u00e1r m\u00edn\u00fatur voru li\u00f0nar af leiknum og Framarar voru enn ekki b\u00fanir a\u00f0 f\u00e1 \u00e1 sig mark. \u00deessi plagsi\u00f0ur okkar a\u00f0 byrja leikinn nokkurhundru\u00f0 sek\u00fandum \u00e1 eftir m\u00f3therjunum hefur veri\u00f0 p\u00ednkul\u00edti\u00f0 hvimlei\u00f0ur \u00ed sumar, \u00fe\u00f3tt vissulega hafi li\u00f0i\u00f0 oftast n\u00e6r svara\u00f0 fyrir sig me\u00f0 \u00fev\u00ed a\u00f0 skora bara enn fleiri m\u00f6rk. D\u00f3marinn s\u00fdndi strax \u00ed upphafi a\u00f0 hann v\u00e6ri me\u00f0vita\u00f0ur um a\u00f0 h\u00e9r \u00e6ttust vi\u00f0 tv\u00f6 li\u00f0 me\u00f0 r\u00edka handboltahef\u00f0, sem birtist \u00ed \u00fev\u00ed a\u00f0 hrindingar og stympingar voru l\u00e1tnar \u00f3\u00e1taldar a\u00f0 mestu. Gestirnir voru \u00f6llu betri en vi\u00f0 \u00ed a\u00f0 f\u00e6ra s\u00e9r \u00fe\u00e6r uppl\u00fdsingar \u00ed nyt.<\/p><p>Fyrsta f\u00e6ri\u00f0 kom eftir fimm m\u00edn\u00fatur. \u00dea\u00f0 var h\u00e1lfmisheppna\u00f0ur skalli fr\u00e1 Jannik eftir sendingu fr\u00e1 Tiago. B\u00e1\u00f0ir \u00e1ttu eftir a\u00f0 l\u00e1ta meira til s\u00edn taka. M\u00edn\u00fatu s\u00ed\u00f0ar skei\u00f0a\u00f0i Jannik upp a\u00f0 endam\u00f6rkum, n\u00e1\u00f0i naumlega a\u00f0 halda boltanum inn\u00e1 og senda fyrir \u00e1 Gumma sem var \u00ed dau\u00f0af\u00e6ri, n\u00e1\u00f0i tveimur skotum a\u00f0 marki sem FH-ingar v\u00f6r\u00f0u b\u00e6\u00f0i me\u00f0 herkjum \u2013 en ruku svo sj\u00e1lfir upp v\u00f6llinn \u00fear sem einn svarthv\u00edtur komst einn \u00ed gegn en \u00d3li n\u00e1\u00f0i a\u00f0 verja me\u00f0 \u00fev\u00ed a\u00f0 skj\u00f3ta \u00fat f\u00e6tinum. \u00d3li \u00e1tti raunar einn sinn allra besta leik \u00ed sumar a\u00f0 \u00feessu sinni og \u00e1tti eftir a\u00f0 verja vel nokkrum sinnum.<\/p><p>Leikurinn h\u00e9lt \u00e1fram \u00ed takt vi\u00f0 \u00feessar upphafsm\u00edn\u00fatur. Boltinn gekk v\u00edtateiga \u00e1 milli og lj\u00f3st a\u00f0 \u00feetta yr\u00f0i ekki markalaust jafntefli!<\/p><p>\u00c1 elleftu m\u00edn\u00fatu var \u00edsinn brotinn. Framarar unnu boltann \u00ed v\u00f6rninni en \u00ed sta\u00f0 \u00feess a\u00f0 negla fram l\u00e9ku \u00feeir hratt s\u00edn \u00e1 milli me\u00f0 stuttum sendingum, uns Fred f\u00e9kk boltann framarlega \u00e1 eigin vallarhelmingi, t\u00f3k nokkur skref fram og \u00e1tti s\u00ed\u00f0an sturla\u00f0a stungusendingu inn fyrir v\u00f6rn FH \u00fear sem Jannik Pohl (k\u00e6ru \u00ed\u00fer\u00f3ttafr\u00e9ttaritarar og sumir vallar\u00feulir \u00ed Dal draumanna: hann heitir Pohl ekki Holmsgaard) stakk alla af, t\u00f3k svo \u00e1r\u00e1sina og skaut undir FH-markv\u00f6r\u00f0inn, 1:0!<\/p><p>Gestirnir voru ekki af baki dottnir og n\u00e6sta stundarfj\u00f3r\u00f0unginn komust \u00feeir tvisvar \u00ed \u00e1g\u00e6t t\u00e6kif\u00e6ri. \u00cd anna\u00f0 skipti\u00f0 bjarga\u00f0i Hlynur vel og \u00ed hitt skipti\u00f0 n\u00e1\u00f0u Framarar a\u00f0 lokum a\u00f0 negla boltanum \u00ed burtu eftir darra\u00f0ardans. FH pressa\u00f0i en skapa\u00f0i ekki miki\u00f0 og skipti \u00fear miklu m\u00e1li a\u00f0 allt virtist brotna \u00e1 Almarri sem var fr\u00e1b\u00e6r \u00ed dag.<\/p><p>Fred hinn lj\u00f3sh\u00e6r\u00f0i blanda\u00f0i s\u00e9r mun meira \u00ed varnarleikinn en oft \u00e1\u00f0ur. \u00c1 38. m\u00edn\u00fatu stugga\u00f0i hann ansi hraustlega vi\u00f0 einum FH-ingnum \u00e1 v\u00edtateigsl\u00ednunni og hjarta Framara \u00ed st\u00fakunni missti \u00fat slag \u2013 en d\u00f3marinn var samkv\u00e6mur sj\u00e1lfum s\u00e9r \u00ed a\u00f0 leyfa m\u00f6nnum a\u00f0 b\u00f6\u00f0last og hrinda, svo ekkert var d\u00e6mt. Beint \u00ed kj\u00f6lfari\u00f0 skapa\u00f0ist st\u00f3rh\u00e6tta \u00ed v\u00edtateig Fram \u00fear sem \u00d3li \u00feurfti a\u00f0 gr\u00edpa inn\u00ed. \u00deremur m\u00edn\u00fatum s\u00ed\u00f0ar \u00feurfti hann svo risav\u00f6rslu til a\u00f0 for\u00f0a \u00fev\u00ed a\u00f0 Hafnfir\u00f0ingar j\u00f6fnu\u00f0u metin.<\/p><p>Um \u00fea\u00f0 leyti sem venjulegur leikt\u00edmi fyrri h\u00e1lfleiks rann \u00fat lag\u00f0ist Tryggvi ni\u00f0ur \u00ed v\u00edtateignum, meiddur. \u00deegar \u00feurfti a\u00f0 gr\u00edpa til skiptingar og kom Magn\u00fas Ingi inn\u00e1 \u00ed hans sta\u00f0. Skilti eftirlitsd\u00f3marans s\u00fdndi a\u00f0 tveimur m\u00edn\u00fatum v\u00e6ri b\u00e6tt vi\u00f0 og byrju\u00f0u hamborgara- og kaffisoltnir \u00e1horfendur a\u00f0 b\u00faa sig undir a\u00f0 halda til leikhl\u00e9s. FH var \u00ed s\u00f3kn en missti boltann, sem var sendur \u00fat \u00e1 Tiago sem virtist \u00e6tla a\u00f0 taka s\u00e9r allan t\u00edmann \u00ed heiminum til a\u00f0 hreinsa \u00fataf e\u00f0a k\u00fdla fram \u00e1 v\u00f6llinn&#8230; nema hva\u00f0 a\u00f0 hann s\u00e1 au\u00f0vita\u00f0 Jannik Pohl skei\u00f0a af sta\u00f0 og me\u00f0 st\u00f3rkostlega n\u00e1kv\u00e6mri og langri sendingu setti hann boltann langt fram \u00e1 teig FH, \u00fear sem Jannik stakk alla af og n\u00e1\u00f0i til knattarins \u00e1 undan f\u00e6reyska landsli\u00f0smarkver\u00f0inum og skora\u00f0i 2:0. Mark sem var n\u00e1kv\u00e6mlega 6,02214076 sinnum 10 \u00ed 23ja magn snilldar \u00ed tilefni dagsins! Um lei\u00f0 og gestirnir t\u00f3ku upphafsspyrnuna var flauta\u00f0 til leikhl\u00e9s.<\/p><p>\u00dea\u00f0 var almenn k\u00e1t\u00edna inni \u00ed h\u00fasi. Einar K\u00e1rason og Fri\u00f0rik \u00de\u00f3r voru gla\u00f0hlakkalegir \u00ed anddyrinu. \u00cd f\u00ednumannabo\u00f0inu var r\u00e6tt um hvort Jannik kynni a\u00f0 hafa veri\u00f0 rangst\u00e6\u00f0ur, \u00far \u00fev\u00ed a\u00f0 f\u00fdlupokarnir \u00e1 einhverjum vefmi\u00f0linum voru a\u00f0 dylgja um \u00fea\u00f0. \u00de\u00e6r vangaveltur voru vegnar og l\u00e9ttv\u00e6gar fundnar af m\u00f6nnum sem h\u00f6f\u00f0u s\u00e9\u00f0 marki\u00f0 vel. \u00deetta var bara fr\u00e1b\u00e6r samvinna. Vi\u00f0 f\u00e6rum n\u00fa fjandakorni\u00f0 ekki a\u00f0 missa \u00feetta ni\u00f0ur \u00ed seinni h\u00e1lfleik, \u00fer\u00e1tt fyrir a\u00f0 vera \u00e1 m\u00f3ti vindi.<\/p><p>\u00dearf ekki Gummi a\u00f0 skora? \u2013 var a\u00f0alumr\u00e6\u00f0uefni\u00f0 yfir Hraunbitunum og negrakossunum. Fyrir leikinn vanta\u00f0i markahr\u00f3kinn okkar eitt mark \u00ed a\u00f0 jafna Akureyringinn sem kominn er til \u00fatlandsins og tv\u00f6 m\u00f6rk \u00ed a\u00f0 sitja einn a\u00f0 gullsk\u00f3num. Fram hefur ekki hreppt gullsk\u00f3 s\u00ed\u00f0an J\u00f3nas Grani var\u00f0 markak\u00f3ngur h\u00e9r um \u00e1ri\u00f0 og bjarga\u00f0i br\u00fa\u00f0kaupsdegi fr\u00e9ttaritarans me\u00f0 \u00fev\u00ed a\u00f0 halda okkur uppi. \u00dea\u00f0 var nokku\u00f0 almenn samsta\u00f0a um a\u00f0 Gummi \u00feyrfti a\u00f0 skora.<\/p><p>Og \u00feegar f\u00ednumannabo\u00f0i\u00f0 \u00e1lyktar um a\u00f0 Gummi \u00feurfi a\u00f0 skora, \u00fe\u00e1 skorar hann a\u00f0 sj\u00e1lfs\u00f6\u00f0gu! \u00deegar seinni h\u00e1lfleikur var sj\u00f6 m\u00edn\u00fatna gamall \u00e1tti Magn\u00fas Ingi fr\u00e1b\u00e6ra, langa sendingu fr\u00e1 mi\u00f0jum vellinum og upp \u00ed markhorni\u00f0 fj\u00e6r, sem virtist \u00e6tla a\u00f0 sv\u00f3fa \u00fataf \u00feegar Fred kom a\u00f0v\u00edfandi \u2013 sendi&nbsp; fyrir marki\u00f0 \u00fear sem Gummi kom og pota\u00f0i honum inn. Gl\u00f3kollarnir f\u00e9llust \u00ed fa\u00f0ma og \u00fea\u00f0 sama ger\u00f0u Framarar \u00ed st\u00fakunni. 3:0 og sigurinn \u00ed h\u00f6fn.<\/p><p>Eftir klukkut\u00edma leik misstum vi\u00f0 annan mann meiddan af velli. Hlynur var\u00f0 a\u00f0 fara \u00fataf en T\u00f3ti t\u00f3k hans st\u00f6\u00f0u \u00ed mi\u00f0ri v\u00f6rninni og skila\u00f0i s\u00ednu hlutverki vel. \u00d3skar n\u00fdtti t\u00e6kif\u00e6ri\u00f0 sitt \u00e1g\u00e6tlega \u00ed byrjunarli\u00f0inu og var \u00f6flugur b\u00e6\u00f0i \u00ed v\u00f6rn og s\u00f3kn. Hann var \u00f3v\u00e6nt kominn \u00ed fremstu r\u00f6\u00f0 \u00feegar 25 m\u00edn\u00fatur voru eftir, en FH-ingar bj\u00f6rgu\u00f0u me\u00f0 \u00fev\u00ed a\u00f0 senda boltann aftur \u00e1 markv\u00f6r\u00f0inn sem greip hann af \u00fev\u00ed a\u00f0 \u00fea\u00f0 var \u00ed bo\u00f0i \u00ed dag. \u00c1 s\u00f6mu m\u00edn\u00fatu \u00feurfti Delphin a\u00f0 bjarga \u00e1 markl\u00ednu hinu megin.<\/p><p>\u00deref\u00f6ld skipting Framara \u00e1tti s\u00e9r sta\u00f0 \u00e1 85. m\u00edn\u00fatu. \u00d3skar, Jannik og Fred komu a\u00f0 velli vi\u00f0 dynjandi l\u00f3fatak. Inn\u00e1 komu Orri, Indri\u00f0i \u00c1ki og kornungur n\u00fdli\u00f0i, Breki Baldursson f\u00e6ddur \u00e1ri\u00f0 2006. Um lei\u00f0 var tilkynnt a\u00f0 \u00e1horfendafj\u00f6ldinn hef\u00f0i veri\u00f0 586. \u00deetta voru m\u00f6gulega f\u00e1mennustu 586 manns sem fr\u00e9ttaritarinn hefur s\u00e9\u00f0 \u2013 en \u00e1 hitt ber a\u00f0 l\u00edta a\u00f0 Hafnfir\u00f0ingar hafa margir hverjir mj\u00f6g veika vi\u00f0veru.<\/p><p>Breki litli var n\u00e6stum b\u00fainn a\u00f0 skora, n\u00fdkominn inn \u00e1 v\u00f6llinn, en skot hans var vari\u00f0 af varamarkver\u00f0i FH. Hann \u00e1tti annars flotta innkomu \u00feessar s\u00e1raf\u00e1u m\u00edn\u00fatur sem hann f\u00e9kk til a\u00f0 spreyta sig. Framt\u00ed\u00f0in er bj\u00f6rt og bl\u00e1. Gestirnir hef\u00f0u geta\u00f0 kl\u00e1ra\u00f0 \u00ed bakkann eftir hornspyrnu \u00fear sem Framarar sv\u00e1fu \u00e1 ver\u00f0inum \u00ed uppb\u00f3tart\u00edma en boltinn s\u00f6ng \u00ed st\u00f6nginni. \u00deetta var l\u00edka st\u00f6ngin-\u00fat leikur hj\u00e1 Hafnfir\u00f0ingum. Allt vinnur gegn \u00feeim og R\u00famfatalagerinn vir\u00f0ist meira a\u00f0 segja hafa innkalla\u00f0 \u00fej\u00e1lfaragallana f\u00ednu. En vi\u00f0 kv\u00f6rtum ekki. Flottur sigur \u00fear sem Jannik Pohl var fremstur me\u00f0al jafningja. Lokaumfer\u00f0in er \u00ed Keflav\u00edk. Gullsk\u00f3r \u00ed bo\u00f0i. A\u00f0eins fl\u00f3n missa af \u00feessu.<\/p><p>Stef\u00e1n P\u00e1lsson<\/p>","protected":false},"excerpt":{"rendered":"<p>M\u00f3l er ein af grunneiningunum \u00ed SI-kerfinu og stendur fyrir n\u00e1kv\u00e6mt efnismagn fyrirb\u00e6ris. Eitt m\u00f3l er skilgreint sem n\u00e1kv\u00e6mlega 6,02214076 sinnum 10 \u00ed 23ja veldi eininga, hvort sem um er [&hellip;]<\/p>","protected":false},"author":5,"featured_media":30461,"comment_status":"closed","ping_status":"closed","sticky":false,"template":"","format":"standard","meta":{"_monsterinsights_skip_tracking":false,"_monsterinsights_sitenote_active":false,"_monsterinsights_sitenote_note":"","_monsterinsights_sitenote_category":0,"_jetpack_memberships_contains_paid_content":false,"footnotes":""},"categories":[9,11],"tags":[],"class_list":["post-32295","post","type-post","status-publish","format-standard","has-post-thumbnail","hentry","category-fotbolti","category-mflkarla"],"jetpack_sharing_enabled":true,"jetpack_featured_media_url":"https:\/\/fram.is\/wp-content\/uploads\/2022\/05\/jannik-vefur-1.jpg","_links":{"self":[{"href":"https:\/\/fram.is\/is\/wp-json\/wp\/v2\/posts\/32295","targetHints":{"allow":["GET"]}}],"collection":[{"href":"https:\/\/fram.is\/is\/wp-json\/wp\/v2\/posts"}],"about":[{"href":"https:\/\/fram.is\/is\/wp-json\/wp\/v2\/types\/post"}],"author":[{"embeddable":true,"href":"https:\/\/fram.is\/is\/wp-json\/wp\/v2\/users\/5"}],"replies":[{"embeddable":true,"href":"https:\/\/fram.is\/is\/wp-json\/wp\/v2\/comments?post=32295"}],"version-history":[{"count":1,"href":"https:\/\/fram.is\/is\/wp-json\/wp\/v2\/posts\/32295\/revisions"}],"predecessor-version":[{"id":32296,"href":"https:\/\/fram.is\/is\/wp-json\/wp\/v2\/posts\/32295\/revisions\/32296"}],"wp:featuredmedia":[{"embeddable":true,"href":"https:\/\/fram.is\/is\/wp-json\/wp\/v2\/media\/30461"}],"wp:attachment":[{"href":"https:\/\/fram.is\/is\/wp-json\/wp\/v2\/media?parent=32295"}],"wp:term":[{"taxonomy":"category","embeddable":true,"href":"https:\/\/fram.is\/is\/wp-json\/wp\/v2\/categories?post=32295"},{"taxonomy":"post_tag","embeddable":true,"href":"https:\/\/fram.is\/is\/wp-json\/wp\/v2\/tags?post=32295"}],"curies":[{"name":"wp","href":"https:\/\/api.w.org\/{rel}","templated":true}]}}