{"id":32698,"date":"2022-11-30T18:32:43","date_gmt":"2022-11-30T18:32:43","guid":{"rendered":"https:\/\/fram.is\/?p=32698"},"modified":"2022-11-30T18:34:19","modified_gmt":"2022-11-30T18:34:19","slug":"emilia-ingvadottir-semur-vid-fram","status":"publish","type":"post","link":"https:\/\/fram.is\/is\/2022\/11\/30\/emilia-ingvadottir-semur-vid-fram\/","title":{"rendered":"Emil\u00eda Ingvad\u00f3ttir semur vi\u00f0 FRAM"},"content":{"rendered":"<div data-elementor-type=\"wp-post\" data-elementor-id=\"32698\" class=\"elementor elementor-32698\" data-elementor-post-type=\"post\">\n\t\t\t\t<section class=\"elementor-section elementor-top-section elementor-element elementor-element-66a08384 elementor-section-boxed elementor-section-height-default elementor-section-height-default\" data-id=\"66a08384\" data-element_type=\"section\">\n\t\t\t\t\t\t<div class=\"elementor-container elementor-column-gap-default\">\n\t\t\t\t\t<div class=\"elementor-column elementor-col-100 elementor-top-column elementor-element elementor-element-6f819ab9\" data-id=\"6f819ab9\" data-element_type=\"column\">\n\t\t\t<div class=\"elementor-widget-wrap elementor-element-populated\">\n\t\t\t\t\t\t<div class=\"elementor-element elementor-element-22586516 elementor-widget elementor-widget-text-editor\" data-id=\"22586516\" data-element_type=\"widget\" data-widget_type=\"text-editor.default\">\n\t\t\t\t<div class=\"elementor-widget-container\"><p><img fetchpriority=\"high\" decoding=\"async\" class=\"size-medium wp-image-32701 alignright\" src=\"https:\/\/fram.is\/wp-content\/uploads\/2022\/11\/NyrSamningur_Emilia_portrait-1-1-240x300.png\" alt=\"\" width=\"240\" height=\"300\" srcset=\"https:\/\/fram.is\/wp-content\/uploads\/2022\/11\/NyrSamningur_Emilia_portrait-1-1-240x300.png 240w, https:\/\/fram.is\/wp-content\/uploads\/2022\/11\/NyrSamningur_Emilia_portrait-1-1-800x1000.png 800w, https:\/\/fram.is\/wp-content\/uploads\/2022\/11\/NyrSamningur_Emilia_portrait-1-1-819x1024.png 819w, https:\/\/fram.is\/wp-content\/uploads\/2022\/11\/NyrSamningur_Emilia_portrait-1-1-768x960.png 768w, https:\/\/fram.is\/wp-content\/uploads\/2022\/11\/NyrSamningur_Emilia_portrait-1-1.png 1080w\" sizes=\"(max-width: 240px) 100vw, 240px\" \/>Emil\u00eda\u00a0Ingvad\u00f3ttir hefur gengi\u00f0 til li\u00f0s vi\u00f0 Fram fr\u00e1 KR. H\u00fan gerir 2 \u00e1ra samning vi\u00f0 f\u00e9lagi\u00f0.<br \/><br \/>Emil\u00eda, sem er tv\u00edtugur mi\u00f0v\u00f6r\u00f0ur, kom til Fram \u00e1 l\u00e1ni fr\u00e1 KR fyrir s\u00ed\u00f0asta t\u00edmabil og gegndi st\u00f3ru hlutverki \u00ed gl\u00e6silegum \u00e1rangri li\u00f0sins \u00ed 2.deild kvenna.\u00a0Emil\u00eda\u00a0spila\u00f0i \u00fe\u00e1 15 leiki af 16 \u00ed deildinni og skora\u00f0i 1 mark. \u00de\u00e1 var h\u00fan valin ma\u00f0ur leiksins \u00ed leik li\u00f0sins gegn V\u00edkingi \u00ed Mj\u00f3lkurbikarnum, sem var hennar fyrsti keppnisleikur me\u00f0 li\u00f0inu.<\/p><p>Vi\u00f0 erum virkilega \u00e1n\u00e6g\u00f0 a\u00f0 f\u00e1 Emil\u00edu alfari\u00f0 til li\u00f0s vi\u00f0 f\u00e9lagi\u00f0 og hl\u00f6kkum til a\u00f0 hafa hana me\u00f0 okkur \u00ed Lengjudeildinni\u00a0\u00e1 n\u00e6sta t\u00edmabili.<\/p><p>Velkomin!<\/p><\/div>\n\t\t\t\t<\/div>\n\t\t\t\t\t<\/div>\n\t\t<\/div>\n\t\t\t\t\t<\/div>\n\t\t<\/section>\t\t<\/div>","protected":false},"excerpt":{"rendered":"<p>Emil\u00eda\u00a0Ingvad\u00f3ttir hefur gengi\u00f0 til li\u00f0s vi\u00f0 Fram fr\u00e1 KR. H\u00fan gerir 2 \u00e1ra samning vi\u00f0 f\u00e9lagi\u00f0. Emil\u00eda, sem er tv\u00edtugur mi\u00f0v\u00f6r\u00f0ur, kom til Fram \u00e1 l\u00e1ni fr\u00e1 KR fyrir s\u00ed\u00f0asta [&hellip;]<\/p>","protected":false},"author":5,"featured_media":32699,"comment_status":"closed","ping_status":"closed","sticky":false,"template":"","format":"standard","meta":{"_monsterinsights_skip_tracking":false,"_monsterinsights_sitenote_active":false,"_monsterinsights_sitenote_note":"","_monsterinsights_sitenote_category":0,"_jetpack_memberships_contains_paid_content":false,"footnotes":""},"categories":[9,12],"tags":[],"class_list":["post-32698","post","type-post","status-publish","format-standard","has-post-thumbnail","hentry","category-fotbolti","category-mflkvenna"],"jetpack_sharing_enabled":true,"jetpack_featured_media_url":"https:\/\/fram.is\/wp-content\/uploads\/2022\/11\/NyrSamningur_Emilia_banner-1-1.png","_links":{"self":[{"href":"https:\/\/fram.is\/is\/wp-json\/wp\/v2\/posts\/32698","targetHints":{"allow":["GET"]}}],"collection":[{"href":"https:\/\/fram.is\/is\/wp-json\/wp\/v2\/posts"}],"about":[{"href":"https:\/\/fram.is\/is\/wp-json\/wp\/v2\/types\/post"}],"author":[{"embeddable":true,"href":"https:\/\/fram.is\/is\/wp-json\/wp\/v2\/users\/5"}],"replies":[{"embeddable":true,"href":"https:\/\/fram.is\/is\/wp-json\/wp\/v2\/comments?post=32698"}],"version-history":[{"count":4,"href":"https:\/\/fram.is\/is\/wp-json\/wp\/v2\/posts\/32698\/revisions"}],"predecessor-version":[{"id":32704,"href":"https:\/\/fram.is\/is\/wp-json\/wp\/v2\/posts\/32698\/revisions\/32704"}],"wp:featuredmedia":[{"embeddable":true,"href":"https:\/\/fram.is\/is\/wp-json\/wp\/v2\/media\/32699"}],"wp:attachment":[{"href":"https:\/\/fram.is\/is\/wp-json\/wp\/v2\/media?parent=32698"}],"wp:term":[{"taxonomy":"category","embeddable":true,"href":"https:\/\/fram.is\/is\/wp-json\/wp\/v2\/categories?post=32698"},{"taxonomy":"post_tag","embeddable":true,"href":"https:\/\/fram.is\/is\/wp-json\/wp\/v2\/tags?post=32698"}],"curies":[{"name":"wp","href":"https:\/\/api.w.org\/{rel}","templated":true}]}}