{"id":32721,"date":"2022-12-01T15:42:00","date_gmt":"2022-12-01T15:42:00","guid":{"rendered":"https:\/\/fram.is\/?p=32721"},"modified":"2022-12-01T15:42:59","modified_gmt":"2022-12-01T15:42:59","slug":"thorsteinn-gauti-valinn-i-landslidid","status":"publish","type":"post","link":"https:\/\/fram.is\/is\/2022\/12\/01\/thorsteinn-gauti-valinn-i-landslidid\/","title":{"rendered":"\u00deorsteinn Gauti valinn \u00ed landsli\u00f0i\u00f0"},"content":{"rendered":"<div data-elementor-type=\"wp-post\" data-elementor-id=\"32721\" class=\"elementor elementor-32721\" data-elementor-post-type=\"post\">\n\t\t\t\t\t\t<section class=\"elementor-section elementor-top-section elementor-element elementor-element-5abbfff elementor-section-boxed elementor-section-height-default elementor-section-height-default\" data-id=\"5abbfff\" data-element_type=\"section\">\n\t\t\t\t\t\t<div class=\"elementor-container elementor-column-gap-default\">\n\t\t\t\t\t<div class=\"elementor-column elementor-col-100 elementor-top-column elementor-element elementor-element-b7acc71\" data-id=\"b7acc71\" data-element_type=\"column\">\n\t\t\t<div class=\"elementor-widget-wrap elementor-element-populated\">\n\t\t\t\t\t\t<div class=\"elementor-element elementor-element-27c54c7 elementor-widget elementor-widget-text-editor\" data-id=\"27c54c7\" data-element_type=\"widget\" data-widget_type=\"text-editor.default\">\n\t\t\t\t<div class=\"elementor-widget-container\">\n\t\t\t\t\t\t\t\t\t<p>\u00deorsteinn Gauti Hj\u00e1lmarsson valinn \u00ed landsli\u00f0i\u00f0!<\/p>\n<p>\u00dei\u00f0 l\u00e1su\u00f0 \u00fea\u00f0 r\u00e9tt \u00fev\u00ed finnska landsli\u00f0i\u00f0 hefur falast eftir kr\u00f6ftum Gauta n\u00fa \u00ed jan\u00faar.<\/p>\n<p>Amma Gauta \u00ed f\u00f6\u00f0ur\u00e6tt var finnsk og fyrir tilstilli \u00feess var h\u00e6gt a\u00f0 s\u00e6kja um tv\u00f6falt r\u00edkisfang fyrir hann \u00feegar hann var barn. <\/p>\n<p>,,\u00c9g l\u00e9t \u00fe\u00e1 \u00fati \u00ed Finnlandi vita a\u00f0 \u00e9g v\u00e6ri til \u00ed a\u00f0 sko\u00f0a m\u00f6guleikann \u00e1 \u00fev\u00ed a\u00f0 spila fyrir \u00fe\u00e1 og \u00feannig f\u00f3r boltinn a\u00f0 r\u00falla. \u00c9g f\u00e9kk bo\u00f0 a\u00f0 m\u00e6ta til \u00e6finga \u00ed jan\u00faar og taka \u00fe\u00e1tt \u00ed \u00e6fingarm\u00f3ti \u00ed Lettlandi fyrstu helgina \u00ed jan. \u00c9g reikna me\u00f0 a\u00f0 \u00e9g og \u00feeir taki st\u00f6\u00f0una eftir m\u00f3ti\u00f0 og sko\u00f0i framhaldi\u00f0. \u00c9g \u00feekki l\u00edti\u00f0 til \u00feeirra og styrkleika, hins vegar ver\u00f0ur gaman og spennandi a\u00f0 m\u00e1ta sig vi\u00f0 \u00fe\u00e1 og a\u00f0ra \u00ed \u00feessu \u00e6fingam\u00f3ti \u00e1 n\u00fdju \u00e1ri\u201d sag\u00f0i \u00deorsteinn Gauti<\/p>\n<p><\/p>\n<p>Vi\u00f0 \u00f3skum \u00deorsteini Gauta til hamingju me\u00f0 vali\u00f0. <\/p>\n<p>Gangi \u00fe\u00e9r vel e\u00f0a eins og Finnarnir myndu segja, Onnea!<\/p>\t\t\t\t\t\t\t\t<\/div>\n\t\t\t\t<\/div>\n\t\t\t\t\t<\/div>\n\t\t<\/div>\n\t\t\t\t\t<\/div>\n\t\t<\/section>\n\t\t\t\t<section class=\"elementor-section elementor-top-section elementor-element elementor-element-9b41c9e elementor-section-boxed elementor-section-height-default elementor-section-height-default\" data-id=\"9b41c9e\" data-element_type=\"section\">\n\t\t\t\t\t\t<div class=\"elementor-container elementor-column-gap-default\">\n\t\t\t\t\t<div class=\"elementor-column elementor-col-100 elementor-top-column elementor-element elementor-element-0a5f6ac\" data-id=\"0a5f6ac\" data-element_type=\"column\">\n\t\t\t<div class=\"elementor-widget-wrap elementor-element-populated\">\n\t\t\t\t\t\t<div class=\"elementor-element elementor-element-bd5be97 elementor-widget elementor-widget-image\" data-id=\"bd5be97\" data-element_type=\"widget\" data-widget_type=\"image.default\">\n\t\t\t\t<div class=\"elementor-widget-container\">\n\t\t\t\t\t\t\t\t\t\t\t\t\t\t\t<img fetchpriority=\"high\" decoding=\"async\" width=\"800\" height=\"640\" src=\"https:\/\/fram.is\/wp-content\/uploads\/2022\/12\/Leikmenn-KVK-Profile-myndir-16-1024x819.png\" class=\"attachment-large size-large wp-image-32723\" alt=\"\" srcset=\"https:\/\/fram.is\/wp-content\/uploads\/2022\/12\/Leikmenn-KVK-Profile-myndir-16-1024x819.png 1024w, https:\/\/fram.is\/wp-content\/uploads\/2022\/12\/Leikmenn-KVK-Profile-myndir-16-800x640.png 800w, https:\/\/fram.is\/wp-content\/uploads\/2022\/12\/Leikmenn-KVK-Profile-myndir-16-300x240.png 300w, https:\/\/fram.is\/wp-content\/uploads\/2022\/12\/Leikmenn-KVK-Profile-myndir-16-768x614.png 768w, https:\/\/fram.is\/wp-content\/uploads\/2022\/12\/Leikmenn-KVK-Profile-myndir-16-1536x1229.png 1536w, https:\/\/fram.is\/wp-content\/uploads\/2022\/12\/Leikmenn-KVK-Profile-myndir-16.png 2000w\" sizes=\"(max-width: 800px) 100vw, 800px\" \/>\t\t\t\t\t\t\t\t\t\t\t\t\t\t\t<\/div>\n\t\t\t\t<\/div>\n\t\t\t\t\t<\/div>\n\t\t<\/div>\n\t\t\t\t\t<\/div>\n\t\t<\/section>\n\t\t\t\t<\/div>","protected":false},"excerpt":{"rendered":"<p>\u00deorsteinn Gauti Hj\u00e1lmarsson valinn \u00ed landsli\u00f0i\u00f0! \u00dei\u00f0 l\u00e1su\u00f0 \u00fea\u00f0 r\u00e9tt \u00fev\u00ed finnska landsli\u00f0i\u00f0 hefur falast eftir kr\u00f6ftum Gauta n\u00fa \u00ed jan\u00faar. Amma Gauta \u00ed f\u00f6\u00f0ur\u00e6tt var finnsk og fyrir tilstilli [&hellip;]<\/p>","protected":false},"author":7,"featured_media":32723,"comment_status":"closed","ping_status":"closed","sticky":false,"template":"","format":"standard","meta":{"_monsterinsights_skip_tracking":false,"_monsterinsights_sitenote_active":false,"_monsterinsights_sitenote_note":"","_monsterinsights_sitenote_category":0,"_jetpack_memberships_contains_paid_content":false,"footnotes":""},"categories":[6],"tags":[],"class_list":["post-32721","post","type-post","status-publish","format-standard","has-post-thumbnail","hentry","category-handbolti"],"jetpack_sharing_enabled":true,"jetpack_featured_media_url":"https:\/\/fram.is\/wp-content\/uploads\/2022\/12\/Leikmenn-KVK-Profile-myndir-16.png","_links":{"self":[{"href":"https:\/\/fram.is\/is\/wp-json\/wp\/v2\/posts\/32721","targetHints":{"allow":["GET"]}}],"collection":[{"href":"https:\/\/fram.is\/is\/wp-json\/wp\/v2\/posts"}],"about":[{"href":"https:\/\/fram.is\/is\/wp-json\/wp\/v2\/types\/post"}],"author":[{"embeddable":true,"href":"https:\/\/fram.is\/is\/wp-json\/wp\/v2\/users\/7"}],"replies":[{"embeddable":true,"href":"https:\/\/fram.is\/is\/wp-json\/wp\/v2\/comments?post=32721"}],"version-history":[{"count":4,"href":"https:\/\/fram.is\/is\/wp-json\/wp\/v2\/posts\/32721\/revisions"}],"predecessor-version":[{"id":32726,"href":"https:\/\/fram.is\/is\/wp-json\/wp\/v2\/posts\/32721\/revisions\/32726"}],"wp:featuredmedia":[{"embeddable":true,"href":"https:\/\/fram.is\/is\/wp-json\/wp\/v2\/media\/32723"}],"wp:attachment":[{"href":"https:\/\/fram.is\/is\/wp-json\/wp\/v2\/media?parent=32721"}],"wp:term":[{"taxonomy":"category","embeddable":true,"href":"https:\/\/fram.is\/is\/wp-json\/wp\/v2\/categories?post=32721"},{"taxonomy":"post_tag","embeddable":true,"href":"https:\/\/fram.is\/is\/wp-json\/wp\/v2\/tags?post=32721"}],"curies":[{"name":"wp","href":"https:\/\/api.w.org\/{rel}","templated":true}]}}