{"id":32752,"date":"2022-12-03T10:50:59","date_gmt":"2022-12-03T10:50:59","guid":{"rendered":"https:\/\/fram.is\/?p=32752"},"modified":"2022-12-03T10:52:56","modified_gmt":"2022-12-03T10:52:56","slug":"adam-orn-semur-vid-fram","status":"publish","type":"post","link":"https:\/\/fram.is\/is\/2022\/12\/03\/adam-orn-semur-vid-fram\/","title":{"rendered":"Adam \u00d6rn semur vi\u00f0 Fram!"},"content":{"rendered":"<div data-elementor-type=\"wp-post\" data-elementor-id=\"32752\" class=\"elementor elementor-32752\" data-elementor-post-type=\"post\">\n\t\t\t\t<section class=\"elementor-section elementor-top-section elementor-element elementor-element-6f7056f9 elementor-section-boxed elementor-section-height-default elementor-section-height-default\" data-id=\"6f7056f9\" data-element_type=\"section\">\n\t\t\t\t\t\t<div class=\"elementor-container elementor-column-gap-default\">\n\t\t\t\t\t<div class=\"elementor-column elementor-col-100 elementor-top-column elementor-element elementor-element-7ceb41ca\" data-id=\"7ceb41ca\" data-element_type=\"column\">\n\t\t\t<div class=\"elementor-widget-wrap elementor-element-populated\">\n\t\t\t\t\t\t<div class=\"elementor-element elementor-element-54d8db83 elementor-widget elementor-widget-text-editor\" data-id=\"54d8db83\" data-element_type=\"widget\" data-widget_type=\"text-editor.default\">\n\t\t\t\t<div class=\"elementor-widget-container\"><p><img fetchpriority=\"high\" decoding=\"async\" class=\"size-medium wp-image-32755 alignright\" src=\"https:\/\/fram.is\/wp-content\/uploads\/2022\/12\/NyrSamningur_Adam_portrait-1-240x300.png\" alt=\"\" width=\"240\" height=\"300\" srcset=\"https:\/\/fram.is\/wp-content\/uploads\/2022\/12\/NyrSamningur_Adam_portrait-1-240x300.png 240w, https:\/\/fram.is\/wp-content\/uploads\/2022\/12\/NyrSamningur_Adam_portrait-1-800x1000.png 800w, https:\/\/fram.is\/wp-content\/uploads\/2022\/12\/NyrSamningur_Adam_portrait-1-819x1024.png 819w, https:\/\/fram.is\/wp-content\/uploads\/2022\/12\/NyrSamningur_Adam_portrait-1-768x960.png 768w, https:\/\/fram.is\/wp-content\/uploads\/2022\/12\/NyrSamningur_Adam_portrait-1.png 1080w\" sizes=\"(max-width: 240px) 100vw, 240px\" \/>Knattspyrnudeild Fram hefur sami\u00f0 vi\u00f0 Adam \u00d6rn Arnarson um a\u00f0 leika me\u00f0 f\u00e9laginu til \u00e1rsins 2024.<br \/><br \/>Adam 27 \u00e1ra gamall, \u00f6flugur og reynslumikill h\u00e6gri bakv\u00f6r\u00f0ur sem hefur komi\u00f0 v\u00ed\u00f0a vi\u00f0 \u00e1 ferlinum. Adam \u00e1 a\u00f0 baki 8 \u00e1r \u00ed atvinnumennsku me\u00f0 NEC Nijmegen \u00ed Hollandi, Nordsj\u00e6lland \u00ed Danm\u00f6rku, \u00c1lasundi og Troms\u00f8 \u00ed Noregi \u00e1samt G\u00f3rnik Zabrze \u00ed P\u00f3llandi. Einnig hefur Adam spila\u00f0 landsleiki fyrir \u00f6ll yngri landsli\u00f0 \u00cdslands og \u00e1 einn A-landsleik. Adam kemur fr\u00e1 Brei\u00f0ablik en l\u00e9k s\u00ed\u00f0ari hluta s\u00ed\u00f0asta t\u00edmabils \u00e1 l\u00e1ni me\u00f0 Leikni.<br \/><br \/>&#8220;Adam er mj\u00f6g g\u00e6\u00f0amikill leikma\u00f0ur og hefur liti\u00f0 inn \u00e1 \u00e6fingar hj\u00e1 okkur undanfari\u00f0, hann \u00e1 flottan feril og hefur veri\u00f0 atvinnuma\u00f0ur lengst af \u00e1 s\u00ednum ferli. Vi\u00f0 bindum miklar vonir vi\u00f0 Adam og kynnum hann me\u00f0 stolti&#8221; sag\u00f0i Agnar \u00de\u00f3r Hilmarsson forma\u00f0ur knd. Fram.<\/p><\/div>\n\t\t\t\t<\/div>\n\t\t\t\t\t<\/div>\n\t\t<\/div>\n\t\t\t\t\t<\/div>\n\t\t<\/section>\t\t<\/div>","protected":false},"excerpt":{"rendered":"<p>Knattspyrnudeild Fram hefur sami\u00f0 vi\u00f0 Adam \u00d6rn Arnarson um a\u00f0 leika me\u00f0 f\u00e9laginu til \u00e1rsins 2024. Adam 27 \u00e1ra gamall, \u00f6flugur og reynslumikill h\u00e6gri bakv\u00f6r\u00f0ur sem hefur komi\u00f0 v\u00ed\u00f0a vi\u00f0 [&hellip;]<\/p>","protected":false},"author":5,"featured_media":32753,"comment_status":"closed","ping_status":"closed","sticky":false,"template":"","format":"standard","meta":{"_monsterinsights_skip_tracking":false,"_monsterinsights_sitenote_active":false,"_monsterinsights_sitenote_note":"","_monsterinsights_sitenote_category":0,"_jetpack_memberships_contains_paid_content":false,"footnotes":""},"categories":[9,11],"tags":[],"class_list":["post-32752","post","type-post","status-publish","format-standard","has-post-thumbnail","hentry","category-fotbolti","category-mflkarla"],"jetpack_sharing_enabled":true,"jetpack_featured_media_url":"https:\/\/fram.is\/wp-content\/uploads\/2022\/12\/NyrSamningur_Adam_banner-1.png","_links":{"self":[{"href":"https:\/\/fram.is\/is\/wp-json\/wp\/v2\/posts\/32752","targetHints":{"allow":["GET"]}}],"collection":[{"href":"https:\/\/fram.is\/is\/wp-json\/wp\/v2\/posts"}],"about":[{"href":"https:\/\/fram.is\/is\/wp-json\/wp\/v2\/types\/post"}],"author":[{"embeddable":true,"href":"https:\/\/fram.is\/is\/wp-json\/wp\/v2\/users\/5"}],"replies":[{"embeddable":true,"href":"https:\/\/fram.is\/is\/wp-json\/wp\/v2\/comments?post=32752"}],"version-history":[{"count":4,"href":"https:\/\/fram.is\/is\/wp-json\/wp\/v2\/posts\/32752\/revisions"}],"predecessor-version":[{"id":32758,"href":"https:\/\/fram.is\/is\/wp-json\/wp\/v2\/posts\/32752\/revisions\/32758"}],"wp:featuredmedia":[{"embeddable":true,"href":"https:\/\/fram.is\/is\/wp-json\/wp\/v2\/media\/32753"}],"wp:attachment":[{"href":"https:\/\/fram.is\/is\/wp-json\/wp\/v2\/media?parent=32752"}],"wp:term":[{"taxonomy":"category","embeddable":true,"href":"https:\/\/fram.is\/is\/wp-json\/wp\/v2\/categories?post=32752"},{"taxonomy":"post_tag","embeddable":true,"href":"https:\/\/fram.is\/is\/wp-json\/wp\/v2\/tags?post=32752"}],"curies":[{"name":"wp","href":"https:\/\/api.w.org\/{rel}","templated":true}]}}