{"id":32826,"date":"2022-12-08T14:43:25","date_gmt":"2022-12-08T14:43:25","guid":{"rendered":"https:\/\/fram.is\/?p=32826"},"modified":"2022-12-08T14:44:30","modified_gmt":"2022-12-08T14:44:30","slug":"unglingalandslid-framarar-i-hopunum","status":"publish","type":"post","link":"https:\/\/fram.is\/is\/2022\/12\/08\/unglingalandslid-framarar-i-hopunum\/","title":{"rendered":"Unglingalandsli\u00f0 &#8211; Framarar \u00ed h\u00f3punum"},"content":{"rendered":"<div data-elementor-type=\"wp-post\" data-elementor-id=\"32826\" class=\"elementor elementor-32826\" data-elementor-post-type=\"post\">\n\t\t\t\t\t\t<section class=\"elementor-section elementor-top-section elementor-element elementor-element-1a26742 elementor-section-boxed elementor-section-height-default elementor-section-height-default\" data-id=\"1a26742\" data-element_type=\"section\">\n\t\t\t\t\t\t<div class=\"elementor-container elementor-column-gap-default\">\n\t\t\t\t\t<div class=\"elementor-column elementor-col-100 elementor-top-column elementor-element elementor-element-8266005\" data-id=\"8266005\" data-element_type=\"column\">\n\t\t\t<div class=\"elementor-widget-wrap elementor-element-populated\">\n\t\t\t\t\t\t<div class=\"elementor-element elementor-element-b954eae elementor-widget elementor-widget-text-editor\" data-id=\"b954eae\" data-element_type=\"widget\" data-widget_type=\"text-editor.default\">\n\t\t\t\t<div class=\"elementor-widget-container\">\n\t\t\t\t\t\t\t\t\t<p><strong>Yngri landsli\u00f0 | \u00c6fingar og h\u00f3par \u00ed desember<\/strong><\/p><p>\u00dej\u00e1lfarar yngri landsli\u00f0a hafa vali\u00f0 \u00e6fingah\u00f3pa fyrir s\u00edn li\u00f0 en \u00e1\u00e6tla\u00f0 er a\u00f0 li\u00f0in \u00e6fi \u00e1 h\u00f6fu\u00f0borgarsv\u00e6\u00f0inu \u00ed desember 2022.<br \/>\u00c6fingat\u00edmar koma inn \u00e1 Sportabler \u00e1 n\u00e6stu d\u00f6gum.<\/p><p>\u00c6fingah\u00f3pana m\u00e1 sj\u00e1 h\u00e9r a\u00f0 ne\u00f0an.<\/p><p><strong>U- 15 \u00e1ra landsli\u00f0 kvenna<\/strong><br \/>D\u00edana Gu\u00f0j\u00f3nsd\u00f3ttir og J\u00f3n Brynjar Bj\u00f6rnsson hafa vali\u00f0 eftirtalda leikmenn til \u00e6finga dagana 16. \u2013 18. desember 2022.<\/p><p>N\u00e1nari uppl\u00fdsingar veita \u00fej\u00e1lfarar li\u00f0sins.<\/p><p><strong>\u00dej\u00e1lfarar:<br \/><\/strong>D\u00edana Gu\u00f0j\u00f3nsd\u00f3ttir<br \/>J\u00f3n Brynjar Bj\u00f6rnsson<\/p><p><strong>Leikmannah\u00f3pur:<br \/><\/strong>Agnes Lilja Styrmisd\u00f3ttir, \u00cdBV<br \/>Brieti Hinriksd\u00f3ttir, KA\/\u00de\u00f3r<br \/>Brynd\u00eds Hulda \u00d3marsd\u00f3ttir, Stjarnan<br \/>Dagn\u00fd \u00deorgilsd\u00f3ttir, FH<br \/>Danijela Sara Bj\u00f6rnsd\u00f3ttir, HK<br \/>El\u00edn Vilhj\u00e1lmsd\u00f3ttir, Stjarnan<br \/>Ebba Gurry \u00c6gisd\u00f3ttir, Haukar<br \/>Embla Bj\u00f6rg Ing\u00f3lfsd\u00f3ttir, FH<br \/>Erla Rut Viktorsd\u00f3ttir, Haukar<br \/>Ester El\u00edsabet Gu\u00f0bjartsd\u00f3ttir, Valur<br \/>Eva Steinsen J\u00f3nsd\u00f3ttir, Valur<br \/>Hrafnhildur Mark\u00fasd\u00f3ttir, Valur<br \/>Inga D\u00eds Axelsd\u00f3ttir, Selfoss<br \/>\u00cdsold Hallfr\u00ed\u00f0ar \u00de\u00f3risd\u00f3ttir, Valur<br \/>Klara K\u00e1rad\u00f3ttir, \u00cdBV<br \/>Laufey Helga \u00d3skarsd\u00f3ttir, Valur<br \/>Roksana Jaros, Haukar<br \/>Sigr\u00fan \u00c1sta M\u00f6ller, Stjarnan<br \/>Sigr\u00fan Erla \u00de\u00f3rarinsd\u00f3ttir, Valur<br \/>Silja Katr\u00edn Gunnarsd\u00f3ttir, Fram<br \/>Stefan\u00eda Heimisd\u00f3ttir, FH<br \/>Tinna \u00d3sk Gunnarsd\u00f3ttir, HK<br \/>Valger\u00f0ur El\u00edn Snorrad\u00f3ttir, V\u00edkingur<br \/>Vigd\u00eds Arna Hjartard\u00f3ttir, Stjarnan<br \/>\u00de\u00f3ra Lind Gu\u00f0mundsd\u00f3ttir, Fram<\/p><p><strong>U-15 \u00e1ra landsli\u00f0 karla<br \/><\/strong>\u00c1sgeir \u00d6rn Hallgr\u00edmsson og Andri Sigf\u00fasson hafa vali\u00f0 eftirtalda leikmenn til \u00e6finga 16. \u2013 18. desember 2022.<\/p><p>H\u00f3pinn m\u00e1 sj\u00e1 h\u00e9r fyrir ne\u00f0an, allar n\u00e1nari uppl\u00fdsingar veita \u00fej\u00e1lfarar.<\/p><p><strong>\u00dej\u00e1lfarar:<br \/><\/strong>\u00c1sgeir \u00d6rn Hallgr\u00edmsson<br \/>Andri Sigf\u00fasson<\/p><p><strong>Leikmannah\u00f3pur:<br \/><\/strong>Alexander S\u00f6rli Hauksson, Afturelding<br \/>\u00c1rmann Gunnar Benediktsson, \u00de\u00f3r<br \/>Atli Fannar H\u00e1konarson, Afturelding<br \/>Bjarki Snorrason, Valur<br \/>Freyr Aronsson, Haukar<br \/>Gunnar P\u00e1ll Kristj\u00e1nsson, Fram<br \/>Gunnar R\u00f3bertsson, Valur<br \/>Helgi Marin\u00f3 Krist\u00f3fersson, Haukar<br \/>J\u00f3hannes Andri Hannesson, FH<br \/>J\u00f6kull Bjarki Elfu \u00d3marsson, Fram<br \/>Krist\u00f3fer T\u00f3mas G\u00edslason, Fram<br \/>Logi Finnsson, Valur<br \/>Marel Haukur J\u00f3nsson, Stjarnan<br \/>Matth\u00edas Dagur \u00deorsteinsson, Stjarnan<br \/>\u00d3mar Darri Sigurgeirsson, FH<br \/>Patrekur Sm\u00e1ri Arnarsson, \u00cdR<br \/>R\u00f3bert Da\u00f0i J\u00f3nsson, Haukar<br \/>Starka\u00f0ur Bj\u00f6rnsson, Valur<br \/>Valdimar \u00d6rn\u00f3lfsson, Stjarnan<br \/>Viktor Bjarki Da\u00f0ason, Fram<br \/>Viktor Bjarki Einarsson, HK<br \/>\u00de\u00f3rhallur \u00c1rni H\u00f6skuldsson, Valur<br \/>\u00d6rn Kolur Kjartansson, Valur<\/p><p><strong>U-16 \u00e1ra landsli\u00f0 kvenna<br \/><\/strong>Hrafnhildur \u00d3sk Sk\u00falad\u00f3ttir og Anna \u00darsula Gu\u00f0mundsd\u00f3ttir hafa vali\u00f0 eftirtalda leikmenn til \u00e6finga helgina 16. \u2013 18. desember 2022.<br \/>N\u00e1nari uppl\u00fdsingar veita \u00fej\u00e1lfarar li\u00f0sins.<\/p><p><strong>\u00dej\u00e1lfarar:<br \/><\/strong>Hrafnhildur \u00d3sk Sk\u00falad\u00f3ttir<br \/>Anna \u00darsulu Gu\u00f0mundsd\u00f3ttir<\/p><p><strong>H\u00f3pinn m\u00e1 sj\u00e1 h\u00e9r:<br \/><\/strong>Adela Eyr\u00fan J\u00f3hannsd\u00f3ttir, HK<br \/>Agnes \u00ddr Bjarkad\u00f3ttir, \u00cdR<br \/>Anna Sif Sigurj\u00f3nsd\u00f3ttir, \u00cdBV<br \/>Arna D\u00f6gg Kristinsd\u00f3ttir, KA\/\u00de\u00f3r<br \/>Arna Kar\u00edtas Eir\u00edksd\u00f3ttir, Valur<br \/>Arnd\u00eds \u00c1slaug Gr\u00edmsd\u00f3ttir, Gr\u00f3tta<br \/>Au\u00f0ur Bergr\u00fan Snorrad\u00f3ttir, HK<br \/>\u00c1sd\u00eds Halla Hjar\u00f0ar, \u00cdBV<br \/>\u00c1sd\u00eds Malmqust, Stjarnan<br \/>Bern\u00f3d\u00eda Sif Sigur\u00f0ard\u00f3ttir, \u00cdBV<br \/>Birna Mar\u00eda Unnarsd\u00f3ttir, \u00cdBV<br \/>Brynd\u00eds P\u00e1lmad\u00f3ttir, Haukar<br \/>El\u00edsabet \u00c1sa Einarsd\u00f3ttir, Gr\u00f3tta<br \/>Erla Sif Le\u00f3sd\u00f3ttir, Valur<br \/>Eva G\u00edslad\u00f3ttir, FH<br \/>Herd\u00eds Freyja Fri\u00f0riksd\u00f3ttir, HK<br \/>Hulda Hr\u00f6nn Bragad\u00f3ttir, Selfoss<br \/>Inga Fanney Hauksd\u00f3ttir, HK<br \/>J\u00fal\u00eda S\u00f3l Arn\u00f3rsd\u00f3ttir, KA\/\u00de\u00f3r<br \/>Katla Margr\u00e9t \u00d3skarsd\u00f3ttir, Valur<br \/>Kolfinna Krist\u00edn Scheving, Stjarnan<br \/>Krist\u00edn Andrea Hinriksd\u00f3ttir, KA\/\u00de\u00f3r<br \/>Sara Krist\u00edn Pedersen, Fj\u00f6lnir\/Fylkir<br \/>Sara Margr\u00e9t \u00d6rlygsd\u00f3ttir, \u00cdBV<\/p><p><strong>U-16 \u00e1ra landsli\u00f0 karla<br \/><\/strong>Haraldur \u00deorvar\u00f0arson og \u00c1sbj\u00f6rn Fri\u00f0riksson hafa vali\u00f0 eftirtalda leikmenn til \u00e6finga 16. \u2013 18. desember 2022.<br \/>H\u00f3pinn m\u00e1 sj\u00e1 h\u00e9r fyrir ne\u00f0an, allar n\u00e1nari uppl\u00fdsingar veita \u00fej\u00e1lfarar.<\/p><p><strong>\u00dej\u00e1lfarar:<br \/><\/strong>Haraldur \u00deorvar\u00f0arson<br \/>\u00c1sbj\u00f6rn Fri\u00f0riksson<\/p><p><strong>Leikmannah\u00f3pur:<br \/><\/strong>Alexander \u00c1sgr\u00edmsson, \u00cdR<br \/>Andri Erlingsson, \u00cdBV<br \/>Andri Magn\u00fasson, \u00cdBV<br \/>Bjarki M\u00e1r Ingvarsson, Haukar<br \/>Dagur Fannarsson, Valur<br \/>Dan\u00edel M\u00e1ni Sigurgeirsson, Haukar<br \/>Dan\u00edel Montoro, Valur<br \/>Egill J\u00f3nsson, Haukar<br \/>El\u00eds \u00de\u00f3r A\u00f0alsteinsson, \u00cdBV<br \/>Elmar Franz \u00d3lafsson, HK<br \/>Gar\u00f0ar Ingi Sindrason, FH<br \/>H\u00e1kon Garri Gestsson, Selfoss<br \/>Hrafn \u00deorbjarnarson, Valur<br \/>H\u00f6skuldur Tinni Einarsson, Valur<br \/>J\u00f3n Valgeir Gu\u00f0mundsson, Selfoss<br \/>J\u00f6kull Bl\u00f6ndal Bj\u00f6rnsson, \u00cdR<br \/>Krist\u00f3fer Breki Bj\u00f6rgvinsson, Haukar<br \/>Le\u00f3 Fri\u00f0riksson, KA<br \/>Magn\u00fas K\u00e1ri Magn\u00fasson, Afturelding<br \/>Nathaniel \u00de\u00f3r Alilin, \u00cdR<br \/>\u00d3\u00f0inn Bragi S\u00e6varsson, \u00cdR<br \/>Patrekur Gu\u00f0ni \u00deorbergsson, HK<br \/>Sigur\u00f0ur Bjarmi \u00c1rnason, Haukar<br \/>Starka\u00f0ur Arnalds, Fram<br \/>\u00dalfar \u00d6rn Gu\u00f0bjargarson, KA<br \/>\u00de\u00f3rir Hrafn Ellertson, KA<br \/>\u00c6var Gunnarsson, Afturelding<\/p><p><strong>U-17 \u00e1ra landsli\u00f0 kvenna<br \/><\/strong>Rakel D\u00f6gg Bragad\u00f3ttir og Sigurj\u00f3n Fri\u00f0bj\u00f6rn Bj\u00f6rnsson hafa vali\u00f0 eftirtalda leikmenn til \u00e6finga dagana 16. \u2013 18. desember 2022.<br \/>N\u00e1nari uppl\u00fdsingar veita \u00fej\u00e1lfarar li\u00f0sins.<\/p><p><strong>\u00dej\u00e1lfarar:<br \/><\/strong>Rakel D\u00f6gg Bragad\u00f3ttir<br \/>Sigurj\u00f3n Fri\u00f0bj\u00f6rn Bj\u00f6rnsson<\/p><p><strong>H\u00f3pinn m\u00e1 sj\u00e1 h\u00e9r:<br \/><\/strong>Alexandra \u00d3sk Viktorsd\u00f3ttir, \u00cdBV<br \/>\u00c1g\u00fasta R\u00fan J\u00f3nasd\u00f3ttir, HK<br \/>\u00c1g\u00fasta Tanja J\u00f3hannsd\u00f3ttir, Selfoss<br \/>\u00c1sthildur J\u00f3na \u00de\u00f3rhallsd\u00f3ttir, Valur<br \/>\u00c1sr\u00fan Inga Arnarsd\u00f3ttir, Valur<br \/>Bergr\u00f3s \u00c1sta Gu\u00f0mundsd\u00f3ttir, KA\/\u00fe\u00f3r<br \/>Dagmar Gu\u00f0r\u00fan P\u00e1lsd\u00f3ttir, Fram<br \/>D\u00f3ra El\u00edsabet Gylfad\u00f3ttir, Gr\u00f3tta\/KR<br \/>Ester Amira \u00c6gisd\u00f3ttir, Haukar<br \/>Gu\u00f0bj\u00f6rg Erla Steinarsd\u00f3ttir, HK<br \/>Gu\u00f0munda Au\u00f0ur Gu\u00f0j\u00f3nsd\u00f3ttir<br \/>Gu\u00f0r\u00fan Hekla Traustad\u00f3ttir, Valur<br \/>Gy\u00f0a Krist\u00edn \u00c1sgeirsd\u00f3ttir, FH<br \/>Ingunn Mar\u00eda Brynjarsd\u00f3ttir, Fram<br \/>Kristbj\u00f6rg Erlingsd\u00f3ttir, Valur<br \/>Krist\u00edn Birta L\u00edndal Gunnarsd\u00f3ttir, KA\/\u00de\u00f3r<br \/>Lyd\u00eda Gunn\u00fe\u00f3rsd\u00f3ttir, KA\/\u00de\u00f3r<br \/>Rakel D\u00f3r\u00f3thea \u00c1g\u00fastsd\u00f3ttir, HK<br \/>Sara R\u00fan G\u00edslad\u00f3ttir, Fram<br \/>Sif Hallgr\u00edmsd\u00f3ttir, KA\/\u00de\u00f3r<br \/>\u00de\u00f3ra Hrafnkelsd\u00f3ttir, Haukar<\/p><p><strong>U-17 \u00e1ra landsli\u00f0 karla<br \/><\/strong>Heimir \u00d6rn \u00c1rnason og Stef\u00e1n \u00c1rnason hafa vali\u00f0 eftirtalda leikmenn til \u00e6finga 16. \u2013 18. desember 2022.<br \/>H\u00f3pinn m\u00e1 sj\u00e1 h\u00e9r fyrir ne\u00f0an, allar n\u00e1nari uppl\u00fdsingar veita \u00fej\u00e1lfarar.<\/p><p><strong>\u00dej\u00e1lfarar:<br \/><\/strong>Heimir \u00d6rn \u00c1rnason<br \/>Stef\u00e1n \u00c1rnason<\/p><p><strong>Leikmannah\u00f3pur:<br \/><\/strong>Antoine \u00d3skar Pantano, Gr\u00f3tta<br \/>Aron Da\u00f0i Stef\u00e1nsson, KA<br \/>\u00c1g\u00fast Gu\u00f0mundsson, HK<br \/>Bernard Kristj\u00e1n Owusu Darkoh, \u00cdR<br \/>Dagur \u00c1rni Heimisson, KA<br \/>Dan\u00edel B\u00e6ring Gr\u00e9tarsson, Afturelding<br \/>Harri Halld\u00f3rsson, Afturelding<br \/>Haukur Gu\u00f0mundsson, Afturelding<br \/>Hugi Elmarsson, KA<br \/>Ingvar Dagur Gunnarsson, FH<br \/>Jens Berg\u00fe\u00f3rsson, KA<br \/>Jens Sigur\u00f0arsson, Valur<br \/>J\u00f3nas Karl Gunnlaugsson, Selfoss<br \/>J\u00f6kull Einarsson, Afturelding<br \/>Magn\u00fas Dagur J\u00f3natansson, KA<br \/>Max Emil Stenlund, Fram<br \/>Nathan Asare, \u00cdR<br \/>\u00d3skar \u00de\u00f3rarinsson, KA<br \/>Sigurj\u00f3n Bragi Atlason, Afturelding<br \/>Stef\u00e1n M. Hjartarson, Afturelding<br \/>Styrmir Hugi Sigur\u00f0arsson, HK<br \/>\u00de\u00f3rir Ingi \u00deorsteinsson, FH<\/p><p><strong>U-19 \u00e1ra landsli\u00f0 kvenna<br \/><\/strong>\u00c1g\u00fast \u00de\u00f3r J\u00f3hannsson og \u00c1rni Stef\u00e1n Gu\u00f0j\u00f3nsson hafa vali\u00f0 eftirtalda leikmenn til \u00e6finga dagana 14. \u2013 17. desember 2022.<br \/>N\u00e1nari uppl\u00fdsingar veita \u00fej\u00e1lfarar li\u00f0sins.<\/p><p><strong>\u00dej\u00e1lfarar:<br \/><\/strong>\u00c1g\u00fast \u00de\u00f3r J\u00f3hannsson<br \/>\u00c1rni Stef\u00e1n Gu\u00f0j\u00f3nsson<\/p><p><strong>H\u00f3pinn m\u00e1 sj\u00e1 h\u00e9r:<br \/><\/strong>Alfa Br\u00e1 Oddsd\u00f3ttir Hagal\u00edn, HK<br \/>Anna Vald\u00eds Gar\u00f0arsd\u00f3ttir, HK<br \/>Brynja Katr\u00edn Benediktsd\u00f3ttir, Valur<br \/>El\u00edn Klara \u00deorkelsd\u00f3ttir, Haukar<br \/>El\u00edsa Helga Sigur\u00f0ard\u00f3ttir, Haukar<br \/>El\u00edsa El\u00edasd\u00f3ttir, \u00cdBV<br \/>Embla Stein\u00fe\u00f3rsd\u00f3ttir, HK<br \/>Ethel Gy\u00f0a Bjarnasen, HK<br \/>Hildur Lilja J\u00f3nsd\u00f3ttir, KA\/\u00de\u00f3r<br \/>Inga D\u00eds J\u00f3hannsd\u00f3ttir, HK<br \/>Katr\u00edn Anna \u00c1smundsd\u00f3ttir, Gr\u00f3tta<br \/>Leandra N\u00e1tts\u00f3l Salvamoser, HK<br \/>Lilja \u00c1g\u00fastsd\u00f3ttir, Valur<br \/>Rakel Oddn\u00fd Gu\u00f0mundsd\u00f3ttir, Haukar<br \/>Sonja Lind Sigsteinsd\u00f3ttir, Haukar<br \/>Thelma Melste\u00f0 Bj\u00f6rgvinsd\u00f3ttir, Haukar<br \/>Tinna Sigurr\u00f3s Traustad\u00f3ttir, Selfoss<br \/>Valger\u00f0ur Arnalds, Fram<br \/><br \/><strong>U-19 karla | H\u00f3pur fyrir Sparkassen<\/strong><br \/><br \/>Heimir R\u00edkar\u00f0sson og Einar J\u00f3nsson \u00fej\u00e1lfarar U-19 \u00e1ra landsli\u00f0s karla hafa vali\u00f0 \u00fe\u00e1 16 leikmenn sem fara \u00e1 Sparkassen Cup milli j\u00f3la og n\u00fd\u00e1rs, auk \u00feess eru valdir leikmenn til vara sem \u00e6fa me\u00f0 li\u00f0inu fram a\u00f0 m\u00f3ti.<br \/><br \/>\u00c6fingar hefjast 17. desember og fara fram \u00e1 h\u00f6fu\u00f0borgarsv\u00e6\u00f0inu en \u00e6fingat\u00edmar koma inn \u00e1 Sportabler \u00e1 n\u00e6stu d\u00f6gum.<br \/><br \/>H\u00f3pinn m\u00e1 sj\u00e1 h\u00e9r fyrir ne\u00f0an, allar n\u00e1nari uppl\u00fdsingar veita \u00fej\u00e1lfarar.<br \/><br \/><strong>\u00dej\u00e1lfarar:<br \/><\/strong>Heimir R\u00edkar\u00f0sson<br \/>Einar J\u00f3nsson<br \/><br \/><strong>Leikmannah\u00f3pur:<br \/><\/strong>Atli Steinn Arnarsson, FH<br \/>Birkir Sn\u00e6r Steinsson, Haukar<br \/>Breki Hrafn \u00c1rnason, Fram<br \/>Dan\u00edel \u00d6rn Gu\u00f0mundsson, Valur<br \/>Ei\u00f0ur Rafn Valsson, Fram<br \/>Elmar Erlingsson, \u00cdBV<br \/>Hans J\u00f6rgen \u00d3lafsson, Selfoss<br \/>Hinrik Hugi Hei\u00f0arsson, \u00cdBV<br \/>\u00cdsak Steinsson, Fold HK<br \/>Kjartan \u00de\u00f3r J\u00fal\u00edusson, Fram<br \/>Reynir \u00de\u00f3r Stef\u00e1nsson, Fram<br \/>Sigur\u00f0ur Sn\u00e6r Sigurj\u00f3nsson, Selfoss<br \/>Skarph\u00e9\u00f0inn \u00cdvar Einarsson, KA<br \/>S\u00e6\u00fe\u00f3r Atlason, Selfoss<br \/>\u00deorvaldur \u00d6rn \u00deorvaldsson, Valur<br \/>\u00d6ssur Haraldsson, Haukar<br \/><br \/><strong>Til vara (\u00e6fa me\u00f0 li\u00f0inu)<br \/><\/strong>Andr\u00e9s Marel Sigur\u00f0sson, \u00cdBV<br \/>Andri Clausen, FH<br \/>Andri Fannar El\u00edsson, Haukar<br \/>Aron Ingi Hrei\u00f0arsson, KFUM Kalmar<br \/>Dan\u00edel Reynisson, Fram<br \/>Gunnar K\u00e1ri Bragason, Selfoss<br \/>Kristj\u00e1n Rafn Oddsson, FH<br \/>Sigur\u00f0ur P\u00e1ll Matth\u00edasson, V\u00edkingur<br \/>Vi\u00f0ar Ernir Reimarsson, \u00de\u00f3r<\/p>\t\t\t\t\t\t\t\t<\/div>\n\t\t\t\t<\/div>\n\t\t\t\t\t<\/div>\n\t\t<\/div>\n\t\t\t\t\t<\/div>\n\t\t<\/section>\n\t\t\t\t<\/div>","protected":false},"excerpt":{"rendered":"<p>Yngri landsli\u00f0 | \u00c6fingar og h\u00f3par \u00ed desember \u00dej\u00e1lfarar yngri landsli\u00f0a hafa vali\u00f0 \u00e6fingah\u00f3pa fyrir s\u00edn li\u00f0 en \u00e1\u00e6tla\u00f0 er a\u00f0 li\u00f0in \u00e6fi \u00e1 h\u00f6fu\u00f0borgarsv\u00e6\u00f0inu \u00ed desember 2022.\u00c6fingat\u00edmar koma inn [&hellip;]<\/p>","protected":false},"author":7,"featured_media":32829,"comment_status":"closed","ping_status":"closed","sticky":false,"template":"","format":"standard","meta":{"_monsterinsights_skip_tracking":false,"_monsterinsights_sitenote_active":false,"_monsterinsights_sitenote_note":"","_monsterinsights_sitenote_category":0,"_jetpack_memberships_contains_paid_content":false,"footnotes":""},"categories":[6],"tags":[],"class_list":["post-32826","post","type-post","status-publish","format-standard","has-post-thumbnail","hentry","category-handbolti"],"jetpack_sharing_enabled":true,"jetpack_featured_media_url":"https:\/\/fram.is\/wp-content\/uploads\/2022\/12\/4bce51ea-133d-4b37-8d27-367f2bb964af.jpg","_links":{"self":[{"href":"https:\/\/fram.is\/is\/wp-json\/wp\/v2\/posts\/32826","targetHints":{"allow":["GET"]}}],"collection":[{"href":"https:\/\/fram.is\/is\/wp-json\/wp\/v2\/posts"}],"about":[{"href":"https:\/\/fram.is\/is\/wp-json\/wp\/v2\/types\/post"}],"author":[{"embeddable":true,"href":"https:\/\/fram.is\/is\/wp-json\/wp\/v2\/users\/7"}],"replies":[{"embeddable":true,"href":"https:\/\/fram.is\/is\/wp-json\/wp\/v2\/comments?post=32826"}],"version-history":[{"count":4,"href":"https:\/\/fram.is\/is\/wp-json\/wp\/v2\/posts\/32826\/revisions"}],"predecessor-version":[{"id":32832,"href":"https:\/\/fram.is\/is\/wp-json\/wp\/v2\/posts\/32826\/revisions\/32832"}],"wp:featuredmedia":[{"embeddable":true,"href":"https:\/\/fram.is\/is\/wp-json\/wp\/v2\/media\/32829"}],"wp:attachment":[{"href":"https:\/\/fram.is\/is\/wp-json\/wp\/v2\/media?parent=32826"}],"wp:term":[{"taxonomy":"category","embeddable":true,"href":"https:\/\/fram.is\/is\/wp-json\/wp\/v2\/categories?post=32826"},{"taxonomy":"post_tag","embeddable":true,"href":"https:\/\/fram.is\/is\/wp-json\/wp\/v2\/tags?post=32826"}],"curies":[{"name":"wp","href":"https:\/\/api.w.org\/{rel}","templated":true}]}}