{"id":3311,"date":"2013-05-16T22:38:07","date_gmt":"2013-05-16T22:38:07","guid":{"rendered":"http:\/\/fram.is\/?p=3311"},"modified":"2013-05-16T22:38:07","modified_gmt":"2013-05-16T22:38:07","slug":"stig-a-hlidarenda-framarar-enn-taplausir","status":"publish","type":"post","link":"https:\/\/fram.is\/is\/2013\/05\/16\/stig-a-hlidarenda-framarar-enn-taplausir\/","title":{"rendered":"Stig \u00e1 Hl\u00ed\u00f0arenda | FRAMarar enn taplausir"},"content":{"rendered":"<p><a href=\"http:\/\/fram.is\/wp-content\/uploads\/2013\/05\/Almarr2.jpg\"><img decoding=\"async\" class=\"alignright size-medium wp-image-3312\" alt=\"Almarr2\" src=\"http:\/\/fram.is\/wp-content\/uploads\/2013\/05\/Almarr2-300x150.jpg\" width=\"300\" height=\"150\" srcset=\"https:\/\/fram.is\/wp-content\/uploads\/2013\/05\/Almarr2-300x150.jpg 300w, https:\/\/fram.is\/wp-content\/uploads\/2013\/05\/Almarr2.jpg 640w\" sizes=\"(max-width: 300px) 100vw, 300px\" \/><\/a>FRAM og Valur skildu j\u00f6fn, 1-1, \u00ed \u00feri\u00f0ju umfer\u00f0 Pepsideildar karla \u00ed knattspyrnu \u00e1 Vodafonevellinum a\u00f0 Hl\u00ed\u00f0arenda \u00ed kv\u00f6ld. \u00a0H\u00f3lmbert Fri\u00f0j\u00f3nsson kom FRAM yfir \u00ed fyrri h\u00e1lfleik, Valsmenn j\u00f6fnu\u00f0u metin me\u00f0 sj\u00e1lfsmarki Bjarna H\u00f3lm \u00e1 upphafsm\u00edn\u00fatum s\u00ed\u00f0ari h\u00e1lfleiks og eftir a\u00f0 v\u00edtaspyrna heimamanna f\u00f3r \u00ed s\u00faginn seint \u00ed leiknum hlj\u00f3ta \u00farslitin a\u00f0 teljast \u00e1s\u00e6ttanleg.<\/p>\n<p><strong>Valur 1-1 FRAM (0-1)<br \/>\n<\/strong>0-1 \u00a0H\u00f3lmbert Aron Fri\u00f0j\u00f3nsson 36.m\u00edn.<br \/>\n1-1 \u00a0Bjarni H\u00f3lm A\u00f0alsteinsson (sjm.) 47.m\u00edn.<\/p>\n<p>Eftir nokku\u00f0 jafnar upphafsm\u00edn\u00fatur n\u00e1\u00f0u FRAMarar undirt\u00f6kunum \u00ed leiknum og voru mun l\u00edklegri til afreka \u00ed fyrri h\u00e1lfleik. \u00a0V\u00f6rnin var traust, \u00e1g\u00e6t vinnsla \u00e1 mi\u00f0junni \u00fear sem H\u00f3lmbert Aron og Kristinn Ingi t\u00f3ku s\u00e6ti \u00ed byrjunarli\u00f0inu \u00ed sta\u00f0 Viktors Bjarka og Hauks og gestirnir \u00far Safam\u00fdri r\u00e9\u00f0u fer\u00f0inni. \u00a0\u00d3lafur \u00d6rn komst einna n\u00e6st \u00fev\u00ed a\u00f0 skora fyrsta marki\u00f0 \u00feegar Magn\u00fas M\u00e1r L\u00fa\u00f0v\u00edksson var\u00f0i skalla hans \u00e1 markl\u00ednunni. \u00a0H\u00f3lmbert skora\u00f0i gott mark \u00e1 36.m\u00edn\u00fatu \u00feegar Steven Lennon n\u00fdtti s\u00e9r mist\u00f6k Matarr Jobe, skei\u00f0a\u00f0i inn \u00e1 teig og renndi boltanum \u00e1 H\u00f3lmbert \u00ed galopnu f\u00e6ri.<br \/>\nSta\u00f0an \u00ed h\u00e1lfleik var 1-0 fyrir FRAM, en Valsmenn m\u00e6ttu tv\u00edefldir til leiks \u00ed s\u00ed\u00f0ari h\u00e1lfleik. \u00a0Haukur P\u00e1ll Sigur\u00f0sson jafna\u00f0i metin eftir r\u00famlega m\u00edn\u00fatu leik, renndi s\u00e9r \u00e1 sendingu James Hurst eftir a\u00f0 Valsmenn h\u00f6f\u00f0u galopna\u00f0 v\u00f6rn FRAM, sem annars gaf f\u00e1 f\u00e6ri \u00e1 s\u00e9r. \u00a0Valsmenn voru miklu grimmari \u00ed n\u00e1v\u00edgjum, n\u00fdttu s\u00e9r breidd vallarins og voru duglegir a\u00f0 finna opin sv\u00e6\u00f0i, miklu l\u00edklegri til a\u00f0 b\u00e6ta vi\u00f0 m\u00f6rkum heldur en FRAMarar. \u00a0Takturinn datt svol\u00edti\u00f0 \u00far FRAMli\u00f0inu \u00ed s\u00ed\u00f0ari h\u00e1lfleik, sendingar r\u00f6tu\u00f0u sjaldnast \u00e1 samherja og leikm\u00f6nnum gekk b\u00f6lvanlega a\u00f0 hemja boltann. \u00a0Mi\u00f0jumennirnir duttu b\u00fdsna langt tilbaka og skildu \u00fe\u00e1 eftir galopin sv\u00e6\u00f0i. \u00a0Valsmenn fengu gulli\u00f0 t\u00e6kif\u00e6ri til a\u00f0 n\u00e1 forystunni \u00feegar d\u00e6md var v\u00edtaspyrna \u00e1tta m\u00edn\u00fatum fyrir leikslok, varama\u00f0urinn Viktor Bjarki virtist handleika kn\u00f6ttinn innan v\u00edtateigs eftir mikinn darra\u00f0ardans. \u00a0Kristinn Freyr Sigur\u00f0sson t\u00f3k spyrnuna, \u00feruma\u00f0i \u00ed st\u00f6ng og \u00fat og l\u00e9ttir FRAmarar talsver\u00f0ur. \u00a0Eftir miki\u00f0 jaml, japl og fu\u00f0ur s\u00e6ttust li\u00f0in \u00e1 skiptan hlut, 1-1, og eru b\u00e6\u00f0i taplaus af afloknum \u00feremur umfer\u00f0um \u00ed deildinni.<\/p>\n<p><a href=\"http:\/\/www.ksi.is\/mot\/motalisti\/leikskyrsla\/?Leikur=314951\" target=\"_blank\" rel=\"noopener noreferrer\">Leiksk\u00fdrslan.<\/a><\/p>","protected":false},"excerpt":{"rendered":"<p>FRAM og Valur skildu j\u00f6fn, 1-1, \u00ed \u00feri\u00f0ju umfer\u00f0 Pepsideildar karla \u00ed knattspyrnu \u00e1 Vodafonevellinum a\u00f0 Hl\u00ed\u00f0arenda \u00ed kv\u00f6ld. \u00a0H\u00f3lmbert Fri\u00f0j\u00f3nsson kom FRAM yfir \u00ed fyrri h\u00e1lfleik, Valsmenn j\u00f6fnu\u00f0u metin [&hellip;]<\/p>","protected":false},"author":3,"featured_media":3312,"comment_status":"open","ping_status":"open","sticky":false,"template":"","format":"standard","meta":{"_monsterinsights_skip_tracking":false,"_monsterinsights_sitenote_active":false,"_monsterinsights_sitenote_note":"","_monsterinsights_sitenote_category":0,"_jetpack_memberships_contains_paid_content":false,"footnotes":""},"categories":[11,9],"tags":[],"class_list":["post-3311","post","type-post","status-publish","format-standard","has-post-thumbnail","hentry","category-mflkarla","category-fotbolti"],"jetpack_sharing_enabled":true,"jetpack_featured_media_url":"https:\/\/fram.is\/wp-content\/uploads\/2013\/05\/Almarr2.jpg","_links":{"self":[{"href":"https:\/\/fram.is\/is\/wp-json\/wp\/v2\/posts\/3311","targetHints":{"allow":["GET"]}}],"collection":[{"href":"https:\/\/fram.is\/is\/wp-json\/wp\/v2\/posts"}],"about":[{"href":"https:\/\/fram.is\/is\/wp-json\/wp\/v2\/types\/post"}],"author":[{"embeddable":true,"href":"https:\/\/fram.is\/is\/wp-json\/wp\/v2\/users\/3"}],"replies":[{"embeddable":true,"href":"https:\/\/fram.is\/is\/wp-json\/wp\/v2\/comments?post=3311"}],"version-history":[{"count":0,"href":"https:\/\/fram.is\/is\/wp-json\/wp\/v2\/posts\/3311\/revisions"}],"wp:featuredmedia":[{"embeddable":true,"href":"https:\/\/fram.is\/is\/wp-json\/wp\/v2\/media\/3312"}],"wp:attachment":[{"href":"https:\/\/fram.is\/is\/wp-json\/wp\/v2\/media?parent=3311"}],"wp:term":[{"taxonomy":"category","embeddable":true,"href":"https:\/\/fram.is\/is\/wp-json\/wp\/v2\/categories?post=3311"},{"taxonomy":"post_tag","embeddable":true,"href":"https:\/\/fram.is\/is\/wp-json\/wp\/v2\/tags?post=3311"}],"curies":[{"name":"wp","href":"https:\/\/api.w.org\/{rel}","templated":true}]}}