{"id":33171,"date":"2023-01-16T09:26:00","date_gmt":"2023-01-16T09:26:00","guid":{"rendered":"https:\/\/fram.is\/?p=33171"},"modified":"2023-01-16T09:27:32","modified_gmt":"2023-01-16T09:27:32","slug":"nylidadagur-fram-fyrir-drengi-faeddar-2011-2017","status":"publish","type":"post","link":"https:\/\/fram.is\/is\/2023\/01\/16\/nylidadagur-fram-fyrir-drengi-faeddar-2011-2017\/","title":{"rendered":"N\u00fdli\u00f0adagur Fram \u2013 fyrir drengi f\u00e6ddar 2011-2017"},"content":{"rendered":"<div data-elementor-type=\"wp-post\" data-elementor-id=\"33171\" class=\"elementor elementor-33171\" data-elementor-post-type=\"post\">\n\t\t\t\t<section class=\"elementor-section elementor-top-section elementor-element elementor-element-6f416a00 elementor-section-boxed elementor-section-height-default elementor-section-height-default\" data-id=\"6f416a00\" data-element_type=\"section\">\n\t\t\t\t\t\t<div class=\"elementor-container elementor-column-gap-default\">\n\t\t\t\t\t<div class=\"elementor-column elementor-col-100 elementor-top-column elementor-element elementor-element-7d57163d\" data-id=\"7d57163d\" data-element_type=\"column\">\n\t\t\t<div class=\"elementor-widget-wrap elementor-element-populated\">\n\t\t\t\t\t\t<div class=\"elementor-element elementor-element-6548aace elementor-widget elementor-widget-text-editor\" data-id=\"6548aace\" data-element_type=\"widget\" data-widget_type=\"text-editor.default\">\n\t\t\t\t<div class=\"elementor-widget-container\">\n\t\t\t\t\t\t\t\t\t<p><\/p>\n<p><img fetchpriority=\"high\" decoding=\"async\" class=\"alignnone size-large wp-image-33181\" src=\"https:\/\/fram.is\/wp-content\/uploads\/2023\/01\/My-project-1-2023-01-15T211342.245-819x1024.png\" alt=\"\" width=\"800\" height=\"1000\" srcset=\"https:\/\/fram.is\/wp-content\/uploads\/2023\/01\/My-project-1-2023-01-15T211342.245-819x1024.png 819w, https:\/\/fram.is\/wp-content\/uploads\/2023\/01\/My-project-1-2023-01-15T211342.245-800x1000.png 800w, https:\/\/fram.is\/wp-content\/uploads\/2023\/01\/My-project-1-2023-01-15T211342.245-240x300.png 240w, https:\/\/fram.is\/wp-content\/uploads\/2023\/01\/My-project-1-2023-01-15T211342.245-768x960.png 768w, https:\/\/fram.is\/wp-content\/uploads\/2023\/01\/My-project-1-2023-01-15T211342.245.png 1080w\" sizes=\"(max-width: 800px) 100vw, 800px\" \/>Knattspyrnudeild Fram b\u00fd\u00f0ur \u00f6llum str\u00e1kum f\u00e6ddum 2011 til 2017 \u00e1 \u00e6fingu \u00ed Egilsh\u00f6ll kl. 13:00-14:00 laugardaginn 21. jan\u00faar.<br \/><br \/>Allir str\u00e1kar sem m\u00e6ta \u00e1 n\u00fdli\u00f0adaginn f\u00e1 \u00fe\u00e1tt\u00f6kugj\u00f6f fr\u00e1 FRAM.<br \/><br \/>\u00c6fingat\u00f6flu f\u00e9lagsins m\u00e1 finna h\u00e9r:\u00a0<a href=\"https:\/\/fram.is\/is\/fotbolti-aefingatoflur\/\" target=\"_blank\" rel=\"noreferrer noopener\">https:\/\/fram.is\/fotbolti-aefingatoflur\/<\/a><br \/><br \/>Vi\u00f0 hvetjum alla str\u00e1ka til a\u00f0 n\u00fdta s\u00e9r \u00feennan m\u00f6guleika og pr\u00f3fa skemmtilegar \u00e6fingar.<br \/><br \/>Hl\u00f6kkum til a\u00f0 sj\u00e1 ykkur \u00ed Egilsh\u00f6ll.<\/p>\n<p>Unglingar\u00e1\u00f0 knattspyrnudeildar Fram .<\/p>\n<p><\/p>\t\t\t\t\t\t\t\t<\/div>\n\t\t\t\t<\/div>\n\t\t\t\t\t<\/div>\n\t\t<\/div>\n\t\t\t\t\t<\/div>\n\t\t<\/section>\t\t<\/div>","protected":false},"excerpt":{"rendered":"<p>Knattspyrnudeild Fram b\u00fd\u00f0ur \u00f6llum str\u00e1kum f\u00e6ddum 2011 til 2017 \u00e1 \u00e6fingu \u00ed Egilsh\u00f6ll kl. 13:00-14:00 laugardaginn 21. jan\u00faar. Allir str\u00e1kar sem m\u00e6ta \u00e1 n\u00fdli\u00f0adaginn f\u00e1 \u00fe\u00e1tt\u00f6kugj\u00f6f fr\u00e1 FRAM. \u00c6fingat\u00f6flu f\u00e9lagsins [&hellip;]<\/p>","protected":false},"author":5,"featured_media":33179,"comment_status":"closed","ping_status":"closed","sticky":false,"template":"","format":"standard","meta":{"_monsterinsights_skip_tracking":false,"_monsterinsights_sitenote_active":false,"_monsterinsights_sitenote_note":"","_monsterinsights_sitenote_category":0,"_jetpack_memberships_contains_paid_content":false,"footnotes":""},"categories":[9,13],"tags":[],"class_list":["post-33171","post","type-post","status-publish","format-standard","has-post-thumbnail","hentry","category-fotbolti","category-yngriflokkar"],"jetpack_sharing_enabled":true,"jetpack_featured_media_url":"https:\/\/fram.is\/wp-content\/uploads\/2023\/01\/Nylidadagurstrakar_banner-1-1.png","_links":{"self":[{"href":"https:\/\/fram.is\/is\/wp-json\/wp\/v2\/posts\/33171","targetHints":{"allow":["GET"]}}],"collection":[{"href":"https:\/\/fram.is\/is\/wp-json\/wp\/v2\/posts"}],"about":[{"href":"https:\/\/fram.is\/is\/wp-json\/wp\/v2\/types\/post"}],"author":[{"embeddable":true,"href":"https:\/\/fram.is\/is\/wp-json\/wp\/v2\/users\/5"}],"replies":[{"embeddable":true,"href":"https:\/\/fram.is\/is\/wp-json\/wp\/v2\/comments?post=33171"}],"version-history":[{"count":11,"href":"https:\/\/fram.is\/is\/wp-json\/wp\/v2\/posts\/33171\/revisions"}],"predecessor-version":[{"id":33184,"href":"https:\/\/fram.is\/is\/wp-json\/wp\/v2\/posts\/33171\/revisions\/33184"}],"wp:featuredmedia":[{"embeddable":true,"href":"https:\/\/fram.is\/is\/wp-json\/wp\/v2\/media\/33179"}],"wp:attachment":[{"href":"https:\/\/fram.is\/is\/wp-json\/wp\/v2\/media?parent=33171"}],"wp:term":[{"taxonomy":"category","embeddable":true,"href":"https:\/\/fram.is\/is\/wp-json\/wp\/v2\/categories?post=33171"},{"taxonomy":"post_tag","embeddable":true,"href":"https:\/\/fram.is\/is\/wp-json\/wp\/v2\/tags?post=33171"}],"curies":[{"name":"wp","href":"https:\/\/api.w.org\/{rel}","templated":true}]}}