{"id":33185,"date":"2023-01-16T10:19:27","date_gmt":"2023-01-16T10:19:27","guid":{"rendered":"https:\/\/fram.is\/?p=33185"},"modified":"2023-01-16T15:49:37","modified_gmt":"2023-01-16T15:49:37","slug":"reynir-thor-til-2026","status":"publish","type":"post","link":"https:\/\/fram.is\/is\/2023\/01\/16\/reynir-thor-til-2026\/","title":{"rendered":"Reynir \u00de\u00f3r til 2026"},"content":{"rendered":"<div data-elementor-type=\"wp-post\" data-elementor-id=\"33185\" class=\"elementor elementor-33185\" data-elementor-post-type=\"post\">\n\t\t\t\t\t\t<section class=\"elementor-section elementor-top-section elementor-element elementor-element-fcce99d elementor-section-boxed elementor-section-height-default elementor-section-height-default\" data-id=\"fcce99d\" data-element_type=\"section\">\n\t\t\t\t\t\t<div class=\"elementor-container elementor-column-gap-default\">\n\t\t\t\t\t<div class=\"elementor-column elementor-col-100 elementor-top-column elementor-element elementor-element-95e1ee4\" data-id=\"95e1ee4\" data-element_type=\"column\">\n\t\t\t<div class=\"elementor-widget-wrap elementor-element-populated\">\n\t\t\t\t\t\t<div class=\"elementor-element elementor-element-2d9a2cf elementor-widget elementor-widget-text-editor\" data-id=\"2d9a2cf\" data-element_type=\"widget\" data-widget_type=\"text-editor.default\">\n\t\t\t\t<div class=\"elementor-widget-container\">\n\t\t\t\t\t\t\t\t\t<p>Reynir \u00de\u00f3r Stef\u00e1nsson skrifar undir samning til 2026. <br \/><br \/>\u00dea\u00f0 eru gle\u00f0it\u00ed\u00f0indi \u00feegar ungir og efnilegir leikmenn skrifa undir langt\u00edmasamning vi\u00f0 f\u00e9lagi\u00f0. \u00der\u00e1tt fyrir ungan aldur er Reynir \u00e1 s\u00ednu \u00f6\u00f0ru \u00e1ri \u00ed meistaraflokki karla. Hann hefur spila\u00f0 14 leiki \u00ed vetur og skora\u00f0 \u00ed \u00feeim 46 m\u00f6rk. Spilt\u00edmi eykst me\u00f0 hverjum leiknum og mikilv\u00e6gi hans fyrir okkar li\u00f0 er miki\u00f0. Honum fer fram me\u00f0 hverjum leiknum og v\u00e6ntum vi\u00f0 mikils af honum \u00e1 komandi \u00e1rum. Auk \u00feess er Reynir einn af m\u00e1ttarst\u00f3lpum u-17 \u00e1ra landsli\u00f0s karla sem hafa veri\u00f0 a\u00f0 gera g\u00f3\u00f0a hluti. <br \/><br \/>Til hamingju me\u00f0 n\u00fdjan samning Reynir, gangi \u00fe\u00e9r vel \u00e1fram! <br \/><br \/>\u00c1fram FRAM!<\/p>\t\t\t\t\t\t\t\t<\/div>\n\t\t\t\t<\/div>\n\t\t\t\t\t<\/div>\n\t\t<\/div>\n\t\t\t\t\t<\/div>\n\t\t<\/section>\n\t\t\t\t<section class=\"elementor-section elementor-top-section elementor-element elementor-element-de78ed6 elementor-section-boxed elementor-section-height-default elementor-section-height-default\" data-id=\"de78ed6\" data-element_type=\"section\">\n\t\t\t\t\t\t<div class=\"elementor-container elementor-column-gap-default\">\n\t\t\t\t\t<div class=\"elementor-column elementor-col-100 elementor-top-column elementor-element elementor-element-8459519\" data-id=\"8459519\" data-element_type=\"column\">\n\t\t\t<div class=\"elementor-widget-wrap elementor-element-populated\">\n\t\t\t\t\t\t<div class=\"elementor-element elementor-element-dfce47c elementor-widget elementor-widget-image\" data-id=\"dfce47c\" data-element_type=\"widget\" data-widget_type=\"image.default\">\n\t\t\t\t<div class=\"elementor-widget-container\">\n\t\t\t\t\t\t\t\t\t\t\t\t\t\t\t<img fetchpriority=\"high\" decoding=\"async\" width=\"800\" height=\"640\" src=\"https:\/\/fram.is\/wp-content\/uploads\/2023\/01\/Leikir-KK-2023-01-16T100126.756-1024x819.png\" class=\"attachment-large size-large wp-image-33187\" alt=\"\" srcset=\"https:\/\/fram.is\/wp-content\/uploads\/2023\/01\/Leikir-KK-2023-01-16T100126.756-1024x819.png 1024w, https:\/\/fram.is\/wp-content\/uploads\/2023\/01\/Leikir-KK-2023-01-16T100126.756-800x640.png 800w, https:\/\/fram.is\/wp-content\/uploads\/2023\/01\/Leikir-KK-2023-01-16T100126.756-300x240.png 300w, https:\/\/fram.is\/wp-content\/uploads\/2023\/01\/Leikir-KK-2023-01-16T100126.756-768x614.png 768w, https:\/\/fram.is\/wp-content\/uploads\/2023\/01\/Leikir-KK-2023-01-16T100126.756-1536x1229.png 1536w, https:\/\/fram.is\/wp-content\/uploads\/2023\/01\/Leikir-KK-2023-01-16T100126.756.png 2000w\" sizes=\"(max-width: 800px) 100vw, 800px\" \/>\t\t\t\t\t\t\t\t\t\t\t\t\t\t\t<\/div>\n\t\t\t\t<\/div>\n\t\t\t\t\t<\/div>\n\t\t<\/div>\n\t\t\t\t\t<\/div>\n\t\t<\/section>\n\t\t\t\t<\/div>","protected":false},"excerpt":{"rendered":"<p>Reynir \u00de\u00f3r Stef\u00e1nsson skrifar undir samning til 2026. \u00dea\u00f0 eru gle\u00f0it\u00ed\u00f0indi \u00feegar ungir og efnilegir leikmenn skrifa undir langt\u00edmasamning vi\u00f0 f\u00e9lagi\u00f0. \u00der\u00e1tt fyrir ungan aldur er Reynir \u00e1 s\u00ednu \u00f6\u00f0ru [&hellip;]<\/p>","protected":false},"author":7,"featured_media":33191,"comment_status":"closed","ping_status":"closed","sticky":false,"template":"","format":"standard","meta":{"_monsterinsights_skip_tracking":false,"_monsterinsights_sitenote_active":false,"_monsterinsights_sitenote_note":"","_monsterinsights_sitenote_category":0,"_jetpack_memberships_contains_paid_content":false,"footnotes":""},"categories":[6],"tags":[],"class_list":["post-33185","post","type-post","status-publish","format-standard","has-post-thumbnail","hentry","category-handbolti"],"jetpack_sharing_enabled":true,"jetpack_featured_media_url":"https:\/\/fram.is\/wp-content\/uploads\/2023\/01\/Reynir-semur-til-2026.jpg","_links":{"self":[{"href":"https:\/\/fram.is\/is\/wp-json\/wp\/v2\/posts\/33185","targetHints":{"allow":["GET"]}}],"collection":[{"href":"https:\/\/fram.is\/is\/wp-json\/wp\/v2\/posts"}],"about":[{"href":"https:\/\/fram.is\/is\/wp-json\/wp\/v2\/types\/post"}],"author":[{"embeddable":true,"href":"https:\/\/fram.is\/is\/wp-json\/wp\/v2\/users\/7"}],"replies":[{"embeddable":true,"href":"https:\/\/fram.is\/is\/wp-json\/wp\/v2\/comments?post=33185"}],"version-history":[{"count":5,"href":"https:\/\/fram.is\/is\/wp-json\/wp\/v2\/posts\/33185\/revisions"}],"predecessor-version":[{"id":33192,"href":"https:\/\/fram.is\/is\/wp-json\/wp\/v2\/posts\/33185\/revisions\/33192"}],"wp:featuredmedia":[{"embeddable":true,"href":"https:\/\/fram.is\/is\/wp-json\/wp\/v2\/media\/33191"}],"wp:attachment":[{"href":"https:\/\/fram.is\/is\/wp-json\/wp\/v2\/media?parent=33185"}],"wp:term":[{"taxonomy":"category","embeddable":true,"href":"https:\/\/fram.is\/is\/wp-json\/wp\/v2\/categories?post=33185"},{"taxonomy":"post_tag","embeddable":true,"href":"https:\/\/fram.is\/is\/wp-json\/wp\/v2\/tags?post=33185"}],"curies":[{"name":"wp","href":"https:\/\/api.w.org\/{rel}","templated":true}]}}