{"id":33307,"date":"2023-01-26T16:02:12","date_gmt":"2023-01-26T16:02:12","guid":{"rendered":"https:\/\/fram.is\/?p=33307"},"modified":"2023-01-26T16:03:50","modified_gmt":"2023-01-26T16:03:50","slug":"orri-sigurjonsson-gengur-til-lids-vid-fram","status":"publish","type":"post","link":"https:\/\/fram.is\/is\/2023\/01\/26\/orri-sigurjonsson-gengur-til-lids-vid-fram\/","title":{"rendered":"Orri Sigurj\u00f3nsson gengur til li\u00f0s vi\u00f0 Fram!"},"content":{"rendered":"<div data-elementor-type=\"wp-post\" data-elementor-id=\"33307\" class=\"elementor elementor-33307\" data-elementor-post-type=\"post\">\n\t\t\t\t<section class=\"elementor-section elementor-top-section elementor-element elementor-element-3283a50 elementor-section-boxed elementor-section-height-default elementor-section-height-default\" data-id=\"3283a50\" data-element_type=\"section\">\n\t\t\t\t\t\t<div class=\"elementor-container elementor-column-gap-default\">\n\t\t\t\t\t<div class=\"elementor-column elementor-col-100 elementor-top-column elementor-element elementor-element-16dbfbf1\" data-id=\"16dbfbf1\" data-element_type=\"column\">\n\t\t\t<div class=\"elementor-widget-wrap elementor-element-populated\">\n\t\t\t\t\t\t<div class=\"elementor-element elementor-element-34431a88 elementor-widget elementor-widget-text-editor\" data-id=\"34431a88\" data-element_type=\"widget\" data-widget_type=\"text-editor.default\">\n\t\t\t\t<div class=\"elementor-widget-container\">\n\t\t\t\t\t\t\t\t\t<p><\/p>\n<p><img fetchpriority=\"high\" decoding=\"async\" class=\"size-medium wp-image-33310 alignright\" src=\"https:\/\/fram.is\/wp-content\/uploads\/2023\/01\/LengjudeildinSamningurPortrait_Orriy-1-240x300.png\" alt=\"\" width=\"240\" height=\"300\" srcset=\"https:\/\/fram.is\/wp-content\/uploads\/2023\/01\/LengjudeildinSamningurPortrait_Orriy-1-240x300.png 240w, https:\/\/fram.is\/wp-content\/uploads\/2023\/01\/LengjudeildinSamningurPortrait_Orriy-1-800x1000.png 800w, https:\/\/fram.is\/wp-content\/uploads\/2023\/01\/LengjudeildinSamningurPortrait_Orriy-1-819x1024.png 819w, https:\/\/fram.is\/wp-content\/uploads\/2023\/01\/LengjudeildinSamningurPortrait_Orriy-1-768x960.png 768w, https:\/\/fram.is\/wp-content\/uploads\/2023\/01\/LengjudeildinSamningurPortrait_Orriy-1.png 1080w\" sizes=\"(max-width: 240px) 100vw, 240px\" \/>Orri hefur skrifa\u00f0 undir tveggja \u00e1ra samning vi\u00f0 Fram og mun \u00fear af lei\u00f0andi b\u00e6tast \u00ed leikmannah\u00f3p li\u00f0sins fyrir komandi t\u00edmabil. <br \/>Orri \u00e1 194 leiki a\u00f0 baki \u00e1 11 \u00e1ra ferli me\u00f0 uppeldis f\u00e9lagi s\u00ednu \u00de\u00f3r Akureyri, \u00fear af tv\u00f6 t\u00edmabil \u00ed efstu deild.<br \/>Orri er 28 \u00e1ra gamall og hefur \u00fdmist spila\u00f0 sem dj\u00fapur mi\u00f0juma\u00f0ur e\u00f0a \u00ed hjarta varnarinnar \u00e1 s\u00ednum ferli. Vi\u00f0 bj\u00f3\u00f0um Orra hjartanlega velkominn \u00ed bl\u00e1u treyjuna og reiknum vi\u00f0 me\u00f0 a\u00f0 hann smelli vel \u00ed h\u00f3pinn.<\/p>\n<p><\/p>\n<p><\/p>\n<p>&#8220;Nonni og f\u00e9lagar eru Orra vel kunnugir enda hefur hann i\u00f0ulega \u00e6ft me\u00f0 okkur yfir vetrarm\u00e1nu\u00f0ina. Hann er b\u00fasettur erlendis eins og er og mun koma til li\u00f0s vi\u00f0 str\u00e1kana \u00ed \u00e6fingafer\u00f0inni \u00ed mars m\u00e1nu\u00f0i. Vi\u00f0 reiknum \u00fev\u00ed me\u00f0 a\u00f0 hann ver\u00f0ur kl\u00e1r \u00ed slaginn \u00feegar m\u00f3ti\u00f0 hefst og er g\u00f3\u00f0 vi\u00f0b\u00f3t \u00ed h\u00f3pinn.&#8221; sag\u00f0i Agnar \u00de\u00f3r Hilmarsson forma\u00f0ur knd. Fram.<\/p>\n<p><\/p>\t\t\t\t\t\t\t\t<\/div>\n\t\t\t\t<\/div>\n\t\t\t\t\t<\/div>\n\t\t<\/div>\n\t\t\t\t\t<\/div>\n\t\t<\/section>\t\t<\/div>","protected":false},"excerpt":{"rendered":"<p>Orri hefur skrifa\u00f0 undir tveggja \u00e1ra samning vi\u00f0 Fram og mun \u00fear af lei\u00f0andi b\u00e6tast \u00ed leikmannah\u00f3p li\u00f0sins fyrir komandi t\u00edmabil. Orri \u00e1 194 leiki a\u00f0 baki \u00e1 11 \u00e1ra [&hellip;]<\/p>","protected":false},"author":5,"featured_media":33308,"comment_status":"closed","ping_status":"closed","sticky":false,"template":"","format":"standard","meta":{"_monsterinsights_skip_tracking":false,"_monsterinsights_sitenote_active":false,"_monsterinsights_sitenote_note":"","_monsterinsights_sitenote_category":0,"_jetpack_memberships_contains_paid_content":false,"footnotes":""},"categories":[9,11],"tags":[],"class_list":["post-33307","post","type-post","status-publish","format-standard","has-post-thumbnail","hentry","category-fotbolti","category-mflkarla"],"jetpack_sharing_enabled":true,"jetpack_featured_media_url":"https:\/\/fram.is\/wp-content\/uploads\/2023\/01\/LengjudeildinSamningurbanner_Orri-1.png","_links":{"self":[{"href":"https:\/\/fram.is\/is\/wp-json\/wp\/v2\/posts\/33307","targetHints":{"allow":["GET"]}}],"collection":[{"href":"https:\/\/fram.is\/is\/wp-json\/wp\/v2\/posts"}],"about":[{"href":"https:\/\/fram.is\/is\/wp-json\/wp\/v2\/types\/post"}],"author":[{"embeddable":true,"href":"https:\/\/fram.is\/is\/wp-json\/wp\/v2\/users\/5"}],"replies":[{"embeddable":true,"href":"https:\/\/fram.is\/is\/wp-json\/wp\/v2\/comments?post=33307"}],"version-history":[{"count":4,"href":"https:\/\/fram.is\/is\/wp-json\/wp\/v2\/posts\/33307\/revisions"}],"predecessor-version":[{"id":33313,"href":"https:\/\/fram.is\/is\/wp-json\/wp\/v2\/posts\/33307\/revisions\/33313"}],"wp:featuredmedia":[{"embeddable":true,"href":"https:\/\/fram.is\/is\/wp-json\/wp\/v2\/media\/33308"}],"wp:attachment":[{"href":"https:\/\/fram.is\/is\/wp-json\/wp\/v2\/media?parent=33307"}],"wp:term":[{"taxonomy":"category","embeddable":true,"href":"https:\/\/fram.is\/is\/wp-json\/wp\/v2\/categories?post=33307"},{"taxonomy":"post_tag","embeddable":true,"href":"https:\/\/fram.is\/is\/wp-json\/wp\/v2\/tags?post=33307"}],"curies":[{"name":"wp","href":"https:\/\/api.w.org\/{rel}","templated":true}]}}