{"id":33407,"date":"2023-02-07T09:21:59","date_gmt":"2023-02-07T09:21:59","guid":{"rendered":"https:\/\/fram.is\/?p=33407"},"modified":"2023-02-07T09:24:04","modified_gmt":"2023-02-07T09:24:04","slug":"adalfundur-knattspyrnudeildar-fram-midvikudaginn-15-feb-kl-1700","status":"publish","type":"post","link":"https:\/\/fram.is\/is\/2023\/02\/07\/adalfundur-knattspyrnudeildar-fram-midvikudaginn-15-feb-kl-1700\/","title":{"rendered":"A\u00f0alfundur Knattspyrnudeildar Fram mi\u00f0vikudaginn 15. feb. kl. 17:00"},"content":{"rendered":"<div data-elementor-type=\"wp-post\" data-elementor-id=\"33407\" class=\"elementor elementor-33407\" data-elementor-post-type=\"post\">\n\t\t\t\t<section class=\"elementor-section elementor-top-section elementor-element elementor-element-1b21b54a elementor-section-boxed elementor-section-height-default elementor-section-height-default\" data-id=\"1b21b54a\" data-element_type=\"section\">\n\t\t\t\t\t\t<div class=\"elementor-container elementor-column-gap-default\">\n\t\t\t\t\t<div class=\"elementor-column elementor-col-100 elementor-top-column elementor-element elementor-element-786224cb\" data-id=\"786224cb\" data-element_type=\"column\">\n\t\t\t<div class=\"elementor-widget-wrap elementor-element-populated\">\n\t\t\t\t\t\t<div class=\"elementor-element elementor-element-7c1f9493 elementor-widget elementor-widget-text-editor\" data-id=\"7c1f9493\" data-element_type=\"widget\" data-widget_type=\"text-editor.default\">\n\t\t\t\t<div class=\"elementor-widget-container\"><p><strong><img fetchpriority=\"high\" decoding=\"async\" class=\"size-medium wp-image-31988 alignright\" src=\"https:\/\/fram.is\/wp-content\/uploads\/2022\/09\/Bestar-2022-300x200.jpg\" alt=\"\" width=\"300\" height=\"200\" srcset=\"https:\/\/fram.is\/wp-content\/uploads\/2022\/09\/Bestar-2022-300x200.jpg 300w, https:\/\/fram.is\/wp-content\/uploads\/2022\/09\/Bestar-2022-scaled-800x533.jpg 800w, https:\/\/fram.is\/wp-content\/uploads\/2022\/09\/Bestar-2022-1024x683.jpg 1024w, https:\/\/fram.is\/wp-content\/uploads\/2022\/09\/Bestar-2022-768x512.jpg 768w, https:\/\/fram.is\/wp-content\/uploads\/2022\/09\/Bestar-2022-1536x1024.jpg 1536w, https:\/\/fram.is\/wp-content\/uploads\/2022\/09\/Bestar-2022-2048x1365.jpg 2048w\" sizes=\"(max-width: 300px) 100vw, 300px\" \/>A\u00d0ALFUNDUR KNATTSPYRNUDEILDAR FRAM VER\u00d0UR HALDINN <\/strong>\u00a0<strong>\u00cd \u00cd\u00deR\u00d3TTAMI\u00d0ST\u00d6\u00d0 FRAM MI\u00d0VIKUDAGINN 15. FEBR\u00daAR. 2023\u00a0 <\/strong>\u00a0<strong>KL. 17:00<\/strong><\/p><p><strong>Dagskr\u00e1:<\/strong><\/p><ul class=\"wp-block-list\">\n<li><strong>Venjuleg a\u00f0alfundarst\u00f6rf<\/strong><\/li>\n<li><strong>\u00d6nnur m\u00e1l.<br \/><br \/><\/strong><\/li>\n<\/ul><p><strong>\u00a0\u00a0\u00a0\u00a0\u00a0\u00a0\u00a0\u00a0\u00a0\u00a0\u00a0\u00a0\u00a0\u00a0\u00a0\u00a0\u00a0\u00a0\u00a0\u00a0\u00a0\u00a0\u00a0\u00a0\u00a0\u00a0\u00a0\u00a0\u00a0\u00a0\u00a0\u00a0\u00a0\u00a0\u00a0\u00a0\u00a0 Stj\u00f3rn Knattspyrnudeildar FRAM<\/strong><\/p><\/div>\n\t\t\t\t<\/div>\n\t\t\t\t\t<\/div>\n\t\t<\/div>\n\t\t\t\t\t<\/div>\n\t\t<\/section>\t\t<\/div>","protected":false},"excerpt":{"rendered":"<p>A\u00d0ALFUNDUR KNATTSPYRNUDEILDAR FRAM VER\u00d0UR HALDINN \u00a0\u00cd \u00cd\u00deR\u00d3TTAMI\u00d0ST\u00d6\u00d0 FRAM MI\u00d0VIKUDAGINN 15. FEBR\u00daAR. 2023\u00a0 \u00a0KL. 17:00 Dagskr\u00e1: Venjuleg a\u00f0alfundarst\u00f6rf \u00d6nnur m\u00e1l. \u00a0\u00a0\u00a0\u00a0\u00a0\u00a0\u00a0\u00a0\u00a0\u00a0\u00a0\u00a0\u00a0\u00a0\u00a0\u00a0\u00a0\u00a0\u00a0\u00a0\u00a0\u00a0\u00a0\u00a0\u00a0\u00a0\u00a0\u00a0\u00a0\u00a0\u00a0\u00a0\u00a0\u00a0\u00a0\u00a0\u00a0 Stj\u00f3rn Knattspyrnudeildar FRAM<\/p>","protected":false},"author":5,"featured_media":33367,"comment_status":"closed","ping_status":"closed","sticky":false,"template":"","format":"standard","meta":{"_monsterinsights_skip_tracking":false,"_monsterinsights_sitenote_active":false,"_monsterinsights_sitenote_note":"","_monsterinsights_sitenote_category":0,"_jetpack_memberships_contains_paid_content":false,"footnotes":""},"categories":[9,11,12,13],"tags":[],"class_list":["post-33407","post","type-post","status-publish","format-standard","has-post-thumbnail","hentry","category-fotbolti","category-mflkarla","category-mflkvenna","category-yngriflokkar"],"jetpack_sharing_enabled":true,"jetpack_featured_media_url":"https:\/\/fram.is\/wp-content\/uploads\/2023\/02\/Reykjavikurmeistarar-2023..jpg","_links":{"self":[{"href":"https:\/\/fram.is\/is\/wp-json\/wp\/v2\/posts\/33407","targetHints":{"allow":["GET"]}}],"collection":[{"href":"https:\/\/fram.is\/is\/wp-json\/wp\/v2\/posts"}],"about":[{"href":"https:\/\/fram.is\/is\/wp-json\/wp\/v2\/types\/post"}],"author":[{"embeddable":true,"href":"https:\/\/fram.is\/is\/wp-json\/wp\/v2\/users\/5"}],"replies":[{"embeddable":true,"href":"https:\/\/fram.is\/is\/wp-json\/wp\/v2\/comments?post=33407"}],"version-history":[{"count":4,"href":"https:\/\/fram.is\/is\/wp-json\/wp\/v2\/posts\/33407\/revisions"}],"predecessor-version":[{"id":33411,"href":"https:\/\/fram.is\/is\/wp-json\/wp\/v2\/posts\/33407\/revisions\/33411"}],"wp:featuredmedia":[{"embeddable":true,"href":"https:\/\/fram.is\/is\/wp-json\/wp\/v2\/media\/33367"}],"wp:attachment":[{"href":"https:\/\/fram.is\/is\/wp-json\/wp\/v2\/media?parent=33407"}],"wp:term":[{"taxonomy":"category","embeddable":true,"href":"https:\/\/fram.is\/is\/wp-json\/wp\/v2\/categories?post=33407"},{"taxonomy":"post_tag","embeddable":true,"href":"https:\/\/fram.is\/is\/wp-json\/wp\/v2\/tags?post=33407"}],"curies":[{"name":"wp","href":"https:\/\/api.w.org\/{rel}","templated":true}]}}