{"id":33444,"date":"2023-02-17T09:02:56","date_gmt":"2023-02-17T09:02:56","guid":{"rendered":"https:\/\/fram.is\/?p=33444"},"modified":"2023-02-17T09:04:13","modified_gmt":"2023-02-17T09:04:13","slug":"karen-dogg-hallgrimsdottir-hefur-skrifad-undir-sinn-fyrsta-meistaraflokkssamning","status":"publish","type":"post","link":"https:\/\/fram.is\/is\/2023\/02\/17\/karen-dogg-hallgrimsdottir-hefur-skrifad-undir-sinn-fyrsta-meistaraflokkssamning\/","title":{"rendered":"Karen D\u00f6gg Hallgr\u00edmsd\u00f3ttir hefur skrifa\u00f0 undir sinn fyrsta meistaraflokkssamning.\u00a0"},"content":{"rendered":"<div data-elementor-type=\"wp-post\" data-elementor-id=\"33444\" class=\"elementor elementor-33444\" data-elementor-post-type=\"post\">\n\t\t\t\t<section class=\"elementor-section elementor-top-section elementor-element elementor-element-74425972 elementor-section-boxed elementor-section-height-default elementor-section-height-default\" data-id=\"74425972\" data-element_type=\"section\">\n\t\t\t\t\t\t<div class=\"elementor-container elementor-column-gap-default\">\n\t\t\t\t\t<div class=\"elementor-column elementor-col-100 elementor-top-column elementor-element elementor-element-215487cb\" data-id=\"215487cb\" data-element_type=\"column\">\n\t\t\t<div class=\"elementor-widget-wrap elementor-element-populated\">\n\t\t\t\t\t\t<div class=\"elementor-element elementor-element-5be29e47 elementor-widget elementor-widget-text-editor\" data-id=\"5be29e47\" data-element_type=\"widget\" data-widget_type=\"text-editor.default\">\n\t\t\t\t<div class=\"elementor-widget-container\"><p><img fetchpriority=\"high\" decoding=\"async\" class=\"size-medium wp-image-33447 alignright\" src=\"https:\/\/fram.is\/wp-content\/uploads\/2023\/02\/LengjudeildinSamningurPortrait_Karen-1-1-240x300.png\" alt=\"\" width=\"240\" height=\"300\" srcset=\"https:\/\/fram.is\/wp-content\/uploads\/2023\/02\/LengjudeildinSamningurPortrait_Karen-1-1-240x300.png 240w, https:\/\/fram.is\/wp-content\/uploads\/2023\/02\/LengjudeildinSamningurPortrait_Karen-1-1-800x1000.png 800w, https:\/\/fram.is\/wp-content\/uploads\/2023\/02\/LengjudeildinSamningurPortrait_Karen-1-1-819x1024.png 819w, https:\/\/fram.is\/wp-content\/uploads\/2023\/02\/LengjudeildinSamningurPortrait_Karen-1-1-768x960.png 768w, https:\/\/fram.is\/wp-content\/uploads\/2023\/02\/LengjudeildinSamningurPortrait_Karen-1-1.png 1080w\" sizes=\"(max-width: 240px) 100vw, 240px\" \/>Karen D\u00f6gg Hallgr\u00edmsd\u00f3ttir hefur skrifa\u00f0 undir sinn fyrsta meistaraflokkssamning.\u00a0<\/p><p>Karen er mi\u00f0juma\u00f0ur, f\u00e6dd 2008 og er uppalin \u00ed Fram. H\u00fan hefur lengi veri\u00f0 einn allra efnilegasti ungi leikma\u00f0ur f\u00e9lagsins og hefur, \u00fer\u00e1tt fyrir ungan aldur, \u00e6ft reglulega me\u00f0 meistaraflokki s\u00ed\u00f0ustu tv\u00f6 \u00e1r og sta\u00f0i\u00f0 sig me\u00f0 mikilli pr\u00fd\u00f0i. H\u00fan gerir \u00feriggja \u00e1ra samning vi\u00f0 li\u00f0i\u00f0 og mun \u00fev\u00ed a\u00f0 l\u00e1gmarki ver\u00f0a\u00a0hj\u00e1 f\u00e9laginu \u00fat \u00e1ri\u00f0 2025.<\/p><p>\u00deessi samningur er au\u00f0vita\u00f0 st\u00f3rt skref fyrir Kareni en ekki s\u00ed\u00f0ur fyrir f\u00e9lagi\u00f0, \u00fear sem hann er til vitnis um \u00fe\u00e1 uppbyggingu sem \u00e1tt hefur s\u00e9r sta\u00f0 \u00ed knattspyrnudeild Fram s\u00ed\u00f0ustu \u00e1r, \u00fear sem kvenkyns i\u00f0kendum yngri flokka fj\u00f6lgar \u00f6rt og uppaldir leikmenn sj\u00e1 fyrir s\u00e9r spennandi framt\u00ed\u00f0 innan f\u00e9lagsins. Vi\u00f0 bindum vonir vi\u00f0 a\u00f0 mun fleiri uppaldir leikmenn muni l\u00e1ta a\u00f0 s\u00e9r kve\u00f0a \u00ed meistaraflokki f\u00e9lagsins \u00e1 n\u00e6stu \u00e1rum og h\u00f6fum fulla tr\u00fa \u00e1 a\u00f0 svo ver\u00f0i mi\u00f0a\u00f0 vi\u00f0 gl\u00e6silegan efnivi\u00f0 \u00ed yngri flokkum.<\/p><p>Vi\u00f0 \u00f3skum Kareni innilega til hamingju me\u00f0 fyrsta samninginn og hl\u00f6kkum miki\u00f0 til a\u00f0 sj\u00e1 hana bl\u00f3mstra \u00e1fram \u00ed bl\u00e1u treyjunni.<\/p><\/div>\n\t\t\t\t<\/div>\n\t\t\t\t\t<\/div>\n\t\t<\/div>\n\t\t\t\t\t<\/div>\n\t\t<\/section>\t\t<\/div>","protected":false},"excerpt":{"rendered":"<p>Karen D\u00f6gg Hallgr\u00edmsd\u00f3ttir hefur skrifa\u00f0 undir sinn fyrsta meistaraflokkssamning.\u00a0 Karen er mi\u00f0juma\u00f0ur, f\u00e6dd 2008 og er uppalin \u00ed Fram. H\u00fan hefur lengi veri\u00f0 einn allra efnilegasti ungi leikma\u00f0ur f\u00e9lagsins og [&hellip;]<\/p>","protected":false},"author":5,"featured_media":33445,"comment_status":"closed","ping_status":"closed","sticky":false,"template":"","format":"standard","meta":{"_monsterinsights_skip_tracking":false,"_monsterinsights_sitenote_active":false,"_monsterinsights_sitenote_note":"","_monsterinsights_sitenote_category":0,"_jetpack_memberships_contains_paid_content":false,"footnotes":""},"categories":[9,12],"tags":[],"class_list":["post-33444","post","type-post","status-publish","format-standard","has-post-thumbnail","hentry","category-fotbolti","category-mflkvenna"],"jetpack_sharing_enabled":true,"jetpack_featured_media_url":"https:\/\/fram.is\/wp-content\/uploads\/2023\/02\/LengjudeildinSamningurbanner_Karen-1.png","_links":{"self":[{"href":"https:\/\/fram.is\/is\/wp-json\/wp\/v2\/posts\/33444","targetHints":{"allow":["GET"]}}],"collection":[{"href":"https:\/\/fram.is\/is\/wp-json\/wp\/v2\/posts"}],"about":[{"href":"https:\/\/fram.is\/is\/wp-json\/wp\/v2\/types\/post"}],"author":[{"embeddable":true,"href":"https:\/\/fram.is\/is\/wp-json\/wp\/v2\/users\/5"}],"replies":[{"embeddable":true,"href":"https:\/\/fram.is\/is\/wp-json\/wp\/v2\/comments?post=33444"}],"version-history":[{"count":4,"href":"https:\/\/fram.is\/is\/wp-json\/wp\/v2\/posts\/33444\/revisions"}],"predecessor-version":[{"id":33450,"href":"https:\/\/fram.is\/is\/wp-json\/wp\/v2\/posts\/33444\/revisions\/33450"}],"wp:featuredmedia":[{"embeddable":true,"href":"https:\/\/fram.is\/is\/wp-json\/wp\/v2\/media\/33445"}],"wp:attachment":[{"href":"https:\/\/fram.is\/is\/wp-json\/wp\/v2\/media?parent=33444"}],"wp:term":[{"taxonomy":"category","embeddable":true,"href":"https:\/\/fram.is\/is\/wp-json\/wp\/v2\/categories?post=33444"},{"taxonomy":"post_tag","embeddable":true,"href":"https:\/\/fram.is\/is\/wp-json\/wp\/v2\/tags?post=33444"}],"curies":[{"name":"wp","href":"https:\/\/api.w.org\/{rel}","templated":true}]}}