{"id":33632,"date":"2023-02-22T14:17:12","date_gmt":"2023-02-22T14:17:12","guid":{"rendered":"https:\/\/fram.is\/?p=33632"},"modified":"2023-02-22T15:50:26","modified_gmt":"2023-02-22T15:50:26","slug":"sylvia-birgisdottir-semur-vid-fram","status":"publish","type":"post","link":"https:\/\/fram.is\/is\/2023\/02\/22\/sylvia-birgisdottir-semur-vid-fram\/","title":{"rendered":"Sylv\u00eda Birgisd\u00f3ttir semur vi\u00f0 Fram!"},"content":{"rendered":"<div data-elementor-type=\"wp-post\" data-elementor-id=\"33632\" class=\"elementor elementor-33632\" data-elementor-post-type=\"post\">\n\t\t\t\t<section class=\"elementor-section elementor-top-section elementor-element elementor-element-116515b elementor-section-boxed elementor-section-height-default elementor-section-height-default\" data-id=\"116515b\" data-element_type=\"section\">\n\t\t\t\t\t\t<div class=\"elementor-container elementor-column-gap-default\">\n\t\t\t\t\t<div class=\"elementor-column elementor-col-100 elementor-top-column elementor-element elementor-element-6626024e\" data-id=\"6626024e\" data-element_type=\"column\">\n\t\t\t<div class=\"elementor-widget-wrap elementor-element-populated\">\n\t\t\t\t\t\t<div class=\"elementor-element elementor-element-d4d56f9 elementor-widget elementor-widget-text-editor\" data-id=\"d4d56f9\" data-element_type=\"widget\" data-widget_type=\"text-editor.default\">\n\t\t\t\t<div class=\"elementor-widget-container\"><p><img fetchpriority=\"high\" decoding=\"async\" class=\"wp-image-33635 alignright\" src=\"https:\/\/fram.is\/wp-content\/uploads\/2023\/02\/LengjudeildinSamningurPortrait_Sylvia-1-240x300.png\" alt=\"\" width=\"298\" height=\"373\" srcset=\"https:\/\/fram.is\/wp-content\/uploads\/2023\/02\/LengjudeildinSamningurPortrait_Sylvia-1-240x300.png 240w, https:\/\/fram.is\/wp-content\/uploads\/2023\/02\/LengjudeildinSamningurPortrait_Sylvia-1-819x1024.png 819w, https:\/\/fram.is\/wp-content\/uploads\/2023\/02\/LengjudeildinSamningurPortrait_Sylvia-1-768x960.png 768w, https:\/\/fram.is\/wp-content\/uploads\/2023\/02\/LengjudeildinSamningurPortrait_Sylvia-1-800x1000.png 800w, https:\/\/fram.is\/wp-content\/uploads\/2023\/02\/LengjudeildinSamningurPortrait_Sylvia-1.png 1080w\" sizes=\"(max-width: 298px) 100vw, 298px\" \/><\/p>\n<p>Sylv\u00eda er 22 \u00e1ra h\u00e6gri bakv\u00f6r\u00f0ur sem er alin upp \u00ed Stj\u00f6rnunni en l\u00e9k s\u00ed\u00f0ustu tv\u00f6 t\u00edmabil me\u00f0 annarsvegar\u00a0Haukum \u00ed Lengjudeildinni 2022 og Tindast\u00f3l \u00ed Pepsi Max deildinni 2021. Sylv\u00eda er \u00e1r\u00e6\u00f0in, hr\u00f6\u00f0 og sterk og hefur spila\u00f0 virkilega vel me\u00f0 li\u00f0inu \u00ed \u00e6fingaleikjum undanfari\u00f0. H\u00fan semur til tveggja \u00e1ra.<\/p>\n<p>&#8220;Sylv\u00eda er leikma\u00f0ur sem vi\u00f0 An\u00edta \u00feekkjum vel, \u00fear sem vi\u00f0 \u00fej\u00e1lfu\u00f0um hana b\u00e6\u00f0i hj\u00e1 Stj\u00f6rnunni \u00e1 s\u00ednum t\u00edma og \u00e9g f\u00e9kk hana svo til Tindast\u00f3ls \u00ed efstu deild. H\u00fan er s\u00f3knarsinna\u00f0ur bakv\u00f6r\u00f0ur sem hentar vel fyrir \u00feann f\u00f3tbolta sem vi\u00f0 viljum spila og er fr\u00e1b\u00e6r karakter, svo vi\u00f0 teljum hana styrkja li\u00f0i\u00f0 umtalsvert b\u00e6\u00f0i innan og utan vallar&#8221; sag\u00f0i \u00d3skar Sm\u00e1ri, annar af \u00fej\u00e1lfurum li\u00f0sins.<\/p>\n<p>Vi\u00f0 bj\u00f3\u00f0um Sylv\u00edu hjartanlega velkomna \u00ed dalinn!<\/p><\/div>\n\t\t\t\t<\/div>\n\t\t\t\t\t<\/div>\n\t\t<\/div>\n\t\t\t\t\t<\/div>\n\t\t<\/section>\t\t<\/div>","protected":false},"excerpt":{"rendered":"<p>Sylv\u00eda er 22 \u00e1ra h\u00e6gri bakv\u00f6r\u00f0ur sem er alin upp \u00ed Stj\u00f6rnunni en l\u00e9k s\u00ed\u00f0ustu tv\u00f6 t\u00edmabil me\u00f0 annarsvegar\u00a0Haukum \u00ed Lengjudeildinni 2022 og Tindast\u00f3l \u00ed Pepsi Max deildinni 2021. Sylv\u00eda [&hellip;]<\/p>","protected":false},"author":5,"featured_media":33633,"comment_status":"closed","ping_status":"closed","sticky":false,"template":"","format":"standard","meta":{"_monsterinsights_skip_tracking":false,"_monsterinsights_sitenote_active":false,"_monsterinsights_sitenote_note":"","_monsterinsights_sitenote_category":0,"_jetpack_memberships_contains_paid_content":false,"footnotes":""},"categories":[9,12],"tags":[],"class_list":["post-33632","post","type-post","status-publish","format-standard","has-post-thumbnail","hentry","category-fotbolti","category-mflkvenna"],"jetpack_sharing_enabled":true,"jetpack_featured_media_url":"https:\/\/fram.is\/wp-content\/uploads\/2023\/02\/LengjudeildinSamningurbanner_Sylvia-1.png","_links":{"self":[{"href":"https:\/\/fram.is\/is\/wp-json\/wp\/v2\/posts\/33632","targetHints":{"allow":["GET"]}}],"collection":[{"href":"https:\/\/fram.is\/is\/wp-json\/wp\/v2\/posts"}],"about":[{"href":"https:\/\/fram.is\/is\/wp-json\/wp\/v2\/types\/post"}],"author":[{"embeddable":true,"href":"https:\/\/fram.is\/is\/wp-json\/wp\/v2\/users\/5"}],"replies":[{"embeddable":true,"href":"https:\/\/fram.is\/is\/wp-json\/wp\/v2\/comments?post=33632"}],"version-history":[{"count":8,"href":"https:\/\/fram.is\/is\/wp-json\/wp\/v2\/posts\/33632\/revisions"}],"predecessor-version":[{"id":33642,"href":"https:\/\/fram.is\/is\/wp-json\/wp\/v2\/posts\/33632\/revisions\/33642"}],"wp:featuredmedia":[{"embeddable":true,"href":"https:\/\/fram.is\/is\/wp-json\/wp\/v2\/media\/33633"}],"wp:attachment":[{"href":"https:\/\/fram.is\/is\/wp-json\/wp\/v2\/media?parent=33632"}],"wp:term":[{"taxonomy":"category","embeddable":true,"href":"https:\/\/fram.is\/is\/wp-json\/wp\/v2\/categories?post=33632"},{"taxonomy":"post_tag","embeddable":true,"href":"https:\/\/fram.is\/is\/wp-json\/wp\/v2\/tags?post=33632"}],"curies":[{"name":"wp","href":"https:\/\/api.w.org\/{rel}","templated":true}]}}