{"id":35225,"date":"2023-07-27T21:48:19","date_gmt":"2023-07-27T21:48:19","guid":{"rendered":"https:\/\/fram.is\/?p=35225"},"modified":"2023-07-27T21:55:07","modified_gmt":"2023-07-27T21:55:07","slug":"tveir-fra-fram-i-landslid-islands-u15-2","status":"publish","type":"post","link":"https:\/\/fram.is\/is\/2023\/07\/27\/tveir-fra-fram-i-landslid-islands-u15-2\/","title":{"rendered":"Tveir fr\u00e1 Fram \u00ed landsli\u00f0 \u00cdslands U15"},"content":{"rendered":"<div data-elementor-type=\"wp-post\" data-elementor-id=\"35225\" class=\"elementor elementor-35225\" data-elementor-post-type=\"post\">\n\t\t\t\t<section class=\"elementor-section elementor-top-section elementor-element elementor-element-1747eca3 elementor-section-boxed elementor-section-height-default elementor-section-height-default\" data-id=\"1747eca3\" data-element_type=\"section\">\n\t\t\t\t\t\t<div class=\"elementor-container elementor-column-gap-default\">\n\t\t\t\t\t<div class=\"elementor-column elementor-col-100 elementor-top-column elementor-element elementor-element-547a0195\" data-id=\"547a0195\" data-element_type=\"column\">\n\t\t\t<div class=\"elementor-widget-wrap elementor-element-populated\">\n\t\t\t\t\t\t<div class=\"elementor-element elementor-element-66ebfbf2 elementor-widget elementor-widget-text-editor\" data-id=\"66ebfbf2\" data-element_type=\"widget\" data-widget_type=\"text-editor.default\">\n\t\t\t\t<div class=\"elementor-widget-container\"><p><img fetchpriority=\"high\" decoding=\"async\" class=\"size-medium wp-image-35228 alignright\" src=\"https:\/\/fram.is\/wp-content\/uploads\/2023\/07\/KSI_U_Portrait_EDD-1-Viktor-U15-240x300.png\" alt=\"\" width=\"240\" height=\"300\" \/><img decoding=\"async\" class=\"size-medium wp-image-35229 alignright\" src=\"https:\/\/fram.is\/wp-content\/uploads\/2023\/07\/KSI_U_Portrait_Gudmundur-1-U15-240x300.png\" alt=\"\" width=\"240\" height=\"300\" \/>\u00de\u00f3rhallur Siggeirsson, landsli\u00f0s\u00fej\u00e1lfari U15 karla, hefur vali\u00f0 h\u00f3p fyrir \u00e6fingar dagana 8.-10. \u00e1g\u00fast 2023.<\/p><p>Fram \u00e1 tvo fulltr\u00faa \u00ed h\u00f3pnum a\u00f0 \u00feessu sinni. Viktor Bjarka Da\u00f0ason (2008) og Gu\u00f0mund \u00c1g\u00fast H\u00e9\u00f0insson (2009).<\/p><p>Til hamingju str\u00e1kar og gangi ykkur vel!<\/p><\/div>\n\t\t\t\t<\/div>\n\t\t\t\t\t<\/div>\n\t\t<\/div>\n\t\t\t\t\t<\/div>\n\t\t<\/section>\t\t<\/div>","protected":false},"excerpt":{"rendered":"<p>\u00de\u00f3rhallur Siggeirsson, landsli\u00f0s\u00fej\u00e1lfari U15 karla, hefur vali\u00f0 h\u00f3p fyrir \u00e6fingar dagana 8.-10. \u00e1g\u00fast 2023. Fram \u00e1 tvo fulltr\u00faa \u00ed h\u00f3pnum a\u00f0 \u00feessu sinni. Viktor Bjarka Da\u00f0ason (2008) og Gu\u00f0mund \u00c1g\u00fast [&hellip;]<\/p>","protected":false},"author":5,"featured_media":0,"comment_status":"closed","ping_status":"closed","sticky":false,"template":"","format":"standard","meta":{"_monsterinsights_skip_tracking":false,"_monsterinsights_sitenote_active":false,"_monsterinsights_sitenote_note":"","_monsterinsights_sitenote_category":0,"_jetpack_memberships_contains_paid_content":false,"footnotes":""},"categories":[9,13],"tags":[],"class_list":["post-35225","post","type-post","status-publish","format-standard","hentry","category-fotbolti","category-yngriflokkar"],"jetpack_sharing_enabled":true,"jetpack_featured_media_url":"","_links":{"self":[{"href":"https:\/\/fram.is\/is\/wp-json\/wp\/v2\/posts\/35225","targetHints":{"allow":["GET"]}}],"collection":[{"href":"https:\/\/fram.is\/is\/wp-json\/wp\/v2\/posts"}],"about":[{"href":"https:\/\/fram.is\/is\/wp-json\/wp\/v2\/types\/post"}],"author":[{"embeddable":true,"href":"https:\/\/fram.is\/is\/wp-json\/wp\/v2\/users\/5"}],"replies":[{"embeddable":true,"href":"https:\/\/fram.is\/is\/wp-json\/wp\/v2\/comments?post=35225"}],"version-history":[{"count":5,"href":"https:\/\/fram.is\/is\/wp-json\/wp\/v2\/posts\/35225\/revisions"}],"predecessor-version":[{"id":35233,"href":"https:\/\/fram.is\/is\/wp-json\/wp\/v2\/posts\/35225\/revisions\/35233"}],"wp:attachment":[{"href":"https:\/\/fram.is\/is\/wp-json\/wp\/v2\/media?parent=35225"}],"wp:term":[{"taxonomy":"category","embeddable":true,"href":"https:\/\/fram.is\/is\/wp-json\/wp\/v2\/categories?post=35225"},{"taxonomy":"post_tag","embeddable":true,"href":"https:\/\/fram.is\/is\/wp-json\/wp\/v2\/tags?post=35225"}],"curies":[{"name":"wp","href":"https:\/\/api.w.org\/{rel}","templated":true}]}}