{"id":3523,"date":"2013-06-07T14:11:35","date_gmt":"2013-06-07T14:11:35","guid":{"rendered":"http:\/\/fram.is\/?p=3523"},"modified":"2013-06-07T14:11:35","modified_gmt":"2013-06-07T14:11:35","slug":"stephen-nielsen-til-lids-vid-fram","status":"publish","type":"post","link":"https:\/\/fram.is\/is\/2013\/06\/07\/stephen-nielsen-til-lids-vid-fram\/","title":{"rendered":"Stephen Nielsen til li\u00f0s vi\u00f0 FRAM"},"content":{"rendered":"<p><a href=\"http:\/\/fram.is\/wp-content\/uploads\/2013\/06\/Stephen-Nielsen.jpg\"><img fetchpriority=\"high\" decoding=\"async\" class=\"alignright size-medium wp-image-3524\" alt=\"Stephen Nielsen\" src=\"http:\/\/fram.is\/wp-content\/uploads\/2013\/06\/Stephen-Nielsen-244x300.jpg\" width=\"244\" height=\"300\" \/><\/a>Handknattleiksdeild FRAM hefur sami\u00f0 vi\u00f0 danska markv\u00f6r\u00f0inn Stephen Nielsen til tveggja \u00e1ra. \u00a0Nielsen, sem er 28 \u00e1ra a\u00f0 aldri, hefur leiki\u00f0 \u00ed Danm\u00f6rku, Sv\u00ed\u00fej\u00f3\u00f0 og \u00de\u00fdskalandi og var\u00f0 heimsmeistari me\u00f0 danska U21-\u00e1rs landsli\u00f0inu \u00e1 s\u00ednum t\u00edma.<\/p>\n<p>Nielsen hefur leiki\u00f0 me\u00f0 Flensburg \u00ed \u00de\u00fdskalandi, Ringsted og FCK \u00ed Danm\u00f6rku og Drott og Malm\u00f6 \u00ed Sv\u00ed\u00fej\u00f3\u00f0. \u00a0Hj\u00e1 FCK l\u00e9k Nielsen me\u00f0 Arn\u00f3ri Atlasyni, hj\u00e1 Drott var hann li\u00f0sf\u00e9lagi Gunnars Steins J\u00f3nssonar og hann \u00e1 reyndar enn sterkari \u00cdslandstengsl \u00fear sem hann \u00e1 \u00edslenska unnustu og hefur dvali\u00f0 talsvert h\u00e9r \u00e1 landi.<br \/>\nNielsen vann til silfurver\u00f0launa b\u00e6\u00f0i me\u00f0 FCK \u00ed Danm\u00f6rku og Drott \u00ed Sv\u00ed\u00fej\u00f3\u00f0, hann var\u00f0 heimsmeistari me\u00f0 U21-\u00e1rs li\u00f0i Dana eins og \u00e1\u00f0ur segir og var\u00f0 fj\u00f3rum sinnum danskur drengjameistari \u00ed handbolta. \u00de\u00e1 \u00e1 hann \u00e1 afrekaskr\u00e1nni danska meistartign \u00ed tennis \u00ed drengjaflokki.<\/p>","protected":false},"excerpt":{"rendered":"<p>Handknattleiksdeild FRAM hefur sami\u00f0 vi\u00f0 danska markv\u00f6r\u00f0inn Stephen Nielsen til tveggja \u00e1ra. \u00a0Nielsen, sem er 28 \u00e1ra a\u00f0 aldri, hefur leiki\u00f0 \u00ed Danm\u00f6rku, Sv\u00ed\u00fej\u00f3\u00f0 og \u00de\u00fdskalandi og var\u00f0 heimsmeistari me\u00f0 [&hellip;]<\/p>","protected":false},"author":3,"featured_media":3525,"comment_status":"open","ping_status":"open","sticky":false,"template":"","format":"standard","meta":{"_monsterinsights_skip_tracking":false,"_monsterinsights_sitenote_active":false,"_monsterinsights_sitenote_note":"","_monsterinsights_sitenote_category":0,"_jetpack_memberships_contains_paid_content":false,"footnotes":""},"categories":[6,19],"tags":[],"class_list":["post-3523","post","type-post","status-publish","format-standard","has-post-thumbnail","hentry","category-handbolti","category-mfl-karla"],"jetpack_sharing_enabled":true,"jetpack_featured_media_url":"https:\/\/fram.is\/wp-content\/uploads\/2013\/06\/Stephen-Nielsen2-scaled.jpg","_links":{"self":[{"href":"https:\/\/fram.is\/is\/wp-json\/wp\/v2\/posts\/3523","targetHints":{"allow":["GET"]}}],"collection":[{"href":"https:\/\/fram.is\/is\/wp-json\/wp\/v2\/posts"}],"about":[{"href":"https:\/\/fram.is\/is\/wp-json\/wp\/v2\/types\/post"}],"author":[{"embeddable":true,"href":"https:\/\/fram.is\/is\/wp-json\/wp\/v2\/users\/3"}],"replies":[{"embeddable":true,"href":"https:\/\/fram.is\/is\/wp-json\/wp\/v2\/comments?post=3523"}],"version-history":[{"count":0,"href":"https:\/\/fram.is\/is\/wp-json\/wp\/v2\/posts\/3523\/revisions"}],"wp:featuredmedia":[{"embeddable":true,"href":"https:\/\/fram.is\/is\/wp-json\/wp\/v2\/media\/3525"}],"wp:attachment":[{"href":"https:\/\/fram.is\/is\/wp-json\/wp\/v2\/media?parent=3523"}],"wp:term":[{"taxonomy":"category","embeddable":true,"href":"https:\/\/fram.is\/is\/wp-json\/wp\/v2\/categories?post=3523"},{"taxonomy":"post_tag","embeddable":true,"href":"https:\/\/fram.is\/is\/wp-json\/wp\/v2\/tags?post=3523"}],"curies":[{"name":"wp","href":"https:\/\/api.w.org\/{rel}","templated":true}]}}