{"id":35243,"date":"2023-07-28T20:50:19","date_gmt":"2023-07-28T20:50:19","guid":{"rendered":"https:\/\/fram.is\/?p=35243"},"modified":"2023-07-28T20:52:55","modified_gmt":"2023-07-28T20:52:55","slug":"ion-perello-machi-til-lids-vid-fram","status":"publish","type":"post","link":"https:\/\/fram.is\/is\/2023\/07\/28\/ion-perello-machi-til-lids-vid-fram\/","title":{"rendered":"Ion Perello Mach\u00ed til li\u00f0s vi\u00f0 Fram"},"content":{"rendered":"<div data-elementor-type=\"wp-post\" data-elementor-id=\"35243\" class=\"elementor elementor-35243\" data-elementor-post-type=\"post\">\n\t\t\t\t<section class=\"elementor-section elementor-top-section elementor-element elementor-element-31e80dab elementor-section-boxed elementor-section-height-default elementor-section-height-default\" data-id=\"31e80dab\" data-element_type=\"section\">\n\t\t\t\t\t\t<div class=\"elementor-container elementor-column-gap-default\">\n\t\t\t\t\t<div class=\"elementor-column elementor-col-100 elementor-top-column elementor-element elementor-element-5b841204\" data-id=\"5b841204\" data-element_type=\"column\">\n\t\t\t<div class=\"elementor-widget-wrap elementor-element-populated\">\n\t\t\t\t\t\t<div class=\"elementor-element elementor-element-369de89e elementor-widget elementor-widget-text-editor\" data-id=\"369de89e\" data-element_type=\"widget\" data-widget_type=\"text-editor.default\">\n\t\t\t\t<div class=\"elementor-widget-container\"><p><img fetchpriority=\"high\" decoding=\"async\" class=\"size-medium wp-image-35246 alignright\" src=\"https:\/\/fram.is\/wp-content\/uploads\/2023\/07\/BestadeildinSamningurPortrait-Ion-240x300.png\" alt=\"\" width=\"240\" height=\"300\" \/>\u00dea\u00f0 gle\u00f0ur okkur a\u00f0 tilkynna \u00fea\u00f0 a\u00f0 Ion Perello Mach\u00ed er genginn til li\u00f0s vi\u00f0 Fram fr\u00e1 \u00de\u00f3r Akureyri.<br \/>Ion er kl\u00f3kur leikma\u00f0ur sem getur spila\u00f0 \u00e1 \u00f6llum st\u00f6\u00f0um \u00e1 mi\u00f0junni, og getum vi\u00f0 ekki be\u00f0i\u00f0 eftir \u00fev\u00ed a\u00f0 sj\u00e1 hann spreyta sig \u00ed fallegu bl\u00e1u treyjunni!<br \/><br \/>Ion er uppalinn \u00ed hinni heimsfr\u00e6gu akadem\u00edu La Masia hj\u00e1 Barcelona og er hann \u00cdslandi vel kunnugur eftir a\u00f0 hafa spila\u00f0 me\u00f0 Hetti \u00e1 Egilst\u00f6\u00f0um \u00e1\u00f0ur en hann f\u00f3r yfir \u00ed \u00de\u00f3r. N\u00fa er hann kominn \u00ed deild \u00feeirra bestu og mun leggja sig allan FRAM \u00ed \u00feeirri bar\u00e1ttu sem er handan vi\u00f0 horni\u00f0.<\/p><p><br \/>Bj\u00f3\u00f0um Ion hjartanlega velkominn \u00ed dalinn! \u26aa\ud83d\udd35\u26bd<\/p><\/div>\n\t\t\t\t<\/div>\n\t\t\t\t\t<\/div>\n\t\t<\/div>\n\t\t\t\t\t<\/div>\n\t\t<\/section>\t\t<\/div>","protected":false},"excerpt":{"rendered":"<p>\u00dea\u00f0 gle\u00f0ur okkur a\u00f0 tilkynna \u00fea\u00f0 a\u00f0 Ion Perello Mach\u00ed er genginn til li\u00f0s vi\u00f0 Fram fr\u00e1 \u00de\u00f3r Akureyri.Ion er kl\u00f3kur leikma\u00f0ur sem getur spila\u00f0 \u00e1 \u00f6llum st\u00f6\u00f0um \u00e1 mi\u00f0junni, [&hellip;]<\/p>","protected":false},"author":5,"featured_media":0,"comment_status":"closed","ping_status":"closed","sticky":false,"template":"","format":"standard","meta":{"_monsterinsights_skip_tracking":false,"_monsterinsights_sitenote_active":false,"_monsterinsights_sitenote_note":"","_monsterinsights_sitenote_category":0,"_jetpack_memberships_contains_paid_content":false,"footnotes":""},"categories":[9,11],"tags":[],"class_list":["post-35243","post","type-post","status-publish","format-standard","hentry","category-fotbolti","category-mflkarla"],"jetpack_sharing_enabled":true,"jetpack_featured_media_url":"","_links":{"self":[{"href":"https:\/\/fram.is\/is\/wp-json\/wp\/v2\/posts\/35243","targetHints":{"allow":["GET"]}}],"collection":[{"href":"https:\/\/fram.is\/is\/wp-json\/wp\/v2\/posts"}],"about":[{"href":"https:\/\/fram.is\/is\/wp-json\/wp\/v2\/types\/post"}],"author":[{"embeddable":true,"href":"https:\/\/fram.is\/is\/wp-json\/wp\/v2\/users\/5"}],"replies":[{"embeddable":true,"href":"https:\/\/fram.is\/is\/wp-json\/wp\/v2\/comments?post=35243"}],"version-history":[{"count":4,"href":"https:\/\/fram.is\/is\/wp-json\/wp\/v2\/posts\/35243\/revisions"}],"predecessor-version":[{"id":35249,"href":"https:\/\/fram.is\/is\/wp-json\/wp\/v2\/posts\/35243\/revisions\/35249"}],"wp:attachment":[{"href":"https:\/\/fram.is\/is\/wp-json\/wp\/v2\/media?parent=35243"}],"wp:term":[{"taxonomy":"category","embeddable":true,"href":"https:\/\/fram.is\/is\/wp-json\/wp\/v2\/categories?post=35243"},{"taxonomy":"post_tag","embeddable":true,"href":"https:\/\/fram.is\/is\/wp-json\/wp\/v2\/tags?post=35243"}],"curies":[{"name":"wp","href":"https:\/\/api.w.org\/{rel}","templated":true}]}}