{"id":35250,"date":"2023-07-29T09:38:19","date_gmt":"2023-07-29T09:38:19","guid":{"rendered":"https:\/\/fram.is\/?p=35250"},"modified":"2023-07-29T09:40:08","modified_gmt":"2023-07-29T09:40:08","slug":"karitas-maria-arnardottir-hefur-framlengt-samning-sinn-vid-fram-ut-timabilid-2025","status":"publish","type":"post","link":"https:\/\/fram.is\/is\/2023\/07\/29\/karitas-maria-arnardottir-hefur-framlengt-samning-sinn-vid-fram-ut-timabilid-2025\/","title":{"rendered":"Kar\u00edtas Mar\u00eda Arnard\u00f3ttir hefur framlengt samning sinn vi\u00f0 Fram \u00fat t\u00edmabili\u00f0 2025."},"content":{"rendered":"<div data-elementor-type=\"wp-post\" data-elementor-id=\"35250\" class=\"elementor elementor-35250\" data-elementor-post-type=\"post\">\n\t\t\t\t<section class=\"elementor-section elementor-top-section elementor-element elementor-element-1888f32f elementor-section-boxed elementor-section-height-default elementor-section-height-default\" data-id=\"1888f32f\" data-element_type=\"section\">\n\t\t\t\t\t\t<div class=\"elementor-container elementor-column-gap-default\">\n\t\t\t\t\t<div class=\"elementor-column elementor-col-100 elementor-top-column elementor-element elementor-element-18ddada2\" data-id=\"18ddada2\" data-element_type=\"column\">\n\t\t\t<div class=\"elementor-widget-wrap elementor-element-populated\">\n\t\t\t\t\t\t<div class=\"elementor-element elementor-element-1c34e7c7 elementor-widget elementor-widget-text-editor\" data-id=\"1c34e7c7\" data-element_type=\"widget\" data-widget_type=\"text-editor.default\">\n\t\t\t\t<div class=\"elementor-widget-container\"><p><img fetchpriority=\"high\" decoding=\"async\" class=\"size-medium wp-image-35253 alignright\" src=\"https:\/\/fram.is\/wp-content\/uploads\/2023\/07\/LengjudeildinSamningurPortrait_kari-240x300.png\" alt=\"\" width=\"240\" height=\"300\" \/>Kar\u00ed er eini leikma\u00f0urinn \u00ed n\u00faverandi h\u00f3p sem spila\u00f0 hefur me\u00f0 li\u00f0inu fr\u00e1 \u00fev\u00ed \u00fea\u00f0 var endurl\u00edfga\u00f0 \u00e1ri\u00f0 2020 og hefur fr\u00e1 upphafi veri\u00f0 lykilleikma\u00f0ur. H\u00fan hefur gengi\u00f0 \u00ed gegnum s\u00fart og s\u00e6tt me\u00f0 l\u00ed\u00f0inu\u00a0og vaxi\u00f0 gr\u00ed\u00f0arlega, \u00fear sem h\u00fan b\u00fdr yfir \u00feeim g\u00f3\u00f0a eiginleika a\u00f0 eflast vi\u00f0 hverja \u00e1skorun. <br \/>\u00cd fyrra, \u00feegar li\u00f0i\u00f0 trygg\u00f0i s\u00e9r sigur \u00ed 2.deildinni, spila\u00f0i Kar\u00ed st\u00f3rt hlutverk sem h\u00e6gri bakv\u00f6r\u00f0ur og st\u00f3\u00f0 sig fr\u00e1b\u00e6rlega. \u00deetta t\u00edmabil hefur h\u00fan spila\u00f0 n\u00e1nast alla leiki li\u00f0sins sem mi\u00f0v\u00f6r\u00f0ur og aftur skila\u00f0 s\u00ednu virkilega vel.<\/p><p>Vi\u00f0 f\u00f6gnum \u00fev\u00ed miki\u00f0 a\u00f0 halda Kar\u00ed innan okkar herb\u00fa\u00f0a og hl\u00f6kkum til a\u00f0 sj\u00e1 hana halda \u00e1fram a\u00f0 bl\u00f3mstra sem leikma\u00f0ur Fram.<\/p><\/div>\n\t\t\t\t<\/div>\n\t\t\t\t\t<\/div>\n\t\t<\/div>\n\t\t\t\t\t<\/div>\n\t\t<\/section>\t\t<\/div>","protected":false},"excerpt":{"rendered":"<p>Kar\u00ed er eini leikma\u00f0urinn \u00ed n\u00faverandi h\u00f3p sem spila\u00f0 hefur me\u00f0 li\u00f0inu fr\u00e1 \u00fev\u00ed \u00fea\u00f0 var endurl\u00edfga\u00f0 \u00e1ri\u00f0 2020 og hefur fr\u00e1 upphafi veri\u00f0 lykilleikma\u00f0ur. H\u00fan hefur gengi\u00f0 \u00ed gegnum [&hellip;]<\/p>","protected":false},"author":5,"featured_media":0,"comment_status":"closed","ping_status":"closed","sticky":false,"template":"","format":"standard","meta":{"_monsterinsights_skip_tracking":false,"_monsterinsights_sitenote_active":false,"_monsterinsights_sitenote_note":"","_monsterinsights_sitenote_category":0,"_jetpack_memberships_contains_paid_content":false,"footnotes":""},"categories":[12,9],"tags":[],"class_list":["post-35250","post","type-post","status-publish","format-standard","hentry","category-mflkvenna","category-fotbolti"],"jetpack_sharing_enabled":true,"jetpack_featured_media_url":"","_links":{"self":[{"href":"https:\/\/fram.is\/is\/wp-json\/wp\/v2\/posts\/35250","targetHints":{"allow":["GET"]}}],"collection":[{"href":"https:\/\/fram.is\/is\/wp-json\/wp\/v2\/posts"}],"about":[{"href":"https:\/\/fram.is\/is\/wp-json\/wp\/v2\/types\/post"}],"author":[{"embeddable":true,"href":"https:\/\/fram.is\/is\/wp-json\/wp\/v2\/users\/5"}],"replies":[{"embeddable":true,"href":"https:\/\/fram.is\/is\/wp-json\/wp\/v2\/comments?post=35250"}],"version-history":[{"count":4,"href":"https:\/\/fram.is\/is\/wp-json\/wp\/v2\/posts\/35250\/revisions"}],"predecessor-version":[{"id":35256,"href":"https:\/\/fram.is\/is\/wp-json\/wp\/v2\/posts\/35250\/revisions\/35256"}],"wp:attachment":[{"href":"https:\/\/fram.is\/is\/wp-json\/wp\/v2\/media?parent=35250"}],"wp:term":[{"taxonomy":"category","embeddable":true,"href":"https:\/\/fram.is\/is\/wp-json\/wp\/v2\/categories?post=35250"},{"taxonomy":"post_tag","embeddable":true,"href":"https:\/\/fram.is\/is\/wp-json\/wp\/v2\/tags?post=35250"}],"curies":[{"name":"wp","href":"https:\/\/api.w.org\/{rel}","templated":true}]}}