{"id":35264,"date":"2023-07-31T21:28:23","date_gmt":"2023-07-31T21:28:23","guid":{"rendered":"https:\/\/fram.is\/?p=35264"},"modified":"2023-07-31T21:29:39","modified_gmt":"2023-07-31T21:29:39","slug":"lilja-davidsdottir-scheving-til-lids-vid-fram","status":"publish","type":"post","link":"https:\/\/fram.is\/is\/2023\/07\/31\/lilja-davidsdottir-scheving-til-lids-vid-fram\/","title":{"rendered":"Lilja Dav\u00ed\u00f0sd\u00f3ttir Scheving til li\u00f0s vi\u00f0 FRAM"},"content":{"rendered":"<div data-elementor-type=\"wp-post\" data-elementor-id=\"35264\" class=\"elementor elementor-35264\" data-elementor-post-type=\"post\">\n\t\t\t\t<section class=\"elementor-section elementor-top-section elementor-element elementor-element-77557c4b elementor-section-boxed elementor-section-height-default elementor-section-height-default\" data-id=\"77557c4b\" data-element_type=\"section\">\n\t\t\t\t\t\t<div class=\"elementor-container elementor-column-gap-default\">\n\t\t\t\t\t<div class=\"elementor-column elementor-col-100 elementor-top-column elementor-element elementor-element-29752469\" data-id=\"29752469\" data-element_type=\"column\">\n\t\t\t<div class=\"elementor-widget-wrap elementor-element-populated\">\n\t\t\t\t\t\t<div class=\"elementor-element elementor-element-5f168e65 elementor-widget elementor-widget-text-editor\" data-id=\"5f168e65\" data-element_type=\"widget\" data-widget_type=\"text-editor.default\">\n\t\t\t\t<div class=\"elementor-widget-container\"><p><img fetchpriority=\"high\" decoding=\"async\" class=\"size-medium wp-image-35267 alignright\" src=\"https:\/\/fram.is\/wp-content\/uploads\/2023\/07\/LengjudeildinSamningurPortrait_Lilja-1-240x300.png\" alt=\"\" width=\"240\" height=\"300\" \/>Lilja Dav\u00ed\u00f0sd\u00f3ttir Scheving hefur gengi\u00f0 til li\u00f0s vi\u00f0 meistaraflokk kvenna \u00fat t\u00edmabili\u00f0 a\u00f0 l\u00e1ni fr\u00e1 Gr\u00f3ttu.<\/p><p>Lilja er ungur og virkilega \u00f6flugur mi\u00f0juma\u00f0ur, kraftmikil og me\u00f0 g\u00f3\u00f0an leikskilning. Lilja hefur \u00fe\u00f3nokku\u00f0\u00a0mikla leikreynslu\u00a0\u00fer\u00e1tt fyrir ungan aldur \u00fear sem h\u00fan hefur spila\u00f0 b\u00e6\u00f0i \u00ed Lengjudeildinni og 2.deild kvenna me\u00f0 Gr\u00f3ttu s\u00ed\u00f0ustu tv\u00f6 t\u00edmabil.<\/p><p>Lilja hefur auk \u00feess spila\u00f0 \u00ferj\u00e1 U17 landsleiki og reglulega veri\u00f0 \u00ed landsli\u00f0s\u00fart\u00f6kum \u00ed s\u00ednum aldursh\u00f3p \u00ed gegnum t\u00ed\u00f0ina.<\/p><p><br \/>\u00dea\u00f0 er kl\u00e1rlega mikil styrking fyrir li\u00f0i\u00f0 a\u00f0 f\u00e1 jafn \u00f6flugan leikmann fyrir seinni hluta t\u00edmabils og vi\u00f0 hl\u00f6kkum til a\u00f0 sj\u00e1 Lilju \u00e1 vellinum \u00ed bl\u00e1u<\/p><\/div>\n\t\t\t\t<\/div>\n\t\t\t\t\t<\/div>\n\t\t<\/div>\n\t\t\t\t\t<\/div>\n\t\t<\/section>\t\t<\/div>","protected":false},"excerpt":{"rendered":"<p>Lilja Dav\u00ed\u00f0sd\u00f3ttir Scheving hefur gengi\u00f0 til li\u00f0s vi\u00f0 meistaraflokk kvenna \u00fat t\u00edmabili\u00f0 a\u00f0 l\u00e1ni fr\u00e1 Gr\u00f3ttu. Lilja er ungur og virkilega \u00f6flugur mi\u00f0juma\u00f0ur, kraftmikil og me\u00f0 g\u00f3\u00f0an leikskilning. Lilja hefur [&hellip;]<\/p>","protected":false},"author":5,"featured_media":0,"comment_status":"closed","ping_status":"closed","sticky":false,"template":"","format":"standard","meta":{"_monsterinsights_skip_tracking":false,"_monsterinsights_sitenote_active":false,"_monsterinsights_sitenote_note":"","_monsterinsights_sitenote_category":0,"_jetpack_memberships_contains_paid_content":false,"footnotes":""},"categories":[9,12],"tags":[],"class_list":["post-35264","post","type-post","status-publish","format-standard","hentry","category-fotbolti","category-mflkvenna"],"jetpack_sharing_enabled":true,"jetpack_featured_media_url":"","_links":{"self":[{"href":"https:\/\/fram.is\/is\/wp-json\/wp\/v2\/posts\/35264","targetHints":{"allow":["GET"]}}],"collection":[{"href":"https:\/\/fram.is\/is\/wp-json\/wp\/v2\/posts"}],"about":[{"href":"https:\/\/fram.is\/is\/wp-json\/wp\/v2\/types\/post"}],"author":[{"embeddable":true,"href":"https:\/\/fram.is\/is\/wp-json\/wp\/v2\/users\/5"}],"replies":[{"embeddable":true,"href":"https:\/\/fram.is\/is\/wp-json\/wp\/v2\/comments?post=35264"}],"version-history":[{"count":4,"href":"https:\/\/fram.is\/is\/wp-json\/wp\/v2\/posts\/35264\/revisions"}],"predecessor-version":[{"id":35270,"href":"https:\/\/fram.is\/is\/wp-json\/wp\/v2\/posts\/35264\/revisions\/35270"}],"wp:attachment":[{"href":"https:\/\/fram.is\/is\/wp-json\/wp\/v2\/media?parent=35264"}],"wp:term":[{"taxonomy":"category","embeddable":true,"href":"https:\/\/fram.is\/is\/wp-json\/wp\/v2\/categories?post=35264"},{"taxonomy":"post_tag","embeddable":true,"href":"https:\/\/fram.is\/is\/wp-json\/wp\/v2\/tags?post=35264"}],"curies":[{"name":"wp","href":"https:\/\/api.w.org\/{rel}","templated":true}]}}