{"id":35271,"date":"2023-08-01T20:36:14","date_gmt":"2023-08-01T20:36:14","guid":{"rendered":"https:\/\/fram.is\/?p=35271"},"modified":"2023-08-01T20:37:25","modified_gmt":"2023-08-01T20:37:25","slug":"olina-agusta-valdimarsdottir-er-gengin-til-lids-vid-meistaraflokk-kvenna","status":"publish","type":"post","link":"https:\/\/fram.is\/is\/2023\/08\/01\/olina-agusta-valdimarsdottir-er-gengin-til-lids-vid-meistaraflokk-kvenna\/","title":{"rendered":"\u00d3l\u00edna \u00c1g\u00fasta Valdimarsd\u00f3ttir er gengin til li\u00f0s vi\u00f0 meistaraflokk kvenna"},"content":{"rendered":"<div data-elementor-type=\"wp-post\" data-elementor-id=\"35271\" class=\"elementor elementor-35271\" data-elementor-post-type=\"post\">\n\t\t\t\t<section class=\"elementor-section elementor-top-section elementor-element elementor-element-21da9d4d elementor-section-boxed elementor-section-height-default elementor-section-height-default\" data-id=\"21da9d4d\" data-element_type=\"section\">\n\t\t\t\t\t\t<div class=\"elementor-container elementor-column-gap-default\">\n\t\t\t\t\t<div class=\"elementor-column elementor-col-100 elementor-top-column elementor-element elementor-element-57545e51\" data-id=\"57545e51\" data-element_type=\"column\">\n\t\t\t<div class=\"elementor-widget-wrap elementor-element-populated\">\n\t\t\t\t\t\t<div class=\"elementor-element elementor-element-70bd97db elementor-widget elementor-widget-text-editor\" data-id=\"70bd97db\" data-element_type=\"widget\" data-widget_type=\"text-editor.default\">\n\t\t\t\t<div class=\"elementor-widget-container\"><p><img fetchpriority=\"high\" decoding=\"async\" class=\"size-medium wp-image-35274 alignright\" src=\"https:\/\/fram.is\/wp-content\/uploads\/2023\/08\/LengjudeildinSamningurPortrait_Olina-Agusta-240x300.png\" alt=\"\" width=\"240\" height=\"300\" \/>\u00d3l\u00edna \u00c1g\u00fasta Valdimarsd\u00f3ttir er gengin til li\u00f0s vi\u00f0 meistaraflokk kvenna \u00fat t\u00edmabili\u00f0 a\u00f0 l\u00e1ni fr\u00e1 Stj\u00f6rnunni.<\/p><p>\u00d3l\u00edna er virkilega h\u00e6fileikar\u00edkur s\u00f3knarsinna\u00f0ur mi\u00f0juma\u00f0ur me\u00f0 reynslu \u00far bestu deildinni me\u00f0 b\u00e6\u00f0i KR og Stj\u00f6rnunni \u00fer\u00e1tt fyrir a\u00f0 vera a\u00f0eins 18 \u00e1ra.\u00a0<\/p><p>\u00d3skar Sm\u00e1ri og An\u00edta L\u00edsa, \u00fej\u00e1lfarar meistaraflokks kvenna, eru spennt:<\/p><p>&#8220;Vi\u00f0 erum mj\u00f6g \u00e1n\u00e6g\u00f0 a\u00f0 f\u00e1 \u00d3l\u00ednu \u00c1g\u00fastu til li\u00f0s vi\u00f0 okkur fyrir seinni hluta t\u00edmabils. \u00d3l\u00edna er kl\u00f3kur og \u00fatsj\u00f3narsamur leikma\u00f0ur me\u00f0 afbrag\u00f0s sendingargetu. H\u00fan getur skora\u00f0 og lagt upp og mun hj\u00e1lpa s\u00f3knarleiknum okkar enn frekar \u00fea\u00f0 sem eftir lifir t\u00edmabils. Vi\u00f0 \u00fej\u00e1lfarar viljum a\u00f0 lokum \u00feakka Stj\u00f6rnunni fyrir l\u00e1ni\u00f0&#8221;.<\/p><p>Velkomin \u00d3l\u00edna og megir\u00f0u bl\u00f3mstra sem aldrei fyrr \u00ed \u00dalfars\u00e1rdalnum.<\/p><\/div>\n\t\t\t\t<\/div>\n\t\t\t\t\t<\/div>\n\t\t<\/div>\n\t\t\t\t\t<\/div>\n\t\t<\/section>\t\t<\/div>","protected":false},"excerpt":{"rendered":"<p>\u00d3l\u00edna \u00c1g\u00fasta Valdimarsd\u00f3ttir er gengin til li\u00f0s vi\u00f0 meistaraflokk kvenna \u00fat t\u00edmabili\u00f0 a\u00f0 l\u00e1ni fr\u00e1 Stj\u00f6rnunni. \u00d3l\u00edna er virkilega h\u00e6fileikar\u00edkur s\u00f3knarsinna\u00f0ur mi\u00f0juma\u00f0ur me\u00f0 reynslu \u00far bestu deildinni me\u00f0 b\u00e6\u00f0i KR [&hellip;]<\/p>","protected":false},"author":5,"featured_media":0,"comment_status":"closed","ping_status":"closed","sticky":false,"template":"","format":"standard","meta":{"_monsterinsights_skip_tracking":false,"_monsterinsights_sitenote_active":false,"_monsterinsights_sitenote_note":"","_monsterinsights_sitenote_category":0,"_jetpack_memberships_contains_paid_content":false,"footnotes":""},"categories":[9,12],"tags":[],"class_list":["post-35271","post","type-post","status-publish","format-standard","hentry","category-fotbolti","category-mflkvenna"],"jetpack_sharing_enabled":true,"jetpack_featured_media_url":"","_links":{"self":[{"href":"https:\/\/fram.is\/is\/wp-json\/wp\/v2\/posts\/35271","targetHints":{"allow":["GET"]}}],"collection":[{"href":"https:\/\/fram.is\/is\/wp-json\/wp\/v2\/posts"}],"about":[{"href":"https:\/\/fram.is\/is\/wp-json\/wp\/v2\/types\/post"}],"author":[{"embeddable":true,"href":"https:\/\/fram.is\/is\/wp-json\/wp\/v2\/users\/5"}],"replies":[{"embeddable":true,"href":"https:\/\/fram.is\/is\/wp-json\/wp\/v2\/comments?post=35271"}],"version-history":[{"count":4,"href":"https:\/\/fram.is\/is\/wp-json\/wp\/v2\/posts\/35271\/revisions"}],"predecessor-version":[{"id":35277,"href":"https:\/\/fram.is\/is\/wp-json\/wp\/v2\/posts\/35271\/revisions\/35277"}],"wp:attachment":[{"href":"https:\/\/fram.is\/is\/wp-json\/wp\/v2\/media?parent=35271"}],"wp:term":[{"taxonomy":"category","embeddable":true,"href":"https:\/\/fram.is\/is\/wp-json\/wp\/v2\/categories?post=35271"},{"taxonomy":"post_tag","embeddable":true,"href":"https:\/\/fram.is\/is\/wp-json\/wp\/v2\/tags?post=35271"}],"curies":[{"name":"wp","href":"https:\/\/api.w.org\/{rel}","templated":true}]}}