{"id":36053,"date":"2023-10-08T20:02:50","date_gmt":"2023-10-08T20:02:50","guid":{"rendered":"https:\/\/fram.is\/?p=36053"},"modified":"2023-10-08T20:03:25","modified_gmt":"2023-10-08T20:03:25","slug":"lokahof-knattspyrnudeildar-for-fram-i-gaer-breukelen-og-fred-best","status":"publish","type":"post","link":"https:\/\/fram.is\/is\/2023\/10\/08\/lokahof-knattspyrnudeildar-for-fram-i-gaer-breukelen-og-fred-best\/","title":{"rendered":"Lokah\u00f3f Knattspyrnudeildar f\u00f3r fram \u00ed g\u00e6r, Breukelen og Fred best!"},"content":{"rendered":"<div data-elementor-type=\"wp-post\" data-elementor-id=\"36053\" class=\"elementor elementor-36053\" data-elementor-post-type=\"post\">\n\t\t\t\t<section class=\"elementor-section elementor-top-section elementor-element elementor-element-13bb812b elementor-section-boxed elementor-section-height-default elementor-section-height-default\" data-id=\"13bb812b\" data-element_type=\"section\">\n\t\t\t\t\t\t<div class=\"elementor-container elementor-column-gap-default\">\n\t\t\t\t\t<div class=\"elementor-column elementor-col-100 elementor-top-column elementor-element elementor-element-7cb4af6d\" data-id=\"7cb4af6d\" data-element_type=\"column\">\n\t\t\t<div class=\"elementor-widget-wrap elementor-element-populated\">\n\t\t\t\t\t\t<div class=\"elementor-element elementor-element-1bc8e82d elementor-widget elementor-widget-text-editor\" data-id=\"1bc8e82d\" data-element_type=\"widget\" data-widget_type=\"text-editor.default\">\n\t\t\t\t<div class=\"elementor-widget-container\"><p><img fetchpriority=\"high\" decoding=\"async\" class=\"size-medium wp-image-36057 alignright\" src=\"https:\/\/fram.is\/wp-content\/uploads\/2023\/10\/lokahofMarkahaestur23-Gummi-Magg--240x300.png\" alt=\"\" width=\"240\" height=\"300\" srcset=\"https:\/\/fram.is\/wp-content\/uploads\/2023\/10\/lokahofMarkahaestur23-Gummi-Magg--240x300.png 240w, https:\/\/fram.is\/wp-content\/uploads\/2023\/10\/lokahofMarkahaestur23-Gummi-Magg--819x1024.png 819w, https:\/\/fram.is\/wp-content\/uploads\/2023\/10\/lokahofMarkahaestur23-Gummi-Magg--768x960.png 768w, https:\/\/fram.is\/wp-content\/uploads\/2023\/10\/lokahofMarkahaestur23-Gummi-Magg--10x12.png 10w, https:\/\/fram.is\/wp-content\/uploads\/2023\/10\/lokahofMarkahaestur23-Gummi-Magg--800x1000.png 800w, https:\/\/fram.is\/wp-content\/uploads\/2023\/10\/lokahofMarkahaestur23-Gummi-Magg-.png 1080w\" sizes=\"(max-width: 240px) 100vw, 240px\" \/><img decoding=\"async\" class=\"size-medium wp-image-36056 alignright\" src=\"https:\/\/fram.is\/wp-content\/uploads\/2023\/10\/lokahofMarkahaest23-Breukelen--240x300.png\" alt=\"\" width=\"240\" height=\"300\" srcset=\"https:\/\/fram.is\/wp-content\/uploads\/2023\/10\/lokahofMarkahaest23-Breukelen--240x300.png 240w, https:\/\/fram.is\/wp-content\/uploads\/2023\/10\/lokahofMarkahaest23-Breukelen--819x1024.png 819w, https:\/\/fram.is\/wp-content\/uploads\/2023\/10\/lokahofMarkahaest23-Breukelen--768x960.png 768w, https:\/\/fram.is\/wp-content\/uploads\/2023\/10\/lokahofMarkahaest23-Breukelen--10x12.png 10w, https:\/\/fram.is\/wp-content\/uploads\/2023\/10\/lokahofMarkahaest23-Breukelen--800x1000.png 800w, https:\/\/fram.is\/wp-content\/uploads\/2023\/10\/lokahofMarkahaest23-Breukelen-.png 1080w\" sizes=\"(max-width: 240px) 100vw, 240px\" \/>Lokah\u00f3f knattspyrnudeildar Fram var haldi\u00f0 laugardagskv\u00f6ldi\u00f0 7. okt\u00f3ber \u00ed \u00dalfars\u00e1rdal. \u00dear m\u00e6ttu leikmenn og \u00fej\u00e1lfarar beggja meistaraflokka \u00e1samt stj\u00f3rn knattspyrnudeildar og sj\u00e1lfbo\u00f0ali\u00f0um og ger\u00f0u s\u00e9r gla\u00f0an dag.<\/p><p>Veitt voru ver\u00f0laun fyrir bestu leikmenn t\u00edmabilsins, efnilegustu og markah\u00e6stu.<\/p><p>Karlamegin var Gu\u00f0mundur Magn\u00fasson markah\u00e6stur \u00e1 t\u00edmabilinu me\u00f0 9 m\u00f6rk.<\/p><p>Fred Saraiva var valinn bestur og Breki Baldursson efnilegastur.<\/p><p><img decoding=\"async\" class=\"size-medium wp-image-36058 alignright\" src=\"https:\/\/fram.is\/wp-content\/uploads\/2023\/10\/lokahofefnilegastur23-Breki--240x300.png\" alt=\"\" width=\"240\" height=\"300\" srcset=\"https:\/\/fram.is\/wp-content\/uploads\/2023\/10\/lokahofefnilegastur23-Breki--240x300.png 240w, https:\/\/fram.is\/wp-content\/uploads\/2023\/10\/lokahofefnilegastur23-Breki--819x1024.png 819w, https:\/\/fram.is\/wp-content\/uploads\/2023\/10\/lokahofefnilegastur23-Breki--768x960.png 768w, https:\/\/fram.is\/wp-content\/uploads\/2023\/10\/lokahofefnilegastur23-Breki--10x12.png 10w, https:\/\/fram.is\/wp-content\/uploads\/2023\/10\/lokahofefnilegastur23-Breki--800x1000.png 800w, https:\/\/fram.is\/wp-content\/uploads\/2023\/10\/lokahofefnilegastur23-Breki-.png 1080w\" sizes=\"(max-width: 240px) 100vw, 240px\" \/><img loading=\"lazy\" decoding=\"async\" class=\"size-medium wp-image-36059 alignright\" src=\"https:\/\/fram.is\/wp-content\/uploads\/2023\/10\/lokahofefnilegust23-1Johanna-M-240x300.png\" alt=\"\" width=\"240\" height=\"300\" srcset=\"https:\/\/fram.is\/wp-content\/uploads\/2023\/10\/lokahofefnilegust23-1Johanna-M-240x300.png 240w, https:\/\/fram.is\/wp-content\/uploads\/2023\/10\/lokahofefnilegust23-1Johanna-M-819x1024.png 819w, https:\/\/fram.is\/wp-content\/uploads\/2023\/10\/lokahofefnilegust23-1Johanna-M-768x960.png 768w, https:\/\/fram.is\/wp-content\/uploads\/2023\/10\/lokahofefnilegust23-1Johanna-M-10x12.png 10w, https:\/\/fram.is\/wp-content\/uploads\/2023\/10\/lokahofefnilegust23-1Johanna-M-800x1000.png 800w, https:\/\/fram.is\/wp-content\/uploads\/2023\/10\/lokahofefnilegust23-1Johanna-M.png 1080w\" sizes=\"(max-width: 240px) 100vw, 240px\" \/>Kvennamegin var Breukelen Woodard markah\u00e6st me\u00f0 11 m\u00f6rk. H\u00fan var jafnframt valin besti leikma\u00f0ur t\u00edmabilsins og J\u00f3hanna Melkorka \u00de\u00f3rsd\u00f3ttir \u00fe\u00f3tti efnilegust.<\/p><p>Vi\u00f0 \u00f3skum ver\u00f0launah\u00f6funum innilega til hamingju og \u00fe\u00f6kkum leikm\u00f6nnum, starfsf\u00f3lki, andst\u00e6\u00f0ingum, stu\u00f0ningsm\u00f6nnum og sj\u00e1lfbo\u00f0ali\u00f0um f\u00e9lagsins fyrir t\u00edmabili\u00f0. F\u00f3tbolti er l\u00edfi\u00f0.<\/p><p>\u00c1fram FRAM!<br \/><img loading=\"lazy\" decoding=\"async\" class=\"size-medium wp-image-36061 alignright\" src=\"https:\/\/fram.is\/wp-content\/uploads\/2023\/10\/lokahofBest23-1-Breukelen-240x300.png\" alt=\"\" width=\"240\" height=\"300\" srcset=\"https:\/\/fram.is\/wp-content\/uploads\/2023\/10\/lokahofBest23-1-Breukelen-240x300.png 240w, https:\/\/fram.is\/wp-content\/uploads\/2023\/10\/lokahofBest23-1-Breukelen-819x1024.png 819w, https:\/\/fram.is\/wp-content\/uploads\/2023\/10\/lokahofBest23-1-Breukelen-768x960.png 768w, https:\/\/fram.is\/wp-content\/uploads\/2023\/10\/lokahofBest23-1-Breukelen-10x12.png 10w, https:\/\/fram.is\/wp-content\/uploads\/2023\/10\/lokahofBest23-1-Breukelen-800x1000.png 800w, https:\/\/fram.is\/wp-content\/uploads\/2023\/10\/lokahofBest23-1-Breukelen.png 1080w\" sizes=\"(max-width: 240px) 100vw, 240px\" \/><br \/><img loading=\"lazy\" decoding=\"async\" class=\"size-medium wp-image-36060 alignright\" src=\"https:\/\/fram.is\/wp-content\/uploads\/2023\/10\/lokahofBestur23-Fred--240x300.png\" alt=\"\" width=\"240\" height=\"300\" srcset=\"https:\/\/fram.is\/wp-content\/uploads\/2023\/10\/lokahofBestur23-Fred--240x300.png 240w, https:\/\/fram.is\/wp-content\/uploads\/2023\/10\/lokahofBestur23-Fred--819x1024.png 819w, https:\/\/fram.is\/wp-content\/uploads\/2023\/10\/lokahofBestur23-Fred--768x960.png 768w, https:\/\/fram.is\/wp-content\/uploads\/2023\/10\/lokahofBestur23-Fred--10x12.png 10w, https:\/\/fram.is\/wp-content\/uploads\/2023\/10\/lokahofBestur23-Fred--800x1000.png 800w, https:\/\/fram.is\/wp-content\/uploads\/2023\/10\/lokahofBestur23-Fred-.png 1080w\" sizes=\"(max-width: 240px) 100vw, 240px\" \/><\/p><\/div>\n\t\t\t\t<\/div>\n\t\t\t\t\t<\/div>\n\t\t<\/div>\n\t\t\t\t\t<\/div>\n\t\t<\/section>\t\t<\/div>","protected":false},"excerpt":{"rendered":"<p>Lokah\u00f3f knattspyrnudeildar Fram var haldi\u00f0 laugardagskv\u00f6ldi\u00f0 7. okt\u00f3ber \u00ed \u00dalfars\u00e1rdal. \u00dear m\u00e6ttu leikmenn og \u00fej\u00e1lfarar beggja meistaraflokka \u00e1samt stj\u00f3rn knattspyrnudeildar og sj\u00e1lfbo\u00f0ali\u00f0um og ger\u00f0u s\u00e9r gla\u00f0an dag. Veitt voru ver\u00f0laun [&hellip;]<\/p>","protected":false},"author":5,"featured_media":36054,"comment_status":"closed","ping_status":"closed","sticky":false,"template":"","format":"standard","meta":{"_monsterinsights_skip_tracking":false,"_monsterinsights_sitenote_active":false,"_monsterinsights_sitenote_note":"","_monsterinsights_sitenote_category":0,"_jetpack_memberships_contains_paid_content":false,"footnotes":""},"categories":[9,11,12],"tags":[],"class_list":["post-36053","post","type-post","status-publish","format-standard","has-post-thumbnail","hentry","category-fotbolti","category-mflkarla","category-mflkvenna"],"jetpack_sharing_enabled":true,"jetpack_featured_media_url":"https:\/\/fram.is\/wp-content\/uploads\/2023\/10\/lokahofbanner-2023.png","_links":{"self":[{"href":"https:\/\/fram.is\/is\/wp-json\/wp\/v2\/posts\/36053","targetHints":{"allow":["GET"]}}],"collection":[{"href":"https:\/\/fram.is\/is\/wp-json\/wp\/v2\/posts"}],"about":[{"href":"https:\/\/fram.is\/is\/wp-json\/wp\/v2\/types\/post"}],"author":[{"embeddable":true,"href":"https:\/\/fram.is\/is\/wp-json\/wp\/v2\/users\/5"}],"replies":[{"embeddable":true,"href":"https:\/\/fram.is\/is\/wp-json\/wp\/v2\/comments?post=36053"}],"version-history":[{"count":5,"href":"https:\/\/fram.is\/is\/wp-json\/wp\/v2\/posts\/36053\/revisions"}],"predecessor-version":[{"id":41505,"href":"https:\/\/fram.is\/is\/wp-json\/wp\/v2\/posts\/36053\/revisions\/41505"}],"wp:featuredmedia":[{"embeddable":true,"href":"https:\/\/fram.is\/is\/wp-json\/wp\/v2\/media\/36054"}],"wp:attachment":[{"href":"https:\/\/fram.is\/is\/wp-json\/wp\/v2\/media?parent=36053"}],"wp:term":[{"taxonomy":"category","embeddable":true,"href":"https:\/\/fram.is\/is\/wp-json\/wp\/v2\/categories?post=36053"},{"taxonomy":"post_tag","embeddable":true,"href":"https:\/\/fram.is\/is\/wp-json\/wp\/v2\/tags?post=36053"}],"curies":[{"name":"wp","href":"https:\/\/api.w.org\/{rel}","templated":true}]}}