{"id":36074,"date":"2023-10-09T11:39:24","date_gmt":"2023-10-09T11:39:24","guid":{"rendered":"https:\/\/fram.is\/?p=36074"},"modified":"2023-10-09T11:40:30","modified_gmt":"2023-10-09T11:40:30","slug":"oskar-smari-haraldsson-hefur-framlengt-samning-sinn-sem-thjalfari-meistaraflokks-kvenna-til-2026","status":"publish","type":"post","link":"https:\/\/fram.is\/is\/2023\/10\/09\/oskar-smari-haraldsson-hefur-framlengt-samning-sinn-sem-thjalfari-meistaraflokks-kvenna-til-2026\/","title":{"rendered":"\u00d3skar Sm\u00e1ri Haraldsson hefur framlengt samning sinn sem \u00fej\u00e1lfari meistaraflokks kvenna til 2026."},"content":{"rendered":"<div data-elementor-type=\"wp-post\" data-elementor-id=\"36074\" class=\"elementor elementor-36074\" data-elementor-post-type=\"post\">\n\t\t\t\t<section class=\"elementor-section elementor-top-section elementor-element elementor-element-6d0b257d elementor-section-boxed elementor-section-height-default elementor-section-height-default\" data-id=\"6d0b257d\" data-element_type=\"section\">\n\t\t\t\t\t\t<div class=\"elementor-container elementor-column-gap-default\">\n\t\t\t\t\t<div class=\"elementor-column elementor-col-100 elementor-top-column elementor-element elementor-element-473a88c5\" data-id=\"473a88c5\" data-element_type=\"column\">\n\t\t\t<div class=\"elementor-widget-wrap elementor-element-populated\">\n\t\t\t\t\t\t<div class=\"elementor-element elementor-element-6d207e75 elementor-widget elementor-widget-text-editor\" data-id=\"6d207e75\" data-element_type=\"widget\" data-widget_type=\"text-editor.default\">\n\t\t\t\t<div class=\"elementor-widget-container\"><p><img fetchpriority=\"high\" decoding=\"async\" class=\"size-medium wp-image-36075 alignright\" src=\"https:\/\/fram.is\/wp-content\/uploads\/2023\/10\/Samningur_Oskar-Smari-240x300.png\" alt=\"\" width=\"240\" height=\"300\" srcset=\"https:\/\/fram.is\/wp-content\/uploads\/2023\/10\/Samningur_Oskar-Smari-240x300.png 240w, https:\/\/fram.is\/wp-content\/uploads\/2023\/10\/Samningur_Oskar-Smari-819x1024.png 819w, https:\/\/fram.is\/wp-content\/uploads\/2023\/10\/Samningur_Oskar-Smari-768x960.png 768w, https:\/\/fram.is\/wp-content\/uploads\/2023\/10\/Samningur_Oskar-Smari-10x12.png 10w, https:\/\/fram.is\/wp-content\/uploads\/2023\/10\/Samningur_Oskar-Smari-800x1000.png 800w, https:\/\/fram.is\/wp-content\/uploads\/2023\/10\/Samningur_Oskar-Smari.png 960w\" sizes=\"(max-width: 240px) 100vw, 240px\" \/>\u00d3skar Sm\u00e1ri hefur st\u00fdrt li\u00f0inu undanfarin tv\u00f6 \u00e1r \u00e1samt An\u00edtu L\u00edsu Svansd\u00f3ttur. Undir \u00feeirra stj\u00f3rn sigra\u00f0i li\u00f0i\u00f0 2. deild kvenna \u00ed fyrra og n\u00e1\u00f0i 7. s\u00e6ti \u00ed Lengjudeild kvenna \u00feetta t\u00edmabili\u00f0. <br \/>An\u00edta hverfur n\u00fa \u00e1 braut og \u00d3skar Sm\u00e1ri ver\u00f0ur \u00fev\u00ed einn a\u00f0al\u00fej\u00e1lfari li\u00f0sins n\u00e6stu t\u00edmabil. <br \/>Vi\u00f0 \u00fe\u00f6kkum An\u00edtu k\u00e6rlega fyrir samstarfi\u00f0 og \u00f3skum henni g\u00f3\u00f0s gengis.<\/p><p>Vi\u00f0 f\u00f6gnum \u00fev\u00ed mj\u00f6g a\u00f0 halda \u00d3skari Sm\u00e1ra og hl\u00f6kkum miki\u00f0 til a\u00f0 halda \u00e1fram a\u00f0 byggja upp kvennaknattspyrnuna \u00ed Fram me\u00f0 hann \u00ed fararbroddi. <br \/>Veri\u00f0 er a\u00f0 leggja lokah\u00f6nd \u00e1 teymi\u00f0 sem \u00d3skar mun hafa me\u00f0 s\u00e9r \u00e1 n\u00e6sta t\u00edmabili og vonumst vi\u00f0 til a\u00f0 geta tilkynnt \u00fea\u00f0 \u00e1 n\u00e6stu d\u00f6gum.<br \/><br \/>\u00c1fram FRAM!<br \/><img decoding=\"async\" class=\"alignnone size-large wp-image-36075\" src=\"https:\/\/fram.is\/wp-content\/uploads\/2023\/10\/Samningur_Oskar-Smari-819x1024.png\" alt=\"\" width=\"800\" height=\"1000\" srcset=\"https:\/\/fram.is\/wp-content\/uploads\/2023\/10\/Samningur_Oskar-Smari-819x1024.png 819w, https:\/\/fram.is\/wp-content\/uploads\/2023\/10\/Samningur_Oskar-Smari-240x300.png 240w, https:\/\/fram.is\/wp-content\/uploads\/2023\/10\/Samningur_Oskar-Smari-768x960.png 768w, https:\/\/fram.is\/wp-content\/uploads\/2023\/10\/Samningur_Oskar-Smari-10x12.png 10w, https:\/\/fram.is\/wp-content\/uploads\/2023\/10\/Samningur_Oskar-Smari-800x1000.png 800w, https:\/\/fram.is\/wp-content\/uploads\/2023\/10\/Samningur_Oskar-Smari.png 960w\" sizes=\"(max-width: 800px) 100vw, 800px\" \/><\/p><\/div>\n\t\t\t\t<\/div>\n\t\t\t\t\t<\/div>\n\t\t<\/div>\n\t\t\t\t\t<\/div>\n\t\t<\/section>\t\t<\/div>","protected":false},"excerpt":{"rendered":"<p>\u00d3skar Sm\u00e1ri hefur st\u00fdrt li\u00f0inu undanfarin tv\u00f6 \u00e1r \u00e1samt An\u00edtu L\u00edsu Svansd\u00f3ttur. Undir \u00feeirra stj\u00f3rn sigra\u00f0i li\u00f0i\u00f0 2. deild kvenna \u00ed fyrra og n\u00e1\u00f0i 7. s\u00e6ti \u00ed Lengjudeild kvenna \u00feetta [&hellip;]<\/p>","protected":false},"author":5,"featured_media":36076,"comment_status":"closed","ping_status":"closed","sticky":false,"template":"","format":"standard","meta":{"_monsterinsights_skip_tracking":false,"_monsterinsights_sitenote_active":false,"_monsterinsights_sitenote_note":"","_monsterinsights_sitenote_category":0,"_jetpack_memberships_contains_paid_content":false,"footnotes":""},"categories":[9,12],"tags":[],"class_list":["post-36074","post","type-post","status-publish","format-standard","has-post-thumbnail","hentry","category-fotbolti","category-mflkvenna"],"jetpack_sharing_enabled":true,"jetpack_featured_media_url":"https:\/\/fram.is\/wp-content\/uploads\/2023\/10\/BestadeildinSamningurBanner_Oskar-Smari-.png","_links":{"self":[{"href":"https:\/\/fram.is\/is\/wp-json\/wp\/v2\/posts\/36074","targetHints":{"allow":["GET"]}}],"collection":[{"href":"https:\/\/fram.is\/is\/wp-json\/wp\/v2\/posts"}],"about":[{"href":"https:\/\/fram.is\/is\/wp-json\/wp\/v2\/types\/post"}],"author":[{"embeddable":true,"href":"https:\/\/fram.is\/is\/wp-json\/wp\/v2\/users\/5"}],"replies":[{"embeddable":true,"href":"https:\/\/fram.is\/is\/wp-json\/wp\/v2\/comments?post=36074"}],"version-history":[{"count":4,"href":"https:\/\/fram.is\/is\/wp-json\/wp\/v2\/posts\/36074\/revisions"}],"predecessor-version":[{"id":36080,"href":"https:\/\/fram.is\/is\/wp-json\/wp\/v2\/posts\/36074\/revisions\/36080"}],"wp:featuredmedia":[{"embeddable":true,"href":"https:\/\/fram.is\/is\/wp-json\/wp\/v2\/media\/36076"}],"wp:attachment":[{"href":"https:\/\/fram.is\/is\/wp-json\/wp\/v2\/media?parent=36074"}],"wp:term":[{"taxonomy":"category","embeddable":true,"href":"https:\/\/fram.is\/is\/wp-json\/wp\/v2\/categories?post=36074"},{"taxonomy":"post_tag","embeddable":true,"href":"https:\/\/fram.is\/is\/wp-json\/wp\/v2\/tags?post=36074"}],"curies":[{"name":"wp","href":"https:\/\/api.w.org\/{rel}","templated":true}]}}