{"id":36339,"date":"2023-10-31T08:01:41","date_gmt":"2023-10-31T08:01:41","guid":{"rendered":"https:\/\/fram.is\/?p=36339"},"modified":"2023-10-31T08:03:14","modified_gmt":"2023-10-31T08:03:14","slug":"olina-sif-hilmarsdottir-hefur-framlengt-samning-sinn-vid-fram-til-2025","status":"publish","type":"post","link":"https:\/\/fram.is\/is\/2023\/10\/31\/olina-sif-hilmarsdottir-hefur-framlengt-samning-sinn-vid-fram-til-2025\/","title":{"rendered":"\u00d3l\u00edna Sif Hilmarsd\u00f3ttir hefur framlengt samning sinn vi\u00f0 Fram til 2025."},"content":{"rendered":"<div data-elementor-type=\"wp-post\" data-elementor-id=\"36339\" class=\"elementor elementor-36339\" data-elementor-post-type=\"post\">\n\t\t\t\t<section class=\"elementor-section elementor-top-section elementor-element elementor-element-340ce308 elementor-section-boxed elementor-section-height-default elementor-section-height-default\" data-id=\"340ce308\" data-element_type=\"section\">\n\t\t\t\t\t\t<div class=\"elementor-container elementor-column-gap-default\">\n\t\t\t\t\t<div class=\"elementor-column elementor-col-100 elementor-top-column elementor-element elementor-element-54688b4e\" data-id=\"54688b4e\" data-element_type=\"column\">\n\t\t\t<div class=\"elementor-widget-wrap elementor-element-populated\">\n\t\t\t\t\t\t<div class=\"elementor-element elementor-element-4516d52c elementor-widget elementor-widget-text-editor\" data-id=\"4516d52c\" data-element_type=\"widget\" data-widget_type=\"text-editor.default\">\n\t\t\t\t<div class=\"elementor-widget-container\"><p><img fetchpriority=\"high\" decoding=\"async\" class=\"size-medium wp-image-36342 alignright\" src=\"https:\/\/fram.is\/wp-content\/uploads\/2023\/10\/Samningur_Olina-Sif--240x300.png\" alt=\"\" width=\"240\" height=\"300\" srcset=\"https:\/\/fram.is\/wp-content\/uploads\/2023\/10\/Samningur_Olina-Sif--240x300.png 240w, https:\/\/fram.is\/wp-content\/uploads\/2023\/10\/Samningur_Olina-Sif--819x1024.png 819w, https:\/\/fram.is\/wp-content\/uploads\/2023\/10\/Samningur_Olina-Sif--768x960.png 768w, https:\/\/fram.is\/wp-content\/uploads\/2023\/10\/Samningur_Olina-Sif--10x12.png 10w, https:\/\/fram.is\/wp-content\/uploads\/2023\/10\/Samningur_Olina-Sif--800x1000.png 800w, https:\/\/fram.is\/wp-content\/uploads\/2023\/10\/Samningur_Olina-Sif-.png 1080w\" sizes=\"(max-width: 240px) 100vw, 240px\" \/>\u00d3l\u00edna er uppalinn Framari, \u00fe\u00f3 h\u00fan hafi a\u00f0eins villst yfir \u00ed Fj\u00f6lni um t\u00edma, og gekk aftur til li\u00f0s vi\u00f0 f\u00e9lagi\u00f0 fyrir t\u00edmabili\u00f0 2022. H\u00fan gengdi st\u00f3ru hlutverki \u00feegar li\u00f0i\u00f0 vann 2. deildina og h\u00e9lt \u00fev\u00ed \u00e1fram \u00feegar \u00ed Lengjudeildina var komi\u00f0. Setti nokkur gl\u00e6sileg m\u00f6rk og \u00e1tti heilt yfir fr\u00e1b\u00e6rt t\u00edmabil.<\/p><p>\u00dea\u00f0 er miki\u00f0 gle\u00f0iefni a\u00f0 uppalinn Framari s\u00e9 a\u00f0 bl\u00f3mstra hj\u00e1 li\u00f0inu. Vi\u00f0 f\u00f6gnum \u00fev\u00ed miki\u00f0 a\u00f0 halda \u00d3l\u00ednu \u00e1fram, a\u00f0 l\u00e1gmarki n\u00e6stu 2 \u00e1rin, og hl\u00f6kkum til a\u00f0 fylgjast \u00e1fram me\u00f0 \u00feessu litr\u00edka \u00f3l\u00edkindat\u00f3li.<\/p><p>Knattspyrnudeild Fram<br \/><img decoding=\"async\" class=\"alignnone size-large wp-image-36342\" src=\"https:\/\/fram.is\/wp-content\/uploads\/2023\/10\/Samningur_Olina-Sif--819x1024.png\" alt=\"\" width=\"800\" height=\"1000\" srcset=\"https:\/\/fram.is\/wp-content\/uploads\/2023\/10\/Samningur_Olina-Sif--819x1024.png 819w, https:\/\/fram.is\/wp-content\/uploads\/2023\/10\/Samningur_Olina-Sif--240x300.png 240w, https:\/\/fram.is\/wp-content\/uploads\/2023\/10\/Samningur_Olina-Sif--768x960.png 768w, https:\/\/fram.is\/wp-content\/uploads\/2023\/10\/Samningur_Olina-Sif--10x12.png 10w, https:\/\/fram.is\/wp-content\/uploads\/2023\/10\/Samningur_Olina-Sif--800x1000.png 800w, https:\/\/fram.is\/wp-content\/uploads\/2023\/10\/Samningur_Olina-Sif-.png 1080w\" sizes=\"(max-width: 800px) 100vw, 800px\" \/><\/p><\/div>\n\t\t\t\t<\/div>\n\t\t\t\t\t<\/div>\n\t\t<\/div>\n\t\t\t\t\t<\/div>\n\t\t<\/section>\t\t<\/div>","protected":false},"excerpt":{"rendered":"<p>\u00d3l\u00edna er uppalinn Framari, \u00fe\u00f3 h\u00fan hafi a\u00f0eins villst yfir \u00ed Fj\u00f6lni um t\u00edma, og gekk aftur til li\u00f0s vi\u00f0 f\u00e9lagi\u00f0 fyrir t\u00edmabili\u00f0 2022. H\u00fan gengdi st\u00f3ru hlutverki \u00feegar li\u00f0i\u00f0 [&hellip;]<\/p>","protected":false},"author":5,"featured_media":36340,"comment_status":"closed","ping_status":"closed","sticky":false,"template":"","format":"standard","meta":{"_monsterinsights_skip_tracking":false,"_monsterinsights_sitenote_active":false,"_monsterinsights_sitenote_note":"","_monsterinsights_sitenote_category":0,"_jetpack_memberships_contains_paid_content":false,"footnotes":""},"categories":[9,12],"tags":[],"class_list":["post-36339","post","type-post","status-publish","format-standard","has-post-thumbnail","hentry","category-fotbolti","category-mflkvenna"],"jetpack_sharing_enabled":true,"jetpack_featured_media_url":"https:\/\/fram.is\/wp-content\/uploads\/2023\/10\/BestadeildinSamningurBanner_Olina-Sif.png","_links":{"self":[{"href":"https:\/\/fram.is\/is\/wp-json\/wp\/v2\/posts\/36339","targetHints":{"allow":["GET"]}}],"collection":[{"href":"https:\/\/fram.is\/is\/wp-json\/wp\/v2\/posts"}],"about":[{"href":"https:\/\/fram.is\/is\/wp-json\/wp\/v2\/types\/post"}],"author":[{"embeddable":true,"href":"https:\/\/fram.is\/is\/wp-json\/wp\/v2\/users\/5"}],"replies":[{"embeddable":true,"href":"https:\/\/fram.is\/is\/wp-json\/wp\/v2\/comments?post=36339"}],"version-history":[{"count":4,"href":"https:\/\/fram.is\/is\/wp-json\/wp\/v2\/posts\/36339\/revisions"}],"predecessor-version":[{"id":36345,"href":"https:\/\/fram.is\/is\/wp-json\/wp\/v2\/posts\/36339\/revisions\/36345"}],"wp:featuredmedia":[{"embeddable":true,"href":"https:\/\/fram.is\/is\/wp-json\/wp\/v2\/media\/36340"}],"wp:attachment":[{"href":"https:\/\/fram.is\/is\/wp-json\/wp\/v2\/media?parent=36339"}],"wp:term":[{"taxonomy":"category","embeddable":true,"href":"https:\/\/fram.is\/is\/wp-json\/wp\/v2\/categories?post=36339"},{"taxonomy":"post_tag","embeddable":true,"href":"https:\/\/fram.is\/is\/wp-json\/wp\/v2\/tags?post=36339"}],"curies":[{"name":"wp","href":"https:\/\/api.w.org\/{rel}","templated":true}]}}