{"id":3640,"date":"2013-06-21T13:35:37","date_gmt":"2013-06-21T13:35:37","guid":{"rendered":"http:\/\/fram.is\/?p=3640"},"modified":"2013-06-21T13:35:37","modified_gmt":"2013-06-21T13:35:37","slug":"fram-heimsaekir-grottu-i-borgunarbikarnum","status":"publish","type":"post","link":"https:\/\/fram.is\/is\/2013\/06\/21\/fram-heimsaekir-grottu-i-borgunarbikarnum\/","title":{"rendered":"FRAM heims\u00e6kir Gr\u00f3ttu \u00ed Borgunarbikarnum"},"content":{"rendered":"<figure id=\"attachment_3642\" aria-describedby=\"caption-attachment-3642\" style=\"width: 300px\" class=\"wp-caption alignright\"><a href=\"http:\/\/fram.is\/wp-content\/uploads\/2013\/06\/vba-jh-forbn.jpg\"><img fetchpriority=\"high\" decoding=\"async\" class=\"size-medium wp-image-3642\" alt=\"Mynd: Hafli\u00f0i Brei\u00f0fj\u00f6r\u00f0\/F\u00f3tbolti.net\" src=\"http:\/\/fram.is\/wp-content\/uploads\/2013\/06\/vba-jh-forbn-300x282.jpg\" width=\"300\" height=\"282\" \/><\/a><figcaption id=\"caption-attachment-3642\" class=\"wp-caption-text\">Mynd: Hafli\u00f0i Brei\u00f0fj\u00f6r\u00f0\/F\u00f3tbolti.net<\/figcaption><\/figure>\n<p>FRAM dr\u00f3st gegn Gr\u00f3ttu \u00e1 \u00fativelli \u00ed 8-li\u00f0a \u00farslitum Borgunarbikarkeppni karla \u00ed knattspyrnu, en dregi\u00f0 var \u00ed h\u00e1deginu \u00ed dag. Sex \u00farvalsdeildarli\u00f0 voru \u00ed pottinum, eitt \u00far 1.deildinni og eitt \u00far 2.deild. Leikurinn \u00e1 Seltjarnarnesi fer fram m\u00e1nudaginn 8.j\u00fal\u00ed kl. 19.15.<\/p>\n<p><strong>Borgunarbikarkeppni karla | 8-li\u00f0a \u00farslit:<br \/>\n<\/strong>\u00cdBV &#8211; KR | Sun.7.j\u00fal\u00ed kl. 17.00<br \/>\nV\u00edkingur R. &#8211; Brei\u00f0ablik | Sun.7.j\u00fal\u00ed kl. 19.15<br \/>\nGr\u00f3tta &#8211; FRAM | M\u00e1n.8.j\u00fal\u00ed kl. 19.15<br \/>\nFylkir &#8211; Stjarnan | M\u00e1n.8.j\u00fal\u00ed kl. 19.15<\/p>\n<p>N\u00e6sti leikur FRAM \u00e1 undan bikarleiknum gegn Gr\u00f3ttu er deildarleikur gegn FH \u00ed Kaplakrika 3.j\u00fal\u00ed og n\u00e6sti \u00e1 eftir er heimaleikur gegn KR 14.j\u00fal\u00ed.<\/p>\n<p>FRAM situr sem stendur \u00ed sj\u00f6unda s\u00e6ti Pepsideildar karla, hefur unni\u00f0 \u00ferj\u00e1 af sj\u00f6 deildarleikjum s\u00ednum, gert tv\u00f6 jafntefli og tapa\u00f0 tveimur. \u00c1rangurinn \u00e1 \u00fativelli hlj\u00f3\u00f0ar upp \u00e1 tvo sigra, eitt jafntefli og eitt tap. FRAM hefur skora\u00f0 fimm m\u00f6rk \u00e1 \u00fativelli \u00ed deildinni og fengi\u00f0 \u00e1 sig anna\u00f0 eins.<br \/>\nFRAM vann Val \u00ed 32-li\u00f0a \u00farslitum Borgunarbikarkeppninnar \u00e1 \u00fativelli 2-1 og lag\u00f0i V\u00edking \u00ed \u00d3lafsv\u00edk eftir framlengdan leik og v\u00edtaspyrnukeppni \u00ed 16-li\u00f0a \u00farslitunum. \u00a0FRAM f\u00e6r \u00fev\u00ed \u00feri\u00f0ja \u00fatileikinn \u00ed Borgunarbikarkeppninni \u00ed 8-li\u00f0a \u00farslitunum.<br \/>\nGr\u00f3tta situr \u00ed \u00e1ttunda s\u00e6ti 2.deildar, hefur unni\u00f0 tvo af sex deildarleikjum s\u00ednum, gert eitt jafntefli og tapa\u00f0 \u00feremur. Gr\u00f3tta hefur spila\u00f0 tvo heimaleiki \u00ed deildinni, unni\u00f0 annan \u00feeirra og ger\u00f0i jafntefli \u00ed hinum, hefur skora\u00f0 eitt mark og ekki fengi\u00f0 neitt \u00e1 sig.<br \/>\nGr\u00f3tta vann KH \u00e1 heimavelli \u00ed 1.umfer\u00f0 Borgunarbikarkeppninnar 3-0 og lag\u00f0i St\u00e1l-\u00dalf 2-1 \u00e1 \u00fativeli \u00ed 16-li\u00f0a \u00farslitunum. \u00a0Gr\u00f3tta vann H\u00f6tt 3-1 \u00ed 32-li\u00f0a \u00farslitum og Magna 3-2 \u00ed 16-li\u00f0a \u00farslitum, en b\u00e1\u00f0ir \u00feessir leikir f\u00f3ru fram \u00e1 Gr\u00f3ttuvelli. Gr\u00f3tta hefur leiki\u00f0 \u00ferj\u00e1 heimaleiki \u00ed Borgunarbikarkeppninni og einn \u00fatileik.<\/p>\n<p>FRAM og Gr\u00f3tta hafa merkilegt nokk a\u00f0eins m\u00e6st einu sinni \u00e1\u00f0ur \u00ed kappleik \u00e1 vegum KS\u00cd. FRAM vann vi\u00f0ureign li\u00f0anna \u00ed Visabikarnum 11.j\u00fan\u00ed 2004 me\u00f0 fj\u00f3rum m\u00f6rkum gegn engu. Fr\u00f3\u00f0i Benjaminsen, \u00d3mar H\u00e1konarson, Hei\u00f0ar Geir J\u00fal\u00edusson og Kristj\u00e1n Brooks skoru\u00f0u m\u00f6rk FRAM \u00ed leiknum. R\u00edkhar\u00f0ur Da\u00f0ason, \u00fej\u00e1lfari FRAM, var \u00ed byrjunarli\u00f0inu \u00ed \u00feessum leik og Da\u00f0i Gu\u00f0mundsson kom inn \u00e1 sem varama\u00f0ur \u00ed upphafi s\u00ed\u00f0ari h\u00e1lfleiks.<\/p>","protected":false},"excerpt":{"rendered":"<p>FRAM dr\u00f3st gegn Gr\u00f3ttu \u00e1 \u00fativelli \u00ed 8-li\u00f0a \u00farslitum Borgunarbikarkeppni karla \u00ed knattspyrnu, en dregi\u00f0 var \u00ed h\u00e1deginu \u00ed dag. Sex \u00farvalsdeildarli\u00f0 voru \u00ed pottinum, eitt \u00far 1.deildinni og eitt [&hellip;]<\/p>","protected":false},"author":3,"featured_media":3641,"comment_status":"open","ping_status":"open","sticky":false,"template":"","format":"standard","meta":{"_monsterinsights_skip_tracking":false,"_monsterinsights_sitenote_active":false,"_monsterinsights_sitenote_note":"","_monsterinsights_sitenote_category":0,"_jetpack_memberships_contains_paid_content":false,"footnotes":""},"categories":[11,9],"tags":[],"class_list":["post-3640","post","type-post","status-publish","format-standard","has-post-thumbnail","hentry","category-mflkarla","category-fotbolti"],"jetpack_sharing_enabled":true,"jetpack_featured_media_url":"https:\/\/fram.is\/wp-content\/uploads\/2013\/06\/vba-jh-forbn-fors.jpg","_links":{"self":[{"href":"https:\/\/fram.is\/is\/wp-json\/wp\/v2\/posts\/3640","targetHints":{"allow":["GET"]}}],"collection":[{"href":"https:\/\/fram.is\/is\/wp-json\/wp\/v2\/posts"}],"about":[{"href":"https:\/\/fram.is\/is\/wp-json\/wp\/v2\/types\/post"}],"author":[{"embeddable":true,"href":"https:\/\/fram.is\/is\/wp-json\/wp\/v2\/users\/3"}],"replies":[{"embeddable":true,"href":"https:\/\/fram.is\/is\/wp-json\/wp\/v2\/comments?post=3640"}],"version-history":[{"count":0,"href":"https:\/\/fram.is\/is\/wp-json\/wp\/v2\/posts\/3640\/revisions"}],"wp:featuredmedia":[{"embeddable":true,"href":"https:\/\/fram.is\/is\/wp-json\/wp\/v2\/media\/3641"}],"wp:attachment":[{"href":"https:\/\/fram.is\/is\/wp-json\/wp\/v2\/media?parent=3640"}],"wp:term":[{"taxonomy":"category","embeddable":true,"href":"https:\/\/fram.is\/is\/wp-json\/wp\/v2\/categories?post=3640"},{"taxonomy":"post_tag","embeddable":true,"href":"https:\/\/fram.is\/is\/wp-json\/wp\/v2\/tags?post=3640"}],"curies":[{"name":"wp","href":"https:\/\/api.w.org\/{rel}","templated":true}]}}