{"id":36404,"date":"2023-11-04T12:02:22","date_gmt":"2023-11-04T12:02:22","guid":{"rendered":"https:\/\/fram.is\/?p=36404"},"modified":"2023-11-04T12:03:29","modified_gmt":"2023-11-04T12:03:29","slug":"gareth-owen-radinn-yfirmarkmannsthjalfara-hja-knattspyrnudeild-fram","status":"publish","type":"post","link":"https:\/\/fram.is\/is\/2023\/11\/04\/gareth-owen-radinn-yfirmarkmannsthjalfara-hja-knattspyrnudeild-fram\/","title":{"rendered":"Gareth Owen r\u00e1\u00f0inn yfirmarkmanns\u00fej\u00e1lfara hj\u00e1 knattspyrnudeild FRAM."},"content":{"rendered":"<div data-elementor-type=\"wp-post\" data-elementor-id=\"36404\" class=\"elementor elementor-36404\" data-elementor-post-type=\"post\">\n\t\t\t\t<section class=\"elementor-section elementor-top-section elementor-element elementor-element-69abc1d elementor-section-boxed elementor-section-height-default elementor-section-height-default\" data-id=\"69abc1d\" data-element_type=\"section\">\n\t\t\t\t\t\t<div class=\"elementor-container elementor-column-gap-default\">\n\t\t\t\t\t<div class=\"elementor-column elementor-col-100 elementor-top-column elementor-element elementor-element-67252e85\" data-id=\"67252e85\" data-element_type=\"column\">\n\t\t\t<div class=\"elementor-widget-wrap elementor-element-populated\">\n\t\t\t\t\t\t<div class=\"elementor-element elementor-element-25fd18b2 elementor-widget elementor-widget-text-editor\" data-id=\"25fd18b2\" data-element_type=\"widget\" data-widget_type=\"text-editor.default\">\n\t\t\t\t<div class=\"elementor-widget-container\"><p><img fetchpriority=\"high\" decoding=\"async\" class=\"size-medium wp-image-36408 alignright\" src=\"https:\/\/fram.is\/wp-content\/uploads\/2023\/11\/BestadeildinSamningurPortrait-Gareth-nytt-240x300.png\" alt=\"\" width=\"240\" height=\"300\" srcset=\"https:\/\/fram.is\/wp-content\/uploads\/2023\/11\/BestadeildinSamningurPortrait-Gareth-nytt-240x300.png 240w, https:\/\/fram.is\/wp-content\/uploads\/2023\/11\/BestadeildinSamningurPortrait-Gareth-nytt-819x1024.png 819w, https:\/\/fram.is\/wp-content\/uploads\/2023\/11\/BestadeildinSamningurPortrait-Gareth-nytt-768x960.png 768w, https:\/\/fram.is\/wp-content\/uploads\/2023\/11\/BestadeildinSamningurPortrait-Gareth-nytt-10x12.png 10w, https:\/\/fram.is\/wp-content\/uploads\/2023\/11\/BestadeildinSamningurPortrait-Gareth-nytt-800x1000.png 800w, https:\/\/fram.is\/wp-content\/uploads\/2023\/11\/BestadeildinSamningurPortrait-Gareth-nytt.png 1080w\" sizes=\"(max-width: 240px) 100vw, 240px\" \/>Me\u00f0 mikilli \u00e1n\u00e6gju \u00fe\u00e1 kynnum vi\u00f0 til leiks Gareth Owen sem yfirmarkmanns\u00fej\u00e1lfara hj\u00e1 knattspyrnudeild FRAM.<br \/><br \/>\u00deessi r\u00e1\u00f0ning er mj\u00f6g st\u00f3rt skref \u00ed \u00fev\u00ed markmi\u00f0i a\u00f0 skapa sem besta umgj\u00f6r\u00f0 fyrir okkar i\u00f0kendur. \u00c1samt \u00fev\u00ed a\u00f0 \u00fej\u00e1lfa markmenn meistaraflokks karla, kvenna og yngri flokka, \u00fe\u00e1 mun Gareth einnig vera \u00ed a\u00f0sto\u00f0arteymi R\u00fanars Kristinssonar.<br \/><br \/>Gareth er kunnugur \u00cdslandi en hann hefur starfa\u00f0 hj\u00e1 Gr\u00f3ttu s\u00ed\u00f0astli\u00f0in \u00e1r \u00fear sem hann var yfirmarkmanns\u00fej\u00e1lfari sem og a\u00f0sto\u00f0ar\u00fe\u00e1lfari meistaraflokks karla. Fyrir \u00fea\u00f0 starfa\u00f0i Gareth hj\u00e1 Chelsea og Velska knattspyrnusambandinu. Sem leikma\u00f0ur var Gareth \u00e1 m\u00e1la hj\u00e1 b\u00e6\u00f0i Sheffield United og Swansea City.<br \/><br \/>Bj\u00f3\u00f0um Gareth hjartanlega velkominn \u00ed \u00dalfars\u00e1rdalinn!<br \/><img decoding=\"async\" class=\"alignnone size-large wp-image-36408\" src=\"https:\/\/fram.is\/wp-content\/uploads\/2023\/11\/BestadeildinSamningurPortrait-Gareth-nytt-819x1024.png\" alt=\"\" width=\"800\" height=\"1000\" srcset=\"https:\/\/fram.is\/wp-content\/uploads\/2023\/11\/BestadeildinSamningurPortrait-Gareth-nytt-819x1024.png 819w, https:\/\/fram.is\/wp-content\/uploads\/2023\/11\/BestadeildinSamningurPortrait-Gareth-nytt-240x300.png 240w, https:\/\/fram.is\/wp-content\/uploads\/2023\/11\/BestadeildinSamningurPortrait-Gareth-nytt-768x960.png 768w, https:\/\/fram.is\/wp-content\/uploads\/2023\/11\/BestadeildinSamningurPortrait-Gareth-nytt-10x12.png 10w, https:\/\/fram.is\/wp-content\/uploads\/2023\/11\/BestadeildinSamningurPortrait-Gareth-nytt-800x1000.png 800w, https:\/\/fram.is\/wp-content\/uploads\/2023\/11\/BestadeildinSamningurPortrait-Gareth-nytt.png 1080w\" sizes=\"(max-width: 800px) 100vw, 800px\" \/><\/p><\/div>\n\t\t\t\t<\/div>\n\t\t\t\t\t<\/div>\n\t\t<\/div>\n\t\t\t\t\t<\/div>\n\t\t<\/section>\t\t<\/div>","protected":false},"excerpt":{"rendered":"<p>Me\u00f0 mikilli \u00e1n\u00e6gju \u00fe\u00e1 kynnum vi\u00f0 til leiks Gareth Owen sem yfirmarkmanns\u00fej\u00e1lfara hj\u00e1 knattspyrnudeild FRAM. \u00deessi r\u00e1\u00f0ning er mj\u00f6g st\u00f3rt skref \u00ed \u00fev\u00ed markmi\u00f0i a\u00f0 skapa sem besta umgj\u00f6r\u00f0 fyrir [&hellip;]<\/p>","protected":false},"author":5,"featured_media":36409,"comment_status":"closed","ping_status":"closed","sticky":false,"template":"","format":"standard","meta":{"_monsterinsights_skip_tracking":false,"_monsterinsights_sitenote_active":false,"_monsterinsights_sitenote_note":"","_monsterinsights_sitenote_category":0,"_jetpack_memberships_contains_paid_content":false,"footnotes":""},"categories":[9,11,12,13],"tags":[],"class_list":["post-36404","post","type-post","status-publish","format-standard","has-post-thumbnail","hentry","category-fotbolti","category-mflkarla","category-mflkvenna","category-yngriflokkar"],"jetpack_sharing_enabled":true,"jetpack_featured_media_url":"https:\/\/fram.is\/wp-content\/uploads\/2023\/11\/LengjudeildinSamningurbanner_Gareth-Nytt.png","_links":{"self":[{"href":"https:\/\/fram.is\/is\/wp-json\/wp\/v2\/posts\/36404","targetHints":{"allow":["GET"]}}],"collection":[{"href":"https:\/\/fram.is\/is\/wp-json\/wp\/v2\/posts"}],"about":[{"href":"https:\/\/fram.is\/is\/wp-json\/wp\/v2\/types\/post"}],"author":[{"embeddable":true,"href":"https:\/\/fram.is\/is\/wp-json\/wp\/v2\/users\/5"}],"replies":[{"embeddable":true,"href":"https:\/\/fram.is\/is\/wp-json\/wp\/v2\/comments?post=36404"}],"version-history":[{"count":4,"href":"https:\/\/fram.is\/is\/wp-json\/wp\/v2\/posts\/36404\/revisions"}],"predecessor-version":[{"id":36412,"href":"https:\/\/fram.is\/is\/wp-json\/wp\/v2\/posts\/36404\/revisions\/36412"}],"wp:featuredmedia":[{"embeddable":true,"href":"https:\/\/fram.is\/is\/wp-json\/wp\/v2\/media\/36409"}],"wp:attachment":[{"href":"https:\/\/fram.is\/is\/wp-json\/wp\/v2\/media?parent=36404"}],"wp:term":[{"taxonomy":"category","embeddable":true,"href":"https:\/\/fram.is\/is\/wp-json\/wp\/v2\/categories?post=36404"},{"taxonomy":"post_tag","embeddable":true,"href":"https:\/\/fram.is\/is\/wp-json\/wp\/v2\/tags?post=36404"}],"curies":[{"name":"wp","href":"https:\/\/api.w.org\/{rel}","templated":true}]}}